{"id":76341,"date":"2024-07-09T09:27:44","date_gmt":"2024-07-09T07:27:44","guid":{"rendered":"https:\/\/www.die-stadtzeitung.de\/?p=76341"},"modified":"2024-07-09T15:41:07","modified_gmt":"2024-07-09T13:41:07","slug":"peter-klassen-der-kuenstler-der-die-kataloge-gestaltet","status":"publish","type":"post","link":"https:\/\/www.die-stadtzeitung.de\/index.php\/2024\/07\/09\/peter-klassen-der-kuenstler-der-die-kataloge-gestaltet\/","title":{"rendered":"Peter Klassen: Der K\u00fcnstler, der die Kataloge gestaltet"},"content":{"rendered":"<div id=\"attachment_76347\" class=\"wp-caption alignnone\" style=\"max-width: 1358px;\"><img loading=\"lazy\" decoding=\"async\" class=\"wp-image-76347 size-full\" src=\"\/wp-content\/uploads\/2024\/07\/Innen.jpg\" alt=\"\" width=\"1348\" height=\"957\" \/><span class=\"wp-caption-text\">Der erfolgreiche Wuppertaler K\u00fcnstler Peter Klassen &#8211; \u00a9 S\u00fcleyman Kayaalp<\/span><\/div>\n<p>Manche Protagonisten\u00a0kennt man gut, andere weniger. Ob bekannt oder weniger bekannt: Wer ihre Portraits liest, m\u00f6chte vermutlich die eine oder den anderen pers\u00f6nlich kennenlernen. Bisher hat Matthias Dohmen an gleicher Stelle Dorothea Brandt, Klaus Burandt, Christine Flunkert, Uwe Flunkert, Heidemarie Koch, Johannes Nattland, Josa Oehme, Erika Schneider, Ingrid Schuh, Hermann Schulz, Klaus Schumann, Michael Walter und Wolf von Wedel Parlow vorgestellt.<\/p>\n<p>Peter Klassen wurde 1951 in Hagen geboren. Er studierte von 1968 bis 1973 Visuelle Kommunikation an der Gesamthochschule Wuppertal und arbeitet seitdem als Grafik-Designer. Seit 1975 entwickelte er im Rahmen der Unternehmenskommunikation der Stadtsparkasse Wuppertal Konzepte und Kampagnen. Einem gr\u00f6\u00dferen Publikum bekannt wurde er mit der Betreuung der Ausstellungsreihe \u201eKunst in der Sparkasse\u201c.<\/p>\n<h4>Wie ein Kunstkatalog entsteht<\/h4>\n<p>Mitte der 1960er-Jahre profilierte er sich als Musiker in und mit verschiedenen Bands und Projekten, beteiligte sich an zahlreichen Kunstprojekten etwa der K\u00fcnstlergruppe \u201esixpack\u201c (\u201eEin Kubikmeter Kunst auf Reisen\u201c). Und er malt freie Improvisationen, gestaltet Collagen, Loops, Bilderreihen, Arbeiten auf Leinwand, Papier und Aluminium.<\/p>\n<p>2018 erschien in eigener Sache das 232-seitige Buchprojekt \u201eDer lange Marsch\u201c. Ein Coffee Table Book \u00fcber 40 Jahre Kunstarbeit im Atelier- und Galerie-Kollektiv, 2019 in ureigenster Angelegenheit \u201ePeter Klassens Sammelalbum Kunst\u201c.<\/p>\n<p>Ein Kunst-Katalog begleitet in der Regel eine Ausstellung. Bei seiner Arbeit geht es um insgesamt \u00fcber f\u00fcnfzig Exemplare, die f\u00fcr die Reihe \u201eKunst in der Sparkasse\u201c entstanden sind. Jedes im gleichen Quer-Format, jeweils in einer Auflage von 500 St\u00fcck, herausgegeben zu den Ausstellungen in der Stadtsparkasse Wuppertal, die er seit \u00fcber zw\u00f6lf Jahren verantwortlich kuratiert.<\/p>\n<p>Schon seit den 1970er Jahren arbeitet er als Grafik-Designer sowohl f\u00fcr die Redaktion wie auch f\u00fcr die Gestaltung und Produktion der Kataloge. Peter Klassen: \u201eIn enger Abstimmung mit den K\u00fcnstlern entstehen h\u00f6chst individuelle Ideen, um ihre Kunst zu vermitteln. Manchmal werden es sogar eigene kleine Kunstwerke.\u201c<\/p>\n<div id=\"attachment_76354\" class=\"wp-caption alignnone\" style=\"max-width: 582px;\"><img loading=\"lazy\" decoding=\"async\" class=\"wp-image-76354 size-full\" src=\"\/wp-content\/uploads\/2024\/07\/2306270170.web_-2.jpg\" alt=\"\" width=\"572\" height=\"549\" \/><span class=\"wp-caption-text\">Peter Klassen mit einem seiner Werke &#8211; \u00a9 S\u00fcleyman Kayaalp<\/span><\/div>\n<p>Vom ersten Katalog an, der 1994 entstand, \u201e27 internationale K\u00fcnstler in Wuppertal\u201c, war es ihm wichtig, dass nicht nur die Kunstwerke \u201eoriginalgetreu\u201c abgebildet werden, sondern auch die Arbeitssituation der K\u00fcnstler im Atelier gezeigt wird. Denn die Kunst entsteht nicht in einem von allen Zw\u00e4ngen losgel\u00f6sten Raum, dieser Raum wird vom K\u00fcnstler selbst geschaffen. Manchmal wie in gro\u00dfz\u00fcgigen, lichtdurchfluteten R\u00e4umen, h\u00e4ufig aber unter schwierigen, r\u00e4umlich begrenzten Bedingungen. Das soll den \u201eBetrachtern\u201c auch vermittelt werden.<\/p>\n<p>Wie das vor sich geht, beschreibt Klassen so: \u201eSind erste Ideen zu einer Ausstellung entstanden, geht es auch mit den \u00dcberlegungen zum Katalog los. Je nachdem, ob es eine Einzelausstellung ist (eher selten) oder sich eine Gruppe zusammengefunden hat oder eine Konstellation verschiedener K\u00fcnstler geplant ist, werden Kunstwerke f\u00fcr die Ausstellung und den Katalog ausgesucht. Sie m\u00fcssen fotografiert werden, sinnvoll zusammengestellt und in ein Katalogkonzept eingebunden werden. Wird es einen begleitenden Text geben? Ist er hilfreich? Sind die Bilder sich selbst genug?\u201c<\/p>\n<h4>Individuelle Zusammenarbeit mit den K\u00fcnstlern<\/h4>\n<p>Die Zusammenarbeit mit den K\u00fcnstlern ist in h\u00f6chstem Ma\u00dfe individuell gepr\u00e4gt: Gibt es ein loses Konzept? Ist alles gesammelt und digitalisiert, versucht Peter Klassen einen sinnvollen Zusammenhang und Ablauf des Kataloges herauszuarbeiten. Die Fragen sind dann: Wie gro\u00df sollen die Bilder erscheinen? Soll es Ausschnitte geben? Welche Bilder eignen sich besser als andere zur Wiedergabe?<\/p>\n<p>Es ist ein st\u00e4ndiges Abw\u00e4gen und Pr\u00fcfen, aber nach einiger Zeit kristallisiert sich eine bestimmte Form heraus, die sich am besten eignet, um die Arbeit des K\u00fcnstlers wiederzugeben. Dar\u00fcber hinaus w\u00e4chst und entwickelt sich eigentlich quasi als eigenes Wesen \u2013 der Katalog. Nat\u00fcrlich sind Termine zu machen und einzuhalten: Redaktionsschluss, Abgabe der Dateien an die inzwischen ausgesuchte Druckerei.<\/p>\n<p>Letzte Korrekturen, Probedrucke werden kontrolliert, Korrektur muss gelesen werden. Dann beginnt die Herstellungsphase in der Druckerei. Es gilt die Ausf\u00fchrung des Druckes zu \u00fcberwachen, die korrekte Umsetzung der Farben ist einzuhalten, immer muss man zwischen Wunsch und technischer M\u00f6glichkeit moderieren. Immer ist es ein Prozess \u2013 in dieser Phase in enger Absprache mit dem jeweiligen Drucker. Das kann dann auch schon mal dazu f\u00fchren, dass man sich morgens fr\u00fch um vier gemeinsam mit dem K\u00fcnstler zur Fr\u00fchschicht in der Druckerei einfindet.<\/p>\n<div id=\"attachment_76353\" class=\"wp-caption alignnone\" style=\"max-width: 620px;\"><img loading=\"lazy\" decoding=\"async\" class=\"wp-image-76353 size-full\" src=\"\/wp-content\/uploads\/2024\/07\/M_7309.web_-2.jpg\" alt=\"\" width=\"610\" height=\"1078\" \/><span class=\"wp-caption-text\">An all diesen B\u00fcchern und Katalogen hat Peter Klassen mitgewirkt &#8211; \u00a9 Peter Klassen<\/span><\/div>\n<p>Danach beginnt immer eine etwas unruhige Phase: Alles scheint erledigt, eigentlich sind sich alle Beteiligten sicher, dass keine Fehler mehr auftreten werden. Der Liefertermin steht fest, der Termin zur Er\u00f6ffnung auch. Klassen: \u201eWir dr\u00fccken allen Beteiligten die Daumen. Bisher ist es noch immer gut gegangen. Auch wenn es schon mal eng geworden ist.\u201c<\/p>\n<p>Und wenn die ersten Besucher dann einen fertigen Katalog in den H\u00e4nden halten, ist man auch noch gespannt darauf, ob das auch funktioniert, was man erreichen wollte. Das Design ist wie bei jedem Handwerk gut und gelungen, \u201ewenn es nicht zu sehen ist\u201c. Peter Klassen: \u201eDer nun total entspannte Designer hat seine Arbeit ordentlich erledigt und kann sich dem n\u00e4chsten Projekt widmen. Bisher waren es \u00fcber f\u00fcnfzig Kataloge. Und daneben noch etliche weitere au\u00dferhalb dieser Reihe.\u201c<\/p>\n<p>Das letzte gr\u00f6\u00dfere Buch-Exemplar mit dem Titel \u201eDaxophonie \u2013 Hans Reichel\u201c ist in einer engen Zusammenarbeit mit dem Designer Klaus Untiet entstanden und im September 2023 im Wolke-Verlag erschienen. Er ist auf B\u00fccher zur Musik spezialisiert und vertreibt das Buch international. Das Buch ist zweisprachig angelegt und besonders beliebt in den USA. Mittlerweile gibt es eine Reihe von Rezensionen des Buchs in verschiedenen Fachzeitschriften, zuletzt in einem Beitrag im Deutschlandfunk in der Reihe \u201emilestones\u201c.<\/p>\n<p><strong>Dr. Matthias Dohmen<\/strong><\/p>\n<p>&nbsp;<\/p>\n","protected":false},"excerpt":{"rendered":"<p>\u201eUpdate\u201c hei\u00dft unsere Serie, in der Matthias Dohmen, Journalist, Dozent und Historiker, Pers\u00f6nlichkeiten aus dem Bergischen Land vorstellt. Mit alten und neuen Texten. Mit Fotos und Dokumenten. Menschen, die ihm etwas bedeuten. Diesmal steht Peter Klassen im Fokus.<\/p>\n","protected":false},"author":7,"featured_media":0,"comment_status":"open","ping_status":"open","sticky":false,"template":"","format":"standard","meta":{"footnotes":""},"categories":[29],"tags":[],"class_list":["post-76341","post","type-post","status-publish","format-standard","hentry","category-kultur"],"publishpress_future_action":{"enabled":false,"date":"2026-05-07 04:08:20","action":"change-status","newStatus":"draft","terms":[],"taxonomy":"category","extraData":[]},"publishpress_future_workflow_manual_trigger":{"enabledWorkflows":[]},"_links":{"self":[{"href":"https:\/\/www.die-stadtzeitung.de\/index.php\/wp-json\/wp\/v2\/posts\/76341","targetHints":{"allow":["GET"]}}],"collection":[{"href":"https:\/\/www.die-stadtzeitung.de\/index.php\/wp-json\/wp\/v2\/posts"}],"about":[{"href":"https:\/\/www.die-stadtzeitung.de\/index.php\/wp-json\/wp\/v2\/types\/post"}],"author":[{"embeddable":true,"href":"https:\/\/www.die-stadtzeitung.de\/index.php\/wp-json\/wp\/v2\/users\/7"}],"replies":[{"embeddable":true,"href":"https:\/\/www.die-stadtzeitung.de\/index.php\/wp-json\/wp\/v2\/comments?post=76341"}],"version-history":[{"count":6,"href":"https:\/\/www.die-stadtzeitung.de\/index.php\/wp-json\/wp\/v2\/posts\/76341\/revisions"}],"predecessor-version":[{"id":76358,"href":"https:\/\/www.die-stadtzeitung.de\/index.php\/wp-json\/wp\/v2\/posts\/76341\/revisions\/76358"}],"wp:attachment":[{"href":"https:\/\/www.die-stadtzeitung.de\/index.php\/wp-json\/wp\/v2\/media?parent=76341"}],"wp:term":[{"taxonomy":"category","embeddable":true,"href":"https:\/\/www.die-stadtzeitung.de\/index.php\/wp-json\/wp\/v2\/categories?post=76341"},{"taxonomy":"post_tag","embeddable":true,"href":"https:\/\/www.die-stadtzeitung.de\/index.php\/wp-json\/wp\/v2\/tags?post=76341"}],"curies":[{"name":"wp","href":"https:\/\/api.w.org\/{rel}","templated":true}]}}