{"id":76294,"date":"2024-07-03T17:13:52","date_gmt":"2024-07-03T15:13:52","guid":{"rendered":"https:\/\/www.die-stadtzeitung.de\/?p=76294"},"modified":"2024-07-06T11:11:13","modified_gmt":"2024-07-06T09:11:13","slug":"rat-der-stadt-wuppertal-waehlte-drei-neue-beigeordnete","status":"publish","type":"post","link":"https:\/\/www.die-stadtzeitung.de\/index.php\/2024\/07\/03\/rat-der-stadt-wuppertal-waehlte-drei-neue-beigeordnete\/","title":{"rendered":"Rat der Stadt Wuppertal w\u00e4hlte drei neue Beigeordnete"},"content":{"rendered":"<div id=\"attachment_76305\" class=\"wp-caption alignnone\" style=\"max-width: 991px;\"><img loading=\"lazy\" decoding=\"async\" class=\"wp-image-76305 size-full\" src=\"\/wp-content\/uploads\/2024\/07\/d84ce8d7988c9214d52829f6edd5a70c.jpg\" alt=\"\" width=\"981\" height=\"730\" \/><span class=\"wp-caption-text\">Die drei neuen Beigeordneten der Stadt Wuppertal: Annette Berg, Dr. Katrin Linthorst und Gunnar Ohndorf &#8211; \u00a9 Stadt Wuppertal<\/span><\/div>\n<p>\u201eAlle drei Kandidatinnen und Kandidaten bringen aus ihren bisherigen Karrieren umfassende inhaltliche und F\u00fchrungserfahrungen in ihren Themenfeldern mit und kennen auch die kommunale Praxis aus ihrem bisherigen Berufsleben\u201c, erkl\u00e4rte Oberb\u00fcrgermeister Uwe Schneidewind. \u201eMit den drei weiteren Beigeordneten entsteht ein kompetentes, gemischtes und hoch erfahrenes F\u00fchrungsteam in einem zukunftsf\u00e4higen Ressortmix. Es freut mich ungemein, dass die Stadt Wuppertal mit ihren vielen Zukunftsherausforderungen und -chancen eine solche Attraktivit\u00e4t f\u00fcr hervorragende F\u00fchrungskr\u00e4fte ausstrahlt.\u201c<\/p>\n<p>\u201eWir werden alles daf\u00fcr tun, die neuen Beigeordneten bestm\u00f6glich in ihre neuen Aufgaben einzuf\u00fchren und den Verwaltungsvorstand als Team zukunftsf\u00e4hig aufzustellen\u201c, so der Oberb\u00fcrgermeister. Nach Wahl und Antritt der neuen Beigeordneten wird der neue Verwaltungsvorstand noch im Herbst zu einer ersten ganzt\u00e4gigen Klausur zusammenkommen.<\/p>\n<h4><strong>Annette Berg<\/strong><\/h4>\n<p>Die in Wuppertal lebende Diplom-Sozialp\u00e4dagogin Annette Berg ist aktuell t\u00e4tig als Vorstandsvorsitzende und Direktorin des Sozialp\u00e4dagogischen Instituts Berlin (Stiftung SPI). In dieser Funktion verantwortet sie die strategische, organisatorische und wirtschaftliche Leitung der Stiftung SPI mit 900 Besch\u00e4ftigten in Berlin und bundesweit.<\/p>\n<p>Zuvor war sie Beigeordnete f\u00fcr Kultur, Bildung, Jugend, Sport und Integration der Stadt Gelsenkirchen; davor Leiterin des Jugendamtes bei der Stadt Essen. Die 57-j\u00e4hrige ausgebildete Erzieherin ist verheiratet und hat ein Kind.<\/p>\n<h4><strong>Dr. Katrin Linthorst<\/strong><\/h4>\n<p>Dr. Katrin Linthorst ist aktuell Beigeordnete f\u00fcr Gesundheit, Schule und Bildung des Kreises Unna. Zuvor war sie Professorin f\u00fcr Kommunale Gesundheitsf\u00f6rderung an der Hochschule f\u00fcr Angewandte Wissenschaften Coburg.<\/p>\n<p>Die 43-j\u00e4hrige begann ihr Berufsleben mit einer Ausbildung zur examinierten Krankenpflegerin. Dem folgten ein Bachelor-Studium der Gesundheitskommunikation, ein Master-Studium der Sozialwissenschaften und kommunale Erfahrungen als Fachbereichsleiterin Gesundheitsmanagement. Dr. Katrin Lindhorst \u00a0at zwei Kinder.<\/p>\n<div id=\"attachment_76299\" class=\"wp-caption alignnone\" style=\"max-width: 560px;\"><img loading=\"lazy\" decoding=\"async\" class=\"wp-image-76299\" src=\"\/wp-content\/uploads\/2024\/07\/3e28bb4a98116c650f0cabcdcd10a699.webp\" alt=\"\" width=\"550\" height=\"529\" \/><span class=\"wp-caption-text\">Oberb\u00fcrgermeister Dr. Uwe Schneidewind mit Stadtdirektor Matthias Nocke (r.) &#8211; \u00a9 Stadt Wuppertal<\/span><\/div>\n<h4><strong>Gunnar Ohndorf<\/strong><\/h4>\n<p>Gunnar Ohrndorf ist aktuell Erster und Technischer Beigeordneter der Stadt Wesseling im Rhein-Erft-Kreis. Der 52-j\u00e4hrige geb\u00fcrtige Wuppertaler hat nach einer Ausbildung zum Industriemechaniker ein Studium zum Bauingenieur absolviert.<\/p>\n<p>Auf seinem beruflichen Weg war er als F\u00fchrungskraft bei verschiedenen Kommunen und als Gesch\u00e4ftsf\u00fchrer der Stadtwerke Wesseling verantwortlich unter anderem f\u00fcr die Bereiche Tiefbau, Verkehr, Stadtplanung, Geb\u00e4udemanagement, Gr\u00fcnfl\u00e4chen, Abfallentsorgung und Abwasser, Energieversorgung und Beteiligungen. Gunnar Ohrndorf ist verheiratet und hat zwei Kinder.<\/p>\n<h4><strong>Matthias Nocke zum Stadtdirektor bestellt<\/strong><\/h4>\n<p>In derselben Sitzung wurde der langj\u00e4hrige Beigeordnete f\u00fcr Kultur und Sport &amp; Sicherheit und Ordnung, Matthias Nocke, einstimmig zum Stadtdirektor bestellt. Der Stadtdirektor vertritt den Oberb\u00fcrgermeister als Leiter der Stadtverwaltung. Zuletzt hatte Sozialdezernent Dr. Stefan K\u00fchn das Amt bis zu seinem Ausscheiden aus dem Dienst wahrgenommen.<\/p>\n<div id=\"attachment_76300\" class=\"wp-caption alignnone\" style=\"max-width: 556px;\"><img loading=\"lazy\" decoding=\"async\" class=\"wp-image-76300\" src=\"\/wp-content\/uploads\/2024\/07\/d5851c5ceb4646eff6f35ab992982b65.webp\" alt=\"\" width=\"546\" height=\"249\" \/><span class=\"wp-caption-text\">OB Dr. Uwe Schneidewind (r.) mit dem scheidenden Bau-Dezernenten Frank Meyer &#8211; \u00a9 Stadt Wuppertal<\/span><\/div>\n<h4>Baudezenrnent Frank Meyer verabschiedet<\/h4>\n<p>\u201e16 Jahre sind eine \u00c4ra\u201c, betonte Oberb\u00fcrgermeister Uwe Schneidewind beim offiziellen Stadt-Empfang zur Verabschiedung von Frank Meyer, Beigeordneter f\u00fcr Stadtentwicklung, Bauen und Mobilit\u00e4t.<\/p>\n<p>Und diese \u00c4ra w\u00fcrdigte Schneidewind, indem er besonders den Mut und die Kraft hervorhob, mit denen Frank Meyer und seine Fachleute in den Ressorts die gro\u00dfen und kleinen Stadtentwicklungs- und Verkehrsprojekte vorangebracht und realisiert haben \u2013 allen voran die Neugestaltung des D\u00f6ppersbergs und den Bau der Nordbahntrasse.<\/p>\n<p>\u201eWuppertal kann Gro\u00dfprojekte\u201c, dieses Vertrauen in die Zukunftsf\u00e4higkeit der Stadt sei in den vergangenen Jahren unter der Leitung von Frank Meyer aus seinem Gesch\u00e4ftsbereich vermittelt worden. Als Beispiele f\u00fcr Zukunftsthemen, die f\u00fcr Wuppertal bewegt wurden, nannte der OB au\u00dferdem das bereits in 2009 aufgebaute Solarkataster, das erste integrierte Klimaschutzkonzept, die Standfestigkeit im Einsatz f\u00fcr den Ausbau des \u00d6PNV und das Projekt Regiobahn, die Entstehung neuer Wohngebiete, etwa am Bergischen Plateau oder am Heubruch, das Konzept \u201eStadth\u00e4user\u201c, die Gestaltung der Park- und Gr\u00fcnanlagen mit dem Vorzeigeprojekt Nordpark oder die gro\u00dfen Fortschritte im Osten Wuppertals durch vielf\u00e4ltige integrierte Stadtentwicklungskonzepte.<\/p>\n<p>\u201eAlles Dinge, die in Wuppertal in diesen 16 Jahren auf den Weg gebracht wurden \u2013 und das unter extrem schwierigen Randbedingungen\u201c, betonte Schneidewind. Immer habe sich Frank Meyer dabei vor seine Teams gestellt, hartn\u00e4ckig um Ressourcen und f\u00fcr die Belange seiner Mitarbeiterinnen und Mitarbeiter gek\u00e4mpft.<\/p>\n<p>&nbsp;<\/p>\n","protected":false},"excerpt":{"rendered":"<p>Der Rat der Stadt hat mit gro\u00dfen Mehrheiten drei neue Beigeordnete gew\u00e4hlt. Die Leitungen der Gesch\u00e4ftsbereiche \u201eSoziales, Jugend, Schule und Integration\u201c, \u201eStadtentwicklung, Bauen und Mobilit\u00e4t\u201c sowie \u201eKlima- und Umweltschutz, Nachhaltigkeit, Gr\u00fcnfl\u00e4chen und Recht&#8220;.<\/p>\n","protected":false},"author":7,"featured_media":0,"comment_status":"open","ping_status":"open","sticky":false,"template":"","format":"standard","meta":{"footnotes":""},"categories":[26],"tags":[],"class_list":["post-76294","post","type-post","status-publish","format-standard","hentry","category-politik"],"publishpress_future_action":{"enabled":false,"date":"2026-05-08 19:26:44","action":"change-status","newStatus":"draft","terms":[],"taxonomy":"category","extraData":[]},"publishpress_future_workflow_manual_trigger":{"enabledWorkflows":[]},"_links":{"self":[{"href":"https:\/\/www.die-stadtzeitung.de\/index.php\/wp-json\/wp\/v2\/posts\/76294","targetHints":{"allow":["GET"]}}],"collection":[{"href":"https:\/\/www.die-stadtzeitung.de\/index.php\/wp-json\/wp\/v2\/posts"}],"about":[{"href":"https:\/\/www.die-stadtzeitung.de\/index.php\/wp-json\/wp\/v2\/types\/post"}],"author":[{"embeddable":true,"href":"https:\/\/www.die-stadtzeitung.de\/index.php\/wp-json\/wp\/v2\/users\/7"}],"replies":[{"embeddable":true,"href":"https:\/\/www.die-stadtzeitung.de\/index.php\/wp-json\/wp\/v2\/comments?post=76294"}],"version-history":[{"count":9,"href":"https:\/\/www.die-stadtzeitung.de\/index.php\/wp-json\/wp\/v2\/posts\/76294\/revisions"}],"predecessor-version":[{"id":76307,"href":"https:\/\/www.die-stadtzeitung.de\/index.php\/wp-json\/wp\/v2\/posts\/76294\/revisions\/76307"}],"wp:attachment":[{"href":"https:\/\/www.die-stadtzeitung.de\/index.php\/wp-json\/wp\/v2\/media?parent=76294"}],"wp:term":[{"taxonomy":"category","embeddable":true,"href":"https:\/\/www.die-stadtzeitung.de\/index.php\/wp-json\/wp\/v2\/categories?post=76294"},{"taxonomy":"post_tag","embeddable":true,"href":"https:\/\/www.die-stadtzeitung.de\/index.php\/wp-json\/wp\/v2\/tags?post=76294"}],"curies":[{"name":"wp","href":"https:\/\/api.w.org\/{rel}","templated":true}]}}