{"id":76114,"date":"2024-06-23T16:12:29","date_gmt":"2024-06-23T14:12:29","guid":{"rendered":"https:\/\/www.die-stadtzeitung.de\/?p=76114"},"modified":"2024-07-02T10:35:05","modified_gmt":"2024-07-02T08:35:05","slug":"sparkasse-wuppertal-uebernimmt-sieben-auszubildende","status":"publish","type":"post","link":"https:\/\/www.die-stadtzeitung.de\/index.php\/2024\/06\/23\/sparkasse-wuppertal-uebernimmt-sieben-auszubildende\/","title":{"rendered":"Sparkasse Wuppertal \u00fcbernimmt sieben Auszubildende"},"content":{"rendered":"<div id=\"attachment_76116\" class=\"wp-caption alignnone\" style=\"max-width: 1227px;\"><img loading=\"lazy\" decoding=\"async\" class=\"wp-image-76116 size-full\" src=\"\/wp-content\/uploads\/2024\/06\/Azubiuebernahmefeier_Sommer-2024_PM.jpg\" alt=\"\" width=\"1217\" height=\"825\" \/><span class=\"wp-caption-text\">Sieben strahlende neue Angestellte bei der Einstellungsfeier. Freuen sich \u00fcber die neuen Mitarbeiterinnen und Mitarbeiter: Axel J\u00fctz (r.), Vorstandsvorsitzender sowie Silvija Posse (l.), Leiterin der Personalabteilung und Andreas Hugendick (l.o.), Vorsitzender des Personalrats &#8211; \u00a9 Sparkasse Wuppertal<\/span><\/div>\n<p>Die \u00dcbernahmefeier fand im 16. OG des Sparkassenturms am Islandufer bei leckerem Kaffee und Kuchen statt. Herzlich gratulierten: Axel J\u00fctz, der Vorstandsvorsitzende, Silvija Posse, die Leiterin der Personalabteilung und Andreas Hugendick, Vorsitzender des Personalrats.<\/p>\n<p>In der Anfangsphase der Anstellung und auch dar\u00fcber hinaus bietet die Sparkasse Wuppertal Unterst\u00fctzung an, damit sich die jungen Leute gut ins Berufsleben einfinden und weiterentwickeln k\u00f6nnen.Dass die Ausbildungsm\u00f6glichkeiten bei der Sparkasse Wuppertal sehr vielseitig sind, sieht man an der Zusammenstellung der jungen Menschen im Raum: F\u00fcnf von ihnen sind Bankkaufleute mit je 2- oder 3-j\u00e4hriger Ausbildungszeit, die \u00fcbrigen sind Kaufleute f\u00fcr Dialogmarketing.<\/p>\n<p>Ab sofort stellt die Sparkasse Wuppertal f\u00fcr das Jahr 2025 ein. Weitere Informationen unter:<\/p>\n<p><a href=\"http:\/\/www.sparkasse-wuppertal.de\/karriere\">http:\/\/www.sparkasse-wuppertal.de\/karriere<\/a><\/p>\n","protected":false},"excerpt":{"rendered":"<p>Sieben talentierte junge Auszubildende der Sparkasse Wuppertal haben ihren Start ins Festangestelltenverh\u00e4ltnis gefeiert. \u00a0Alle Jungangestellten haben ihre Ausbildung bei der Sparkasse mit Erfolg absolviert und werden nun zum Sommer 2024 \u00fcbernommen.<\/p>\n","protected":false},"author":7,"featured_media":0,"comment_status":"open","ping_status":"open","sticky":false,"template":"","format":"standard","meta":{"footnotes":""},"categories":[22],"tags":[],"class_list":["post-76114","post","type-post","status-publish","format-standard","hentry","category-wirtschaft"],"publishpress_future_action":{"enabled":false,"date":"2026-05-05 05:01:09","action":"change-status","newStatus":"draft","terms":[],"taxonomy":"category","extraData":[]},"publishpress_future_workflow_manual_trigger":{"enabledWorkflows":[]},"_links":{"self":[{"href":"https:\/\/www.die-stadtzeitung.de\/index.php\/wp-json\/wp\/v2\/posts\/76114","targetHints":{"allow":["GET"]}}],"collection":[{"href":"https:\/\/www.die-stadtzeitung.de\/index.php\/wp-json\/wp\/v2\/posts"}],"about":[{"href":"https:\/\/www.die-stadtzeitung.de\/index.php\/wp-json\/wp\/v2\/types\/post"}],"author":[{"embeddable":true,"href":"https:\/\/www.die-stadtzeitung.de\/index.php\/wp-json\/wp\/v2\/users\/7"}],"replies":[{"embeddable":true,"href":"https:\/\/www.die-stadtzeitung.de\/index.php\/wp-json\/wp\/v2\/comments?post=76114"}],"version-history":[{"count":2,"href":"https:\/\/www.die-stadtzeitung.de\/index.php\/wp-json\/wp\/v2\/posts\/76114\/revisions"}],"predecessor-version":[{"id":76117,"href":"https:\/\/www.die-stadtzeitung.de\/index.php\/wp-json\/wp\/v2\/posts\/76114\/revisions\/76117"}],"wp:attachment":[{"href":"https:\/\/www.die-stadtzeitung.de\/index.php\/wp-json\/wp\/v2\/media?parent=76114"}],"wp:term":[{"taxonomy":"category","embeddable":true,"href":"https:\/\/www.die-stadtzeitung.de\/index.php\/wp-json\/wp\/v2\/categories?post=76114"},{"taxonomy":"post_tag","embeddable":true,"href":"https:\/\/www.die-stadtzeitung.de\/index.php\/wp-json\/wp\/v2\/tags?post=76114"}],"curies":[{"name":"wp","href":"https:\/\/api.w.org\/{rel}","templated":true}]}}