{"id":76105,"date":"2024-06-26T11:17:45","date_gmt":"2024-06-26T09:17:45","guid":{"rendered":"https:\/\/www.die-stadtzeitung.de\/?p=76105"},"modified":"2024-06-28T11:18:16","modified_gmt":"2024-06-28T09:18:16","slug":"uni-chor-und-orchester-konzert-in-der-immanuelskirche","status":"publish","type":"post","link":"https:\/\/www.die-stadtzeitung.de\/index.php\/2024\/06\/26\/uni-chor-und-orchester-konzert-in-der-immanuelskirche\/","title":{"rendered":"Uni-Chor und Orchester: Konzert in der Immanuelskirche"},"content":{"rendered":"<div id=\"attachment_76107\" class=\"wp-caption alignnone\" style=\"max-width: 910px;\"><img loading=\"lazy\" decoding=\"async\" class=\"wp-image-76107 size-full\" src=\"\/wp-content\/uploads\/2024\/06\/Chor_und_Orchester_Foto_Michael_Mutzberg.jpg\" alt=\"\" width=\"900\" height=\"601\" \/><span class=\"wp-caption-text\">Uni-Orchester und Uni-Chor geben ein Konzert in der Immanuelskirche &#8211; \u00a9 Michael Mutzberg<\/span><\/div>\n<p>F\u00fcr dramatische Momente sorgt das Uni-Orchester mit der Coriolan-Ouvert\u00fcre von Ludwig van Beethoven, die die tragische Geschichte des r\u00f6mischen Feldherrn erz\u00e4hlt. Eine Hommage an sein Heimatland komponierte Jean Sibelius mit \u201eFinlandia\u201c, die das Orchester ebenfalls \u2013 mit Unterst\u00fctzung des UNI Chores \u2013 interpretiert.<\/p>\n<p>Au\u00dferdem steht ein Medley mit den unsterblichen Songs Duke Ellingtons, Filmmusik aus \u201eHow To Train Your Dragon\u201c (Drachenz\u00e4hmen leichtgemacht) auf der Setlist. Und auch der Humor kommt nicht zu kurz mit Leroy Andersons \u201eThe Typewriter\u201c.<\/p>\n<p>Der Uni-Chor zeigt sich politisch mit dem Song \u201e#lautsein\u201c von Maybebop und zwei Songs von Taylor Swift (\u201eOnly The Young\u201c und \u201eYou\u2019re On Your Own, Kid\u201c). Au\u00dferdem im Programm: der Coldplay-Song \u201eFix You\u201c, ein Mashup der Irving Berlin-Songs \u201eSteppin\u2019 Out With My Baby\u201c und \u201ePuttin\u2019 On The Ritz\u201c sowie eine ungew\u00f6hnliche Fassung des Carol King-Songs \u201eYou\u2019ve Got A Friend\u201c.<\/p>\n<p>Auch das Barockensemble wird mit einem kleinen Concerto von Antonio Vivaldi zu h\u00f6ren sein. Alle Ensembles spielen unter der Leitung von Kirchenmusikdirektor Christoph Spengler.<\/p>\n<p><strong>Termin: <\/strong><\/p>\n<p>Konzert Uni-Orchester &amp; Uni-Chor<\/p>\n<p>Dienstag &#8211; \u00a002.07.2024 &#8211; 20 Uhr<\/p>\n<p>Immanuelskirche &#8211; Sternstra\u00dfe 73 &#8211; 42275 Wuppertal<\/p>\n<p>Vorverkauf: 10 Euro (erm.)\/12 Euro<br \/>\nAbendkasse: 12 Euro (erm.)\/14 Euro<\/p>\n<p>Kartenvorbestellung unter <a href=\"http:\/\/www.wuppertal-live.de\">www.wuppertal-live.de<\/a><\/p>\n<p>&nbsp;<\/p>\n","protected":false},"excerpt":{"rendered":"<p>Zum Ende des Sommersemesters pr\u00e4sentieren sich Chor und Orchester der Bergischen Universit\u00e4t am Dienstag (02.07.) um 20 Uhr im Kulturzentrum Immanuelskirche mit einem \u00a0abwechslungsreichen Programm.<\/p>\n","protected":false},"author":7,"featured_media":0,"comment_status":"open","ping_status":"open","sticky":false,"template":"","format":"standard","meta":{"footnotes":""},"categories":[29],"tags":[],"class_list":["post-76105","post","type-post","status-publish","format-standard","hentry","category-kultur"],"publishpress_future_action":{"enabled":false,"date":"2026-05-07 04:09:11","action":"change-status","newStatus":"draft","terms":[],"taxonomy":"category","extraData":[]},"publishpress_future_workflow_manual_trigger":{"enabledWorkflows":[]},"_links":{"self":[{"href":"https:\/\/www.die-stadtzeitung.de\/index.php\/wp-json\/wp\/v2\/posts\/76105","targetHints":{"allow":["GET"]}}],"collection":[{"href":"https:\/\/www.die-stadtzeitung.de\/index.php\/wp-json\/wp\/v2\/posts"}],"about":[{"href":"https:\/\/www.die-stadtzeitung.de\/index.php\/wp-json\/wp\/v2\/types\/post"}],"author":[{"embeddable":true,"href":"https:\/\/www.die-stadtzeitung.de\/index.php\/wp-json\/wp\/v2\/users\/7"}],"replies":[{"embeddable":true,"href":"https:\/\/www.die-stadtzeitung.de\/index.php\/wp-json\/wp\/v2\/comments?post=76105"}],"version-history":[{"count":2,"href":"https:\/\/www.die-stadtzeitung.de\/index.php\/wp-json\/wp\/v2\/posts\/76105\/revisions"}],"predecessor-version":[{"id":76108,"href":"https:\/\/www.die-stadtzeitung.de\/index.php\/wp-json\/wp\/v2\/posts\/76105\/revisions\/76108"}],"wp:attachment":[{"href":"https:\/\/www.die-stadtzeitung.de\/index.php\/wp-json\/wp\/v2\/media?parent=76105"}],"wp:term":[{"taxonomy":"category","embeddable":true,"href":"https:\/\/www.die-stadtzeitung.de\/index.php\/wp-json\/wp\/v2\/categories?post=76105"},{"taxonomy":"post_tag","embeddable":true,"href":"https:\/\/www.die-stadtzeitung.de\/index.php\/wp-json\/wp\/v2\/tags?post=76105"}],"curies":[{"name":"wp","href":"https:\/\/api.w.org\/{rel}","templated":true}]}}