{"id":76016,"date":"2024-06-25T14:35:48","date_gmt":"2024-06-25T12:35:48","guid":{"rendered":"https:\/\/www.die-stadtzeitung.de\/?p=76016"},"modified":"2024-06-25T14:35:48","modified_gmt":"2024-06-25T12:35:48","slug":"bayer-startfestival-publikum-feierte-weltstar-ute-lemper","status":"publish","type":"post","link":"https:\/\/www.die-stadtzeitung.de\/index.php\/2024\/06\/25\/bayer-startfestival-publikum-feierte-weltstar-ute-lemper\/","title":{"rendered":"Bayer \u201estARTfestival\u201c: Publikum feierte Weltstar Ute Lemper"},"content":{"rendered":"<div id=\"attachment_76018\" class=\"wp-caption alignnone\" style=\"max-width: 1737px;\"><img loading=\"lazy\" decoding=\"async\" class=\"wp-image-76018 size-full\" src=\"\/wp-content\/uploads\/2024\/06\/2024-0109-2.jpg\" alt=\"\" width=\"1727\" height=\"1245\" \/><span class=\"wp-caption-text\">Weltstar Ute Lemper beim Signieren im Erholungshaus in Leverkusen &#8211; \u00a9 Bayer AG<\/span><\/div>\n<p>\u201eDas \u00fcberw\u00e4ltigend positive Feedback hat dieses Jahr erneut unseren eingeschlagenen Weg best\u00e4tigt,\u201c freut sich Thomas Helfrich, Leiter von Bayer Kultur. Von April bis Juni bot das Festival ein vielf\u00e4ltiges und hochkar\u00e4tiges Kulturprogramm. In Leverkusen, Wuppertal, Berlin und auf der Wartburg in Eisenach begab sich das Publikum auf eine spannende Reise durch verschiedene Musik- und Kunstgenres.<\/p>\n<p>\u201eWir m\u00f6chten au\u00dfergew\u00f6hnliche Musik und Formate erlebbar machen, die im \u00fcblichen Konzertbetrieb nur selten vorkommen. Ob Weltstars oder neue Talente: Bei uns treten K\u00fcnstlerpers\u00f6nlichkeiten auf, die sich gerne selbst herausfordern und ihrem Publikum etwas zutrauen.\u201c<\/p>\n<h4>Die H\u00f6hepunkte des Festivals<\/h4>\n<p>Der bislang in Deutschland noch unbekannte Musiker Joshua Williams aus Atlanta \u00fcberzeugte mit seinem innovativen Umgang mit der Tuba. Gemeinsam mit Tuba-Berserker Andreas Martin Hofmeir und dessen Ensemble brachte das derzeit j\u00fcngste \u201estARTacademy\u201c-Talent die G\u00e4ste im Leverkusener Erholungshaus zum Tanzen.<\/p>\n<div id=\"attachment_76019\" class=\"wp-caption alignnone\" style=\"max-width: 660px;\"><img loading=\"lazy\" decoding=\"async\" class=\"wp-image-76019 size-full\" src=\"\/wp-content\/uploads\/2024\/06\/2024-0109-3.jpg\" alt=\"\" width=\"650\" height=\"560\" \/><span class=\"wp-caption-text\">Tubist und &#8222;stARTacademy&#8220;-Stipendat Joshua Williams &#8211; \u00a9 Bayer AG<\/span><\/div>\n<p>\u201eDer Abend hat gezeigt, dass unser Konzept aufgeht,\u201c sagt Festivalleiter Christoph B\u00f6hmke. \u201eDas Publikum wei\u00df die Qualit\u00e4t und Vielfalt unseres Programms zu sch\u00e4tzen. Es vertraut darauf, dass es beim \u201estARTfestival\u201c eine gute und inspirierende Zeit hat und ist neugierig.\u201c<\/p>\n<p>Das Festival zeichnete sich durch die Teilnahme weiterer internationaler und preisgekr\u00f6nter Talente der \u201estARTacademy\u201c aus: Die israelische Dirigentin Bar Avni, der georgische Pianist Giorgi Gigashvili, Geiger Tobias Feldmann und die Pianistin Tamar Beraia pr\u00e4sentierten sich im Erholungshaus in perfektem Zusammenspiel.<\/p>\n<h4>Fantastisches Konzert der Violinistin Patricia Kopatchinskaja<\/h4>\n<p>Die \u00e4gyptische Sopranistin Fatma Said feierte gemeinsam mit \u201eKlarinettenk\u00f6nigin\u201c Sabine Meyer und dem schottischen Pianisten Malcolm Martineau auf der Wartburg das 30-j\u00e4hrige Bestehen des Bayer-Standortes Weimar mit einem beeindruckenden Konzert.<\/p>\n<div id=\"attachment_76025\" class=\"wp-caption alignnone\" style=\"max-width: 660px;\"><img loading=\"lazy\" decoding=\"async\" class=\"wp-image-76025 size-full\" src=\"\/wp-content\/uploads\/2024\/06\/2024-0109-61.jpg\" alt=\"\" width=\"650\" height=\"411\" \/><span class=\"wp-caption-text\">Die begnadete \u00e4gyptische Sopranistin Fatma Said bei ihrem gefeierten Auftritt in der Wartburg \u2013 \u00a9 Bayer AG<\/span><\/div>\n<p>Als echter Weltstar begeisterte Grande Dame Ute Lemper das Leverkusener Publikum gemeinsam mit dem WDR-Funkhausorchester K\u00f6ln. Der Abend, an dem sie Lieder von Kurt Weill und Hanns Eisler pr\u00e4sentierte, war bereits im Vorfeld ausverkauft. Wuppertal erlebte die fantastische Violinistin Patricia Kopatchinskaja, die das Publikum mit ihrem Temperament begeisterte. Auch Frank-Peter Zimmermann wurde dort mit kr\u00e4ftigem \u00a0Applaus gefeiert.<\/p>\n<p>Philippe Kratz, geb\u00fcrtiger Leverkusener und international gefragter Choreograf, pr\u00e4sentierte in seiner Heimatstadt seine Choreografie \u201eThe Red Shoes\u201c gemeinsam mit dem \u201eNuovo Balletto Di Toscana\u201c erstmals in Deutschland.<\/p>\n<p>Eine exklusive Premiere lieferte das Bundesjugendballett mit einer Choreografie zu Arnold Sch\u00f6nbergs wagemutiger Komposition \u201eVerkl\u00e4rte Nacht\u201c. Umrahmt wurde sie durch zwei kongeniale Kompositionen von Erich Korngold und einer Choreografie zu Samuel Barbers \u201eAdagio for Strings\u201c<\/p>\n<h4>Spielwiesen und multimediale Erlebnisse<\/h4>\n<p>Im Liegen und mit Blick auf ein Farbenspiel im B\u00fchnenturm des Erholungshauses bekam das Publikum Bearbeitungen von Werken aus verschiedenen Musik-Epochen von Bach bis Sch\u00f6nberg von der Pianistin Beatrice Berrut zu h\u00f6ren. Das Manchester Collective kombinierte Elektronik und Klassik und lie\u00df das Publikum unter einem leuchtenden Oktagon in das Kunstwerk von Mark Rothko eintauchen.<\/p>\n<div id=\"attachment_76022\" class=\"wp-caption alignnone\" style=\"max-width: 660px;\"><img loading=\"lazy\" decoding=\"async\" class=\"wp-image-76022 size-full\" src=\"\/wp-content\/uploads\/2024\/06\/2024-0109-5-1.jpg\" alt=\"\" width=\"650\" height=\"487\" \/><span class=\"wp-caption-text\">Familienkonzert \u201eDie erste Walpurgnisnacht\u201c mit Marc Schw\u00e4mmlein &#8211; \u00a9 Bayer AG<\/span><\/div>\n<p>Die polnische Singer-Songwriterin Mary Komasa bekam die \u201eCarte Blanche\u201c von Bayer Kultur: Mit ihrem Programm \u201eMigrating Chopin\u201c kleidete sie klassische Musik in ein modernes elektronisches Gewand.<\/p>\n<p>\u201eAls Musiker m\u00fcssen wir oft Mainstream-Genres bedienen, denn kaum jemand will noch kreative Risiken eingehen. Ich bin dem Team von Bayer Kultur dankbar, dass wir etwas v\u00f6llig Neues schaffen durften und dass es mit seiner Arbeit eine lebendige und vielf\u00e4ltige Musiklandschaft f\u00f6rdert,\u201c betonte Komasa nach ihrem Konzert.<\/p>\n<h4>Abschluss und Ausblick auf 2025<\/h4>\n<p>Das \u201estARTfestival\u201c endete mit einem furiosen Familienkonzert der Bayer-Philharmoniker im Erholungshaus. Es wurde durch ein live gemaltes B\u00fchnenbild des K\u00fcnstlers Marc Schw\u00e4mmlein begleitet und brachte die Atmosph\u00e4re der Walpurgisnacht eindrucksvoll auf die B\u00fchne.<\/p>\n<p>Im Mai 2025 geben gleich zwei \u201estARTacademy\u201c-Talente ihr Deb\u00fctkonzert als Solisten beim \u201estARTfestival\u201c: Der brasilianische Geiger Guido Sant\u2019Anna bringt das NEOJIB\u00c1 Youth Orchestra of Bahia nach Wuppertal.<\/p>\n<div id=\"attachment_76023\" class=\"wp-caption alignnone\" style=\"max-width: 660px;\"><img loading=\"lazy\" decoding=\"async\" class=\"wp-image-76023 size-full\" src=\"\/wp-content\/uploads\/2024\/06\/2024-0109-4.jpg\" alt=\"\" width=\"650\" height=\"440\" \/><span class=\"wp-caption-text\">Die Stipendiaten und Alumni (v.l.) Tamar Beraia, Giorgi Gigashvili, Bar Avni und Tobias Feldmann &#8211; \u00a9 Bayer AG<\/span><\/div>\n<p>Joshua Williams und das Symphonieorchester Flandern sind ebenfalls dort zu erleben. Das deutsche Streichquartett-Ensemble Vision String Quartett bringt im selben Monat unter anderem das Werk von Schostakowitsch nach Leverkusen.<\/p>\n<p>Tickets f\u00fcr Mai 2025 gibt es ab sofort auf k\u00f6lnticket.de und an allen bekannten Vorverkaufsstellen. Das gesamte Programm erscheint Ende Oktober 2024.<\/p>\n<p><strong>Link zur Webseite der Bayer AG:<\/strong><\/p>\n<p><a href=\"http:\/\/www.bayer.com\">http:\/\/www.bayer.com<\/a><\/p>\n<p>&nbsp;<\/p>\n","protected":false},"excerpt":{"rendered":"<p>Echte Weltstars, gro\u00dfe Nachwuchstalente und einzigartige Formate \u2013 mit zehn ausverkauften Veranstaltungen und rund 10.000 Besucherinnen und Besuchern etabliert sich das \u201estARTfestival\u201c immer mehr als feste Gr\u00f6\u00dfe in der deutschen Festivallandschaft. Drei Veranstaltungen f\u00fcr 2025 sind bereits im Vorverkauf.<\/p>\n","protected":false},"author":7,"featured_media":0,"comment_status":"open","ping_status":"open","sticky":false,"template":"","format":"standard","meta":{"footnotes":""},"categories":[29],"tags":[],"class_list":["post-76016","post","type-post","status-publish","format-standard","hentry","category-kultur"],"publishpress_future_action":{"enabled":false,"date":"2026-05-07 14:51:25","action":"change-status","newStatus":"draft","terms":[],"taxonomy":"category","extraData":[]},"publishpress_future_workflow_manual_trigger":{"enabledWorkflows":[]},"_links":{"self":[{"href":"https:\/\/www.die-stadtzeitung.de\/index.php\/wp-json\/wp\/v2\/posts\/76016","targetHints":{"allow":["GET"]}}],"collection":[{"href":"https:\/\/www.die-stadtzeitung.de\/index.php\/wp-json\/wp\/v2\/posts"}],"about":[{"href":"https:\/\/www.die-stadtzeitung.de\/index.php\/wp-json\/wp\/v2\/types\/post"}],"author":[{"embeddable":true,"href":"https:\/\/www.die-stadtzeitung.de\/index.php\/wp-json\/wp\/v2\/users\/7"}],"replies":[{"embeddable":true,"href":"https:\/\/www.die-stadtzeitung.de\/index.php\/wp-json\/wp\/v2\/comments?post=76016"}],"version-history":[{"count":3,"href":"https:\/\/www.die-stadtzeitung.de\/index.php\/wp-json\/wp\/v2\/posts\/76016\/revisions"}],"predecessor-version":[{"id":76026,"href":"https:\/\/www.die-stadtzeitung.de\/index.php\/wp-json\/wp\/v2\/posts\/76016\/revisions\/76026"}],"wp:attachment":[{"href":"https:\/\/www.die-stadtzeitung.de\/index.php\/wp-json\/wp\/v2\/media?parent=76016"}],"wp:term":[{"taxonomy":"category","embeddable":true,"href":"https:\/\/www.die-stadtzeitung.de\/index.php\/wp-json\/wp\/v2\/categories?post=76016"},{"taxonomy":"post_tag","embeddable":true,"href":"https:\/\/www.die-stadtzeitung.de\/index.php\/wp-json\/wp\/v2\/tags?post=76016"}],"curies":[{"name":"wp","href":"https:\/\/api.w.org\/{rel}","templated":true}]}}