{"id":75999,"date":"2024-06-26T15:00:33","date_gmt":"2024-06-26T13:00:33","guid":{"rendered":"https:\/\/www.die-stadtzeitung.de\/?p=75999"},"modified":"2024-06-26T16:58:32","modified_gmt":"2024-06-26T14:58:32","slug":"bhc-abgaenge-von-stutzke-und-ladefoged-schmerzen","status":"publish","type":"post","link":"https:\/\/www.die-stadtzeitung.de\/index.php\/2024\/06\/26\/bhc-abgaenge-von-stutzke-und-ladefoged-schmerzen\/","title":{"rendered":"BHC: Stutzke, Ladefoged und Andersen gehen &#8211; drei kommen"},"content":{"rendered":"<div class=\"textLayer\" data-main-rotation=\"0\">\n<div id=\"attachment_69920\" class=\"wp-caption alignnone\" style=\"max-width: 2570px;\"><img loading=\"lazy\" decoding=\"async\" class=\"size-full wp-image-69920\" src=\"\/wp-content\/uploads\/2023\/11\/Classen-11-11-2023-375-scaled.jpg\" alt=\"\" width=\"2560\" height=\"1704\" \/><span class=\"wp-caption-text\">Hatte leider nicht oft genug zum Jubeln: Mads Kjeldgaard Andersen (M.), er verl\u00e4sst den BHC bereits wieder\u00a0 &#8211; \u00a9 Jochen Classen<\/span><\/div>\n<p>Mit Julian Fuchs, Joshua Thiele und Gerdas Babarskas und stehen drei weitere Neuzug\u00e4nge beim BHC fest. Dagegen werden Lukas Stutzke, Frederik Ladefoged und Isak Persson den Bundesliga-Abstieger verlassen.<\/p>\n<\/div>\n<div class=\"textLayer\" data-main-rotation=\"0\">\n<p>Mit Julian Fuchs kann der Bergische HC zur neuen Spielzeit ein deutsches Linksh\u00e4nder-Talent bis Sommer 2026 unter Vertrag nehmen. Der 23j\u00e4hrige Rechtsau\u00dfen, der in der abgelaufenen Spielzeit von der MT Melsungen auf Leihbasis f\u00fcr die HSG Wetzlar auflief, bekam bei den Mittelhessen in insgesamt 30 Partien seine Einsatzzeiten und konnte 13 Treffer erzielen.<\/p>\n<h4>Julian Fuchs soll Rechtsau\u00dfen Isak Persson ersetzen<\/h4>\n<p>\u201eIch freue mich sehr, dass der Wechsel zum BHC geklappt hat und ich kann es kaum erwarten den Club und meine neue Mannschaft kennenzulernen\u201c, freut sich Julian Fuchs auf die neue Herausforderung und hat ein klares Ziel vor Augen: \u201eIch hoffe sehr, dass wir unsere gemeinsamen Ziele erreichen werden und bald wieder in der ersten Liga auf Punktejagd gehen k\u00f6nnen.\u201c<\/p>\n<p>\u201eJulian Fuchs wird Isak Persson ersetzen und gemeinsam mit Yannick Fraatz das Gespann auf Rechtsau\u00dfen bilden. Er ist ein schneller, dynamischer Spieler, der noch ganz viel Entwicklungspotential hat, was er abrufen m\u00f6chte und daf\u00fcr in jeder Trainingseinheit brennen wird. Solche Spieler ben\u00f6tigt man immer, vor allem aber in der kommenden Saison und wir sind froh, dass Julian trotz anderer Anfragen geduldig abgewartet hat, wie die Entwicklungen rund um das Schiedsverfahren waren\u201c, zeigt sich Fabian Gutbrod zufrieden \u00fcber den gelungenen Transfer.<\/p>\n<div id=\"attachment_61526\" class=\"wp-caption alignnone\" style=\"max-width: 709px;\"><img loading=\"lazy\" decoding=\"async\" class=\"wp-image-61526 \" src=\"\/wp-content\/uploads\/2023\/03\/Stutzke-2-Jichen-Classen--scaled.jpg\" alt=\"\" width=\"699\" height=\"466\" \/><span class=\"wp-caption-text\">Auch Lukas Stutzke (M.) m\u00f6chte lieber in der Bundesliga auf der Platte stehen &#8211; \u00a9 Archivfoto Jochen Classen<\/span><\/div>\n<p>Der neue Sportliche Leiter des BHC weiter: \u201eIm Falle des endg\u00fcltig feststehenden Abstieges in die 2. Handball Bundesliga wollten wir uns auf dieser Position ver\u00e4ndern und Julian seinerseits unbedingt in Bergische Land wechseln. An dieser Stelle geht ein ganz herzlicher Dank an Michael Allendorf und die MT Melsungen, die Julian aus seinem laufenden Vertrag heraus den Wechsel zum BHC m\u00f6glich gemacht haben.\u201c<\/p>\n<p>Als Verst\u00e4rkung f\u00fcr die Kreismitte wechselt Joshua Thiele (27) vom Erstligaaufsteiger 1. VfL Potsdam bis zum Sommer 2026 ins Bergische Land. Von seinem Heimatverein Buxtehuder SV ging es \u00fcber die Jugend des TSV Hannover Burgdorf samt Profideb\u00fct bei den Recken im Sommer 2020 zu GWD Minden und schlie\u00dflich 2022 nach Potsdam, wo der Rechtsh\u00e4nder in der Aufstiegssaison in 27 Partien 11 Tore mit einer Trefferquote von 85 Prozent erzielte.<\/p>\n<h4>Joshua Thiele weiss, wie man aufsteigt<\/h4>\n<p>\u201eDen BHC habe ich pers\u00f6nlich immer mit der ersten Liga verbunden. Abstiege in die zweite Bundesliga wurden schnell aufgefangen und der Verein ist st\u00e4rker geworden. Die Fans haben aus meiner Wahrnehmung stets einen guten R\u00fcckhalt gegeben und sind mit dem Club durch dick und d\u00fcnn gegangen\u201c, beschreibt Joshua Thiele die Wahrnehmung zu seinem neuen Club. \u201eNach der letzten Saison geht es darum diese Loyalit\u00e4t zur\u00fcckzuzahlen und den Zuschauerinnen und Zuschauern einen Grund zum Feiern zu geben. Die Mannschaft ist stark f\u00fcr die zweite Liga und hat viel Potential, was noch ausgesch\u00f6pft werden muss. Pers\u00f6nlich m\u00f6chte ich mich stetig weiter entwickeln und meinem Team mit der Erfahrung aus den h\u00f6chsten deutschen Spielklassen helfen.\u201c<\/p>\n<div id=\"attachment_75553\" class=\"wp-caption alignnone\" style=\"max-width: 710px;\"><img loading=\"lazy\" decoding=\"async\" class=\"wp-image-75553\" src=\"\/wp-content\/uploads\/2024\/06\/20240605BHCTrioGutbrodGunnarssonPutz.jpg\" alt=\"\" width=\"700\" height=\"437\" \/><span class=\"wp-caption-text\">Haben alle H\u00e4nde voll zu tun, um eine schlagkr\u00e4ftige Mannschaft in der 2. Handball-Bundesliga aufs Feld schicken zu k\u00f6nnen: (v.l.) Die beiden Trainer Markus P\u00fctz und Anor Thor Gunnarsson sowie Fabian Gutbrod, der neue Sportliche Leiter des BHC &#8211; \u00a9 Archivfoto Jochen Classen<\/span><\/div>\n<p>\u201eJoshua passt perfekt in die Spiel- und Taktikidee von Arnor und Markus, verteidigt clever und hat als Kreisl\u00e4ufer seine St\u00e4rken im Laufspiel. Er verf\u00fcgt \u00fcber sehr viel Erfahrung, die er j\u00fcngst beim Aufstieg des VfL Potsdam in die erste Liga eingebracht hat &#8211; er wei\u00df also wie es geht. In den Gespr\u00e4chen ist sehr schnell klar geworden, was er von uns erwartet und wir von ihm. Das passt sehr gut zusammen und deswegen freuen wir uns sehr auf mindestens zwei Jahre mit Joshua\u201c, kommentiert Fabian Gutbrod den weiteren Neuzugang.<\/p>\n<h4>Litauer Gerdas Babarskas kommt aus Frankreich<\/h4>\n<\/div>\n<p>Gerdas Babarskas (30), geb\u00fcrtiger Litauer, spielt seit 2018 in der ersten franz\u00f6sischen Liga \u2013 zun\u00e4chst vier Jahre bei Chamb\u00e9ry Savoie HB, ehe er zur Saison 2022 zum Ligakonkurrenten Pays d\u2019Aix UC wechselte. Neben dem Pokalsieg mit Chambery sammelte der 1,97 m gro\u00dfe und 94 kg schwere R\u00fcckraumlinke mit beiden Clubs bereits internationale Erfahrung im EHF Cup und der EHF European League.<\/p>\n<p>Vor seiner Zeit in Frankreich lief Babarskas drei Jahre in der 2. Handball-Bundesliga f\u00fcr die SG BBM Bietigheim auf und erzielte in 110 Partien insgesamt 382 Tore. \u201eIch bin sehr froh dar\u00fcber, zum BHC zu wechseln &#8211; einem Club mit sehr vielen Ambitionen und gro\u00dfen Zielen. Damit konnte ich mich gleich identifizieren und ich wollte zur\u00fcck nach Deutschland kommen, dort um den Aufstieg spielen und in die erste Liga zur\u00fcckkehren\u201c, hat Gerdas Babarskas, der bei den L\u00f6wen einen Dreijahresvertrag unterzeichnet hat, ein klares Ziel vor Augen.<\/p>\n<p>\u201eGerdas ist ein international erfahrener Spieler, der in Bietigheim bereits auch in der 2. Liga gespielt hat und nun nach sechs Jahren in der franz\u00f6sischen ersten Liga den Weg zur\u00fcck nach Deutschland gefunden hat. Er ist ein Verteidiger mit ganz viel Qualit\u00e4t und wird so im Innenblock 1:1 die Aufgabe von Lukas Stutzke \u00fcbernehmen. Im Angriff spielt er im linken R\u00fcckraum und verf\u00fcgt \u00fcber Qualit\u00e4ten im Tempospiel\u201c, freut sich Fabian Gutbrod \u00fcber die Verpflichtung eines erfahrenen Akteurs.<\/p>\n<p>Ein starkes Signal sendet auch Torh\u00fcter Christopher Rudeck, der nach nunmehr neun Jahren im L\u00f6wen-Trikot trotz Abstieges in die 2. Handball-Bundesliga auch in der kommenden Spielzeit seinem Club treu bleibt. \u201eRudi hat uns bereits fr\u00fch seine Bereitschaft signalisiert, dass er sich auch bei einem Abstieg den Verbleib beim BHC sehr gut vorstellen kann. Damit geht er nun in seine zehnte Saison bei uns und zeigt, dass sein Herz absolut f\u00fcr die L\u00f6wen schl\u00e4gt. Er hat den Weg des Clubs deutlich mitgepr\u00e4gt und wenn wir \u00fcber Identit\u00e4t sprechen, dann braucht es genau solche Spieler wie Rudi, die den Weg in Liga Zwei mit uns gehen und bereit sind Dinge besser zu machen, als in der Vergangenheit\u201c, adelt Fabian Gutbrod eines der verbleibenden BHC-Urgesteine neben Tomas Babak und Yannick Fraatz. \u201eSein Verbleib gibt uns auch weiterhin viel sportliche Qualit\u00e4t und wir werden mit Rudi und Lukas Diedrich ein sehr gutes Torh\u00fctergespann f\u00fcr die zweite Liga stellen k\u00f6nnen.\u201c<\/p>\n<div id=\"attachment_71041\" class=\"wp-caption alignnone\" style=\"max-width: 666px;\"><img loading=\"lazy\" decoding=\"async\" class=\"wp-image-71041 \" src=\"\/wp-content\/uploads\/2023\/12\/Frederik-Ladefoged-classen-2-scaled-1.jpg\" alt=\"\" width=\"656\" height=\"424\" \/><span class=\"wp-caption-text\">Auf Tore von Frederik Ladefoged mu\u00df der BHC in der neuen Saison verzichten. Der ambitionierte Kreisl\u00e4ufer wollte den Weg in die 2. Handball-Bundesliga nicht mitgehen &#8211; \u00a9 Archiv-Foto Jochen Classen<\/span><\/div>\n<p>Neben Spielern, die aus dem bisherigen Kader bereit sind, den Weg in die 2. Liga mitzugehen und bereits feststehenden Neuzug\u00e4ngen sind auch weitere Abg\u00e4nge fix. So konnte mit Lukas Stutzke, Frederik Ladefoged und Mads Kjeldgaard Andersen keine Einigung \u00fcber einen Kontrakt f\u00fcr die 2. Handball-Bundesliga erzielt werden, w\u00e4hrend Isak Persson in den sportlichen Planungen f\u00fcr die kommende Saison keine Rolle mehr spielte und die Verantwortlichen eine Ver\u00e4nderung vornehmen wollten.<\/p>\n<div class=\"textLayer\" data-main-rotation=\"0\">\n<h4>Klare Worte von Fabian Gudbrot<\/h4>\n<p>Fabian Gutbrod \u00fcber die Abg\u00e4nge von Lukas Stutzke und Frederik Ladefoged: \u201eAlle im Verein h\u00e4tten Lukas und Fred gerne auch n\u00e4chste Saison weiter im Trikot des Bergischen HC gesehen. Lukas hat sich leider dagegen entscheiden, was ich sehr bedauere, da wir nicht unwesentlich an seiner Entwicklung beteiligt gewesen sind. Die Entscheidung ist nun ein Prozess, der im Profisport immer wieder vorkommen wird. Gleiches gilt f\u00fcr Fred, aber auch er wollte leider nicht den Weg in die zweite Liga mitgehen. In den vergangenen zwei Jahren hat er sich schnell zu einem F\u00fchrungsspieler entwickelt &#8211; auf und neben der Platte. Um so bedauerlicher, dass wir ihn hier nicht halten konnten.&#8220;<\/p>\n<p>Auch der d\u00e4nische R\u00fcckraumlinke Mads Kjeldgaard Andersen geht. Er hatte die vorgelegten Angebote f\u00fcr einen Vertrag in der 2. Handball-Bundesliga abgesagt und seinen Wechsel zum d\u00e4nischen Erstligisten Fredericia Handboldklub angek\u00fcndigt.<\/p>\n<p>Fabian Gutbrod zum Verlauf und Ergebnis der Vertragsverhandlungen: \u201eIch bin davon \u00fcberzeugt, dass Mads ein sehr guter Handballspieler ist und auch mehr zeigen kann als das, was wir in der abgelaufenen Saison erlebt haben. Nichtsdestotrotz haben wir uns intern einen Rahmen gesteckt, wie wir bei Neuverpflichtungen und Vertragsverl\u00e4ngerungen in Zukunft vorgehen m\u00f6chten und dies bereits bei den aktuellen Personalentscheidungen nun mit voller \u00dcberzeugung gelebt. Wir gehen den Weg gemeinsam mit denen, die wir haben oder halten wollen, die aber auch selbst klar signalisieren kommen oder bleiben zu wollen. F\u00fcr seinen weiteren sportlichen Weg w\u00fcnschen wir Mads alles erdenklich Gute und bedanken uns f\u00fcr seinen Einsatz.\u201c Klare Worte des neuen Sportlichen Leiters des BHC.<\/p>\n<h4>Isak Persson hatte keine Perspektive mehr beim BHC<\/h4>\n<p>Fabian Gutbrod \u00fcber den Abschied von Isak Persson: &#8222;Bei Isak haben wir eine sportliche Entscheidung getroffen, nicht mit ihm in die zweite Liga zu gehen, da er leider eine sehr durchwachsene Saison hinter sich hatte und nicht immer gl\u00fccklich agiert hat. So waren wir uns in der sportlichen Planung relativ schnell einig, uns auf Rechtsau\u00dfen ver\u00e4ndern zu wollen. Allen Dreien gilt unser Dank f\u00fcr die Zeit und den Einsatz im BHC-Trikot und w\u00fcnschen ihnen pers\u00f6nlich und sportlich alles erdenklich Gute auf ihrem weiteren Karriereweg.&#8220;<\/p>\n<p>&nbsp;<\/p>\n<\/div>\n<div data-main-rotation=\"0\"><\/div>\n<div class=\"textLayer\" data-main-rotation=\"0\"><\/div>\n<div class=\"textLayer\" data-main-rotation=\"0\"><\/div>\n","protected":false},"excerpt":{"rendered":"<p>Zwei Zug\u00e4nge und drei Abg\u00e4nge sind beim BHC fix! Viel zu tun f\u00fcr Fabian Gutbrod, neuer sportlicher Leiter der Bergischen L\u00f6wen. Er mu\u00df  nach dem Vergleich vor dem Schiedsgericht nun endg\u00fcltig einen Zweitliga-Kader f\u00fcr die Saison 2024\/25 zusammenstellen. Besonders die Abg\u00e4nge von Lukas Stutzke, Frederik Ladefoged und Mads Kjeldgaard Andersen schmerzen. <\/p>\n","protected":false},"author":7,"featured_media":0,"comment_status":"open","ping_status":"open","sticky":false,"template":"","format":"standard","meta":{"footnotes":""},"categories":[20],"tags":[],"class_list":["post-75999","post","type-post","status-publish","format-standard","hentry","category-sport"],"publishpress_future_action":{"enabled":false,"date":"2026-05-05 05:04:32","action":"change-status","newStatus":"draft","terms":[],"taxonomy":"category","extraData":[]},"publishpress_future_workflow_manual_trigger":{"enabledWorkflows":[]},"_links":{"self":[{"href":"https:\/\/www.die-stadtzeitung.de\/index.php\/wp-json\/wp\/v2\/posts\/75999","targetHints":{"allow":["GET"]}}],"collection":[{"href":"https:\/\/www.die-stadtzeitung.de\/index.php\/wp-json\/wp\/v2\/posts"}],"about":[{"href":"https:\/\/www.die-stadtzeitung.de\/index.php\/wp-json\/wp\/v2\/types\/post"}],"author":[{"embeddable":true,"href":"https:\/\/www.die-stadtzeitung.de\/index.php\/wp-json\/wp\/v2\/users\/7"}],"replies":[{"embeddable":true,"href":"https:\/\/www.die-stadtzeitung.de\/index.php\/wp-json\/wp\/v2\/comments?post=75999"}],"version-history":[{"count":20,"href":"https:\/\/www.die-stadtzeitung.de\/index.php\/wp-json\/wp\/v2\/posts\/75999\/revisions"}],"predecessor-version":[{"id":76075,"href":"https:\/\/www.die-stadtzeitung.de\/index.php\/wp-json\/wp\/v2\/posts\/75999\/revisions\/76075"}],"wp:attachment":[{"href":"https:\/\/www.die-stadtzeitung.de\/index.php\/wp-json\/wp\/v2\/media?parent=75999"}],"wp:term":[{"taxonomy":"category","embeddable":true,"href":"https:\/\/www.die-stadtzeitung.de\/index.php\/wp-json\/wp\/v2\/categories?post=75999"},{"taxonomy":"post_tag","embeddable":true,"href":"https:\/\/www.die-stadtzeitung.de\/index.php\/wp-json\/wp\/v2\/tags?post=75999"}],"curies":[{"name":"wp","href":"https:\/\/api.w.org\/{rel}","templated":true}]}}