{"id":75917,"date":"2024-06-21T10:03:17","date_gmt":"2024-06-21T08:03:17","guid":{"rendered":"https:\/\/www.die-stadtzeitung.de\/?p=75917"},"modified":"2024-06-21T10:03:17","modified_gmt":"2024-06-21T08:03:17","slug":"wuppertaler-buehnen-laden-ans-den-langen-tisch-ein","status":"publish","type":"post","link":"https:\/\/www.die-stadtzeitung.de\/index.php\/2024\/06\/21\/wuppertaler-buehnen-laden-ans-den-langen-tisch-ein\/","title":{"rendered":"Wuppertaler B\u00fchnen laden ans den &#8222;Langen Tisch&#8220; ein"},"content":{"rendered":"<div id=\"attachment_50463\" class=\"wp-caption alignnone\" style=\"max-width: 2570px;\"><img loading=\"lazy\" decoding=\"async\" class=\"wp-image-50463 size-full\" src=\"\/wp-content\/uploads\/2022\/03\/Nightradio_-_on_the_road_again_SchSpW__c__Wuppertaler_Buehnen_05-2-scaled.jpeg\" alt=\"\" width=\"2560\" height=\"1662\" \/><span class=\"wp-caption-text\">Stefanie Smailes und Stefan Walz in der fiktiven Radioshow &#8222;Nightradio&#8220; \u2013 \u00a9 Wuppertaler B\u00fchnen<\/span><\/div>\n<p>Die Oper Wuppertal stellt auf der B\u00fchne mit einem Gute-Laune-Programm aus Oper, Operette und Musical um 17 Uhr ihre Vielseitigkeit unter Beweis, unter anderem mit Musik aus &#8222;My Fair Lady&#8220;, &#8222;Im wei\u00dfen R\u00f6ssl&#8220; und &#8222;Der Freisch\u00fctz&#8220;.<\/p>\n<p>Eine Stunde sp\u00e4ter grooven Alana La Peca und Aristoteles Buenaventura alias Stefanie Smailes und Stefan Walz<br \/>\ngemeinsam mit dem Publikum durch die fiktive Radioshow &#8222;Nightradio&#8220;. Ab 18:30 Uhr hei\u00dft es dann &#8222;conduct us!&#8220; Unter fachkundiger Anleitung von Johannes Witt, 1. Kapellmeister der Wuppertaler B\u00fchnen, k\u00f6nnen Gro\u00df und Klein ihr Talent am Dirigentenpult des Sinfonieorchesters entdecken.<\/p>\n<div id=\"attachment_59738\" class=\"wp-caption alignnone\" style=\"max-width: 609px;\"><img loading=\"lazy\" decoding=\"async\" class=\" wp-image-59738\" src=\"\/wp-content\/uploads\/2023\/01\/Johannes_Witt_1_Kapellmeister_\u00a9_Sarah_Wijzenbeek-2-scaled.jpg\" alt=\"\" width=\"599\" height=\"508\" \/><span class=\"wp-caption-text\">Johannes Witt, 1. Kapellmeister des Sinfonieorchesters Wuppertal &#8211; \u00a9 Sarah Wijzenbeek<\/span><\/div>\n<p>Dazu warten wundersch\u00f6ne Melodien von Wolfgang Amadeus Mozart auf Auch abseits der B\u00fchne sind die Wuppertaler B\u00fchnen vertreten: Am Pavillon-Stand direkt gegen\u00fcber vom Opernhaus bieten die Education-Teams von Oper und Sinfonieorchester sowie die Maskenabteilung zwischen 16 und 20 Uhr viele Aktivit\u00e4ten zum Mitmachen und sorgen damit f\u00fcr spannende Einblicke in ihre Arbeit hinter der B\u00fchne.<\/p>\n<p><strong>Link zur Webseite der Wuppertaler B\u00fchnen:<\/strong><\/p>\n<p><a href=\"http:\/\/www.wuppertaler-buehnen.de\">http:\/\/www.wuppertaler-buehnen.de<\/a><\/p>\n","protected":false},"excerpt":{"rendered":"<p>Oper, Schauspiel und das Sinfonieorchester Wuppertal sind am Samstag (29.06.) mit einem bunten Programm beim &#8222;Langen Tisch&#8220; zum 95. Geburtstag der Stadt am Start: Mit einem eigenen Stand, aber auch auf der B\u00fchne vor dem Opernhaus. Interessierte erwarten dort viele Aktivit\u00e4ten zum Entdecken, Ausprobieren und Mitmachen.<\/p>\n","protected":false},"author":7,"featured_media":0,"comment_status":"open","ping_status":"open","sticky":false,"template":"","format":"standard","meta":{"footnotes":""},"categories":[29],"tags":[],"class_list":["post-75917","post","type-post","status-publish","format-standard","hentry","category-kultur"],"publishpress_future_action":{"enabled":false,"date":"2026-05-08 03:53:56","action":"change-status","newStatus":"draft","terms":[],"taxonomy":"category","extraData":[]},"publishpress_future_workflow_manual_trigger":{"enabledWorkflows":[]},"_links":{"self":[{"href":"https:\/\/www.die-stadtzeitung.de\/index.php\/wp-json\/wp\/v2\/posts\/75917","targetHints":{"allow":["GET"]}}],"collection":[{"href":"https:\/\/www.die-stadtzeitung.de\/index.php\/wp-json\/wp\/v2\/posts"}],"about":[{"href":"https:\/\/www.die-stadtzeitung.de\/index.php\/wp-json\/wp\/v2\/types\/post"}],"author":[{"embeddable":true,"href":"https:\/\/www.die-stadtzeitung.de\/index.php\/wp-json\/wp\/v2\/users\/7"}],"replies":[{"embeddable":true,"href":"https:\/\/www.die-stadtzeitung.de\/index.php\/wp-json\/wp\/v2\/comments?post=75917"}],"version-history":[{"count":7,"href":"https:\/\/www.die-stadtzeitung.de\/index.php\/wp-json\/wp\/v2\/posts\/75917\/revisions"}],"predecessor-version":[{"id":75924,"href":"https:\/\/www.die-stadtzeitung.de\/index.php\/wp-json\/wp\/v2\/posts\/75917\/revisions\/75924"}],"wp:attachment":[{"href":"https:\/\/www.die-stadtzeitung.de\/index.php\/wp-json\/wp\/v2\/media?parent=75917"}],"wp:term":[{"taxonomy":"category","embeddable":true,"href":"https:\/\/www.die-stadtzeitung.de\/index.php\/wp-json\/wp\/v2\/categories?post=75917"},{"taxonomy":"post_tag","embeddable":true,"href":"https:\/\/www.die-stadtzeitung.de\/index.php\/wp-json\/wp\/v2\/tags?post=75917"}],"curies":[{"name":"wp","href":"https:\/\/api.w.org\/{rel}","templated":true}]}}