{"id":75745,"date":"2024-08-17T14:19:59","date_gmt":"2024-08-17T12:19:59","guid":{"rendered":"https:\/\/www.die-stadtzeitung.de\/?p=75745"},"modified":"2024-09-06T12:23:16","modified_gmt":"2024-09-06T10:23:16","slug":"luna-v-eisenhart-rothes-schicksalsroman-suenden-gaensehaut","status":"publish","type":"post","link":"https:\/\/www.die-stadtzeitung.de\/index.php\/2024\/08\/17\/luna-v-eisenhart-rothes-schicksalsroman-suenden-gaensehaut\/","title":{"rendered":"Luna v. Eisenhart Rothes Schicksalsroman: S\u00fcnden &#038; G\u00e4nsehaut"},"content":{"rendered":"<div id=\"attachment_75751\" class=\"wp-caption alignnone\" style=\"max-width: 2570px;\"><img loading=\"lazy\" decoding=\"async\" class=\"size-full wp-image-75751\" src=\"\/wp-content\/uploads\/2024\/06\/Foto-von-Luna-scaled.jpg\" alt=\"\" width=\"2560\" height=\"2004\" \/><span class=\"wp-caption-text\">Die Autorin Luna von Eisenhart Rothe lebt und arbeitet auf der beliebten Balearen-Insel Ibiza &#8211; \u00a9 Luna von Eisenhart Rothe<\/span><\/div>\n<p>Die dramatische Story, die auf Ibiza spielt, ist als Paperback und als Ebook erh\u00e4ltlich. Um was sich die Geschichte in dem hochspannenden Roman rankt, erkl\u00e4rt Autorin Luna von Eisenhart Rothe (53) selbst: \u201eEs geht um ein tragisches Familiengeheimnis, um schicksalstr\u00e4chtige Entscheidungen und um menschliche Abgr\u00fcnde. Das alles ist verwebt auf den zwei Zeitebenen der Gegenwart und den 60er\/70er Jahren. Hauptfigur ist die deutsche Rechtsanw\u00e4ltin Tessa, die das Geheimnis ihrer biologischen Herkunft aufdecken m\u00f6chte. Eine Spur f\u00fchrt nach Ibiza, wo die ehemals beste Freundin ihrer Mutter seit vielen Jahren lebt. Doch hier geschieht ein entsetzlicher Mord und verwandelt Tessas Aufenthalt auf der Trauminsel in ein gef\u00e4hrliches Drama.\u201c Spannung und G\u00e4nsehaut garantiert!<\/p>\n<p>Wie ihr Schicksalsroman endet, verr\u00e4t Luna von Eisenhart Rothe nat\u00fcrlich nicht. Das kreative Multitalent aus Memmingen (Bayern) war \u00fcbrigens schon vorher als Autorin in Erscheinung getreten und hat zwei B\u00fccher ver\u00f6ffentlicht.<\/p>\n<div id=\"attachment_75752\" class=\"wp-caption alignnone\" style=\"max-width: 1010px;\"><img loading=\"lazy\" decoding=\"async\" class=\"wp-image-75752 size-full\" src=\"\/wp-content\/uploads\/2024\/06\/ibiza-live-report-mai-luna-von-eisenhart-rothe-und-die-suenden-der-anderen-1000x750-1.jpg\" alt=\"\" width=\"1000\" height=\"750\" \/><span class=\"wp-caption-text\">Schrifstellerin Luna von Eisnehart Rothe bei der Arbeit &#8211; \u00a9 Luna von Eisenhart Rothe<\/span><\/div>\n<p>Doch dann bremste ausgerechnet die \u201eSchnaps-Idee\u201c und eine damit verbundene Erfolgsgeschichte rund um die Ibiza-Gin-Marke \u201eLAW\u201c ihre Karriere als Schriftstellerin erst einmal aus. Durch ein optimiertes Zeitmanagement hat sie es dann doch geschafft, ihren ersten Roman in ihr Apple-MacBook zu tippen. Eine Idee f\u00fcr einen Nachfolger von \u201eDie S\u00fcnden der Anderen\u201c hat Luna von Eisenhart Rothe bereits im Kopf.<\/p>\n<p>Doch jetzt sollten Sie sich erst einmal in diese spannende Roman-Story eintauchen, die auf der Trauminsel Ibiza spielt, der Wahlheimat der kreativen Autorin.<\/p>\n<p><strong>Text Peter Pionke<\/strong><\/p>\n<p>&nbsp;<\/p>\n<div id=\"attachment_75274\" class=\"wp-caption alignnone\" style=\"max-width: 410px;\"><img loading=\"lazy\" decoding=\"async\" class=\"wp-image-75274 size-full\" src=\"\/wp-content\/uploads\/2024\/05\/Cover-Die-Suenden-der-Anderen-1.jpg\" alt=\"\" width=\"400\" height=\"640\" \/><span class=\"wp-caption-text\">Das Buch-Cover von &#8222;Die S\u00fcnden der Anderen&#8220;<\/span><\/div>\n<h4>\u201eDie S\u00fcnden der Anderen\u201c<\/h4>\n<p>Roman<\/p>\n<p><strong>Luna von Eisenhart Rothe<\/strong><\/p>\n<p>Ver\u00f6ffentlichung: 17. Juni 2024<\/p>\n<p><strong>Der Roman unter den folgenden Nummern bestellt werden:<\/strong><\/p>\n<p>Paperback: 16,00 \u20ac<\/p>\n<p>Im Buchhandel: ISBN 978-9-403-73223-7<\/p>\n<p>Bei Amazon: ISBN 979-8-323-46529-3<\/p>\n<p>oder<\/p>\n<p>Kindle-Ebook: 5,99 \u20ac &#8211; ASIN B0D429VJQR<\/p>\n<p><strong>Inhaltsangabe:<\/strong><\/p>\n<p>Sie ist nicht die, f\u00fcr die sie sich hielt! Mit dieser niederschmetternden Entdeckung im Gep\u00e4ck besteigt Tessa den Flieger Richtung S\u00fcden. Sie will ihre Tante besuchen, die exzentrische Anna Berg, mit deren Hilfe sie das Geheimnis ihrer Herkunft zu entschl\u00fcsseln hofft. Anna, einst die beste Freundin von Tessas Mutter, wird von der Familie totgeschwiegen, seit sie vor mehr als f\u00fcnfzig Jahren mit dem ber\u00fchmten Schlagers\u00e4nger Bruno Berg auf eine spanische Insel durchbrannte. Tessa begreift instinktiv, dass sie bei dieser Frau Antworten finden wird. Doch w\u00e4hrend die Erinnerungen der alten Dame sie in das Spanien der 1970\u2019er Jahre entf\u00fchren &#8211; eine Welt zwischen absoluter Freiheit und veralteten Traditionen -, scheint Tessa ihrer eigenen Geschichte kein St\u00fcck n\u00e4herzukommen. Sie sp\u00fcrt, dass Anna etwas vor ihr verbirgt. Als ein entsetzlicher Mord geschieht, ger\u00e4t Tessa in einen gef\u00e4hrlichen Strudel von Ereignissen, die auf tragische Weise ebenso mit der Vergangenheit ihrer Tante verkn\u00fcpft sind wie mit der ihren &#8230; Auf zwei Zeitebenen verwebt die Autorin in ihrer starken, farbigen Erz\u00e4hlsprache Spannung, Zeitgeschehen und die Macht der Gef\u00fchle zu einem mitrei\u00dfenden Unterhaltungsroman.<\/p>\n<p>&nbsp;<\/p>\n<h4>Lesen SIE auch das gro\u00dfe interview mit Luna von Eisenhart Rothe: &#8222;Roman \u00fcber S\u00fcnden im Urlaubsparadies&#8220;<\/h4>\n<blockquote class=\"wp-embedded-content\" data-secret=\"wNIRU0UowK\"><p><a href=\"https:\/\/www.die-stadtzeitung.de\/index.php\/2024\/06\/03\/luna-von-eisenhart-rothe-roman-ueber-suenden-im-urlaubsparadies\/\">Luna von Eisenhart Rothe: Roman \u00fcber S\u00fcnden im Urlaubsparadies<\/a><\/p><\/blockquote>\n<p><iframe loading=\"lazy\" class=\"wp-embedded-content\" sandbox=\"allow-scripts\" security=\"restricted\" style=\"position: absolute; visibility: hidden;\" title=\"&#8222;Luna von Eisenhart Rothe: Roman \u00fcber S\u00fcnden im Urlaubsparadies&#8220; &#8212; Die Stadtzeitung\" src=\"https:\/\/www.die-stadtzeitung.de\/index.php\/2024\/06\/03\/luna-von-eisenhart-rothe-roman-ueber-suenden-im-urlaubsparadies\/embed\/#?secret=ulNzfnSTPG#?secret=wNIRU0UowK\" data-secret=\"wNIRU0UowK\" width=\"500\" height=\"282\" frameborder=\"0\" marginwidth=\"0\" marginheight=\"0\" scrolling=\"no\"><\/iframe><\/p>\n<p>&nbsp;<\/p>\n","protected":false},"excerpt":{"rendered":"<p>Luna von Eisenhart Rothe ist eine moderne, erfolgreiche Frau. Als charmante \u201eSchnapsbrennerin\u201c hat sie auf der Balearen-Insel Ibiza bereits Karriere gemacht. Die Ibiza-Gin-Marke \u201eLAW\u201c, die sie mit Ehemann Alexander und den Freunden Wolfgang Lettner und Dirk Fahrenbruch kreierte, wurde weltweit mehr als 20 Mal ausgezeichnet. Am Montag (17.06.) erscheint jetzt Lunas erster Roman. Titel: \u201eDie S\u00fcnden der Anderen\u201c.<\/p>\n","protected":false},"author":7,"featured_media":0,"comment_status":"open","ping_status":"open","sticky":false,"template":"","format":"standard","meta":{"footnotes":""},"categories":[25],"tags":[],"class_list":["post-75745","post","type-post","status-publish","format-standard","hentry","category-lifestyle"],"publishpress_future_action":{"enabled":false,"date":"2026-05-08 03:02:41","action":"change-status","newStatus":"draft","terms":[],"taxonomy":"category","extraData":[]},"publishpress_future_workflow_manual_trigger":{"enabledWorkflows":[]},"_links":{"self":[{"href":"https:\/\/www.die-stadtzeitung.de\/index.php\/wp-json\/wp\/v2\/posts\/75745","targetHints":{"allow":["GET"]}}],"collection":[{"href":"https:\/\/www.die-stadtzeitung.de\/index.php\/wp-json\/wp\/v2\/posts"}],"about":[{"href":"https:\/\/www.die-stadtzeitung.de\/index.php\/wp-json\/wp\/v2\/types\/post"}],"author":[{"embeddable":true,"href":"https:\/\/www.die-stadtzeitung.de\/index.php\/wp-json\/wp\/v2\/users\/7"}],"replies":[{"embeddable":true,"href":"https:\/\/www.die-stadtzeitung.de\/index.php\/wp-json\/wp\/v2\/comments?post=75745"}],"version-history":[{"count":15,"href":"https:\/\/www.die-stadtzeitung.de\/index.php\/wp-json\/wp\/v2\/posts\/75745\/revisions"}],"predecessor-version":[{"id":75763,"href":"https:\/\/www.die-stadtzeitung.de\/index.php\/wp-json\/wp\/v2\/posts\/75745\/revisions\/75763"}],"wp:attachment":[{"href":"https:\/\/www.die-stadtzeitung.de\/index.php\/wp-json\/wp\/v2\/media?parent=75745"}],"wp:term":[{"taxonomy":"category","embeddable":true,"href":"https:\/\/www.die-stadtzeitung.de\/index.php\/wp-json\/wp\/v2\/categories?post=75745"},{"taxonomy":"post_tag","embeddable":true,"href":"https:\/\/www.die-stadtzeitung.de\/index.php\/wp-json\/wp\/v2\/tags?post=75745"}],"curies":[{"name":"wp","href":"https:\/\/api.w.org\/{rel}","templated":true}]}}