{"id":75689,"date":"2024-06-11T22:34:47","date_gmt":"2024-06-11T20:34:47","guid":{"rendered":"https:\/\/www.die-stadtzeitung.de\/?p=75689"},"modified":"2024-06-17T12:56:14","modified_gmt":"2024-06-17T10:56:14","slug":"wuppertaler-kurrende-schrieb-erneut-chor-geschichte","status":"publish","type":"post","link":"https:\/\/www.die-stadtzeitung.de\/index.php\/2024\/06\/11\/wuppertaler-kurrende-schrieb-erneut-chor-geschichte\/","title":{"rendered":"Wuppertaler Kurrende schrieb erneut Chor-Geschichte"},"content":{"rendered":"<div id=\"attachment_75692\" class=\"wp-caption alignnone\" style=\"max-width: 2570px;\"><img loading=\"lazy\" decoding=\"async\" class=\"wp-image-75692 size-full\" src=\"\/wp-content\/uploads\/2024\/06\/PXL_20240608_160725503.MP_-scaled.jpg\" alt=\"\" width=\"2560\" height=\"1847\" \/><span class=\"wp-caption-text\">Der Wuppertaler Knabenchor Kurrende zeigte sich auch in Erwitte von seiner besten Seite &#8211; \u00a9 MP<\/span><\/div>\n<p>Der Deutsche Musikrat \u00a0hat den Wettbewerb in besonderer Weise gew\u00fcrdigt. Die 40 Knaben und M\u00e4nnerchoristen der Wettbewerbsbesetzung konnten die hochkar\u00e4tig besetzte Jury mit ihrem anspruchsvollen Vortrag beim Wertungssingen vollends \u00fcberzeugen, sodass die Kurrende nicht nur Sieger in der Kategorie Knabench\u00f6re wurde, sondern am Wettbewerbstag als einziger Chor die volle Punktzahl und einen Sonderpreis f\u00fcr die herausragende chorische Leistung erhielt.<\/p>\n<p>Wettbewerbsorganisator Bernd Hense lobte die disziplinierte und geschulte Darbietung der Kurrendaner, sie sei ein \u201eAugen- und Ohrenschmaus\u201c gewesen. Als Preistr\u00e4ger durfte der Knabenchor, der in diesem Jahr sein 100j\u00e4hriges Bestehen feiert, beim Abschlusskonzert einen Auszug aus seinem Programm vor circa 1.000 Zuh\u00f6rern vorstellen und erhielt stehende Ovationen.<\/p>\n<p>Am 26. Juni ist die Wuppertaler Kurrende im Rahmen ihres gro\u00dfen Jubil\u00e4umskonzerts in der Historischen Stadthalle Wuppertal mit u.a. Mendelssohns \u201eLobgesang\u201c zu h\u00f6ren.<\/p>\n<p><strong>Link zur Webseite der Wuppertaler Kurrende:<\/strong><\/p>\n<p><a href=\"http:\/\/www.wuppertaler-kurrende.de\">http:\/\/www.wuppertaler-kurrende.de<\/a><\/p>\n","protected":false},"excerpt":{"rendered":"<p>Beim gro\u00dfen Chorwettbewerb in Erwitte hat die Wuppertaler Kurrende mit herausragendem Erfolg teilgenommen. Seit seiner ersten Durchf\u00fchrung im Jahr 1996 hat sich der Erwitter Kinder- und Jugendchorwettbewerb zu einem der erfolgreichsten Musikereignisse in der deutschen Chorszene entwickelt.<\/p>\n","protected":false},"author":7,"featured_media":0,"comment_status":"open","ping_status":"open","sticky":false,"template":"","format":"standard","meta":{"footnotes":""},"categories":[29],"tags":[],"class_list":["post-75689","post","type-post","status-publish","format-standard","hentry","category-kultur"],"publishpress_future_action":{"enabled":false,"date":"2026-05-08 10:26:48","action":"change-status","newStatus":"draft","terms":[],"taxonomy":"category","extraData":[]},"publishpress_future_workflow_manual_trigger":{"enabledWorkflows":[]},"_links":{"self":[{"href":"https:\/\/www.die-stadtzeitung.de\/index.php\/wp-json\/wp\/v2\/posts\/75689","targetHints":{"allow":["GET"]}}],"collection":[{"href":"https:\/\/www.die-stadtzeitung.de\/index.php\/wp-json\/wp\/v2\/posts"}],"about":[{"href":"https:\/\/www.die-stadtzeitung.de\/index.php\/wp-json\/wp\/v2\/types\/post"}],"author":[{"embeddable":true,"href":"https:\/\/www.die-stadtzeitung.de\/index.php\/wp-json\/wp\/v2\/users\/7"}],"replies":[{"embeddable":true,"href":"https:\/\/www.die-stadtzeitung.de\/index.php\/wp-json\/wp\/v2\/comments?post=75689"}],"version-history":[{"count":4,"href":"https:\/\/www.die-stadtzeitung.de\/index.php\/wp-json\/wp\/v2\/posts\/75689\/revisions"}],"predecessor-version":[{"id":75694,"href":"https:\/\/www.die-stadtzeitung.de\/index.php\/wp-json\/wp\/v2\/posts\/75689\/revisions\/75694"}],"wp:attachment":[{"href":"https:\/\/www.die-stadtzeitung.de\/index.php\/wp-json\/wp\/v2\/media?parent=75689"}],"wp:term":[{"taxonomy":"category","embeddable":true,"href":"https:\/\/www.die-stadtzeitung.de\/index.php\/wp-json\/wp\/v2\/categories?post=75689"},{"taxonomy":"post_tag","embeddable":true,"href":"https:\/\/www.die-stadtzeitung.de\/index.php\/wp-json\/wp\/v2\/tags?post=75689"}],"curies":[{"name":"wp","href":"https:\/\/api.w.org\/{rel}","templated":true}]}}