{"id":75679,"date":"2024-06-11T18:44:07","date_gmt":"2024-06-11T16:44:07","guid":{"rendered":"https:\/\/www.die-stadtzeitung.de\/?p=75679"},"modified":"2024-06-11T18:44:44","modified_gmt":"2024-06-11T16:44:44","slug":"juristische-probleme-verzoegern-eroeffnung-des-tierzentrums","status":"publish","type":"post","link":"https:\/\/www.die-stadtzeitung.de\/index.php\/2024\/06\/11\/juristische-probleme-verzoegern-eroeffnung-des-tierzentrums\/","title":{"rendered":"Juristische Probleme verz\u00f6gern Er\u00f6ffnung des Tierzentrums"},"content":{"rendered":"<div id=\"attachment_75684\" class=\"wp-caption alignnone\" style=\"max-width: 1023px;\"><img loading=\"lazy\" decoding=\"async\" class=\"wp-image-75684 size-full\" src=\"\/wp-content\/uploads\/2024\/06\/Screenshot_20221114_190050.jpg\" alt=\"\" width=\"1013\" height=\"699\" \/><span class=\"wp-caption-text\">Sie sind Tierfreundinnen und Tierfreunde und sie k\u00f6nnen kr\u00e4ftig zupacken. Dire ehrenamtlichen Helferinnen und Helfer des neuen Tierzentrums Wuppertal &#8211; \u00a9 Pechpfoten e.V.<\/span><\/div>\n<p>Anke S\u00fcper, Vorsitzendes des Vereins \u201ePechpfoten e.V.\u201c, der das Tierzentrum betreiben wird: \u201eWo es aktuell stockt, das sind die Au\u00dfenarbeiten. Seit dem Vorstandswechsel in der Diakonie halten uns leider unsch\u00f6ne juristische Auseinandersetzungen davon ab, die bereits ausgelieferten Katzenh\u00e4user aufzustellen. Hier sind wir anwaltlich gut vertreten, haben juristisch gepr\u00fcfte, notarielle und privatrechtliche Vertr\u00e4ge, die auch nicht ohne weiteres k\u00fcndbar sind, m\u00fcssen aber leider in den sauren Apfel bei\u00dfen, dass sich bei gerichtlichen Auseinandersetzungen zeitlich einfach einiges verz\u00f6gert. Vereinsintern haben wir auch diese \u201aBaustellen\u2018 immer offen kommuniziert. Und nach wie vor stehen wir geschlossen mit der ganzen Mannschaft und mit vollem Engagement hinter dem Projekt, freuen uns auf die sp\u00e4tere inklusive Zusammenarbeit mit den Klienten der Diakonie und weiterhin \u00fcber jede Unterst\u00fctzung.\u201c<\/p>\n<p>Abgesehen von den juristischen Problemen, kann Anke S\u00fcper eine durchaus positive Zwischenbilanz ziehen: \u201eWir sind im wahrsten Sinne des Wortes in Arbeit versunken. Von Anfang an war der Plan, dass wir einen Gro\u00dfteil im Ehrenamt stemmen und das tun wir auch. Das Engagement der Helfer ist gro\u00dfartig und weiterhin ungebrochen. Wir sind stolz und sehr dankbar \u00fcber die tolle Unterst\u00fctzung, die wir von treuen Ehrenamtlern erfahren. Das einmal an dieser Stelle mit einem dicken Ausrufezeichen.\u201c<\/p>\n<div id=\"attachment_75685\" class=\"wp-caption alignnone\" style=\"max-width: 610px;\"><img loading=\"lazy\" decoding=\"async\" class=\"size-full wp-image-75685\" src=\"\/wp-content\/uploads\/2024\/06\/22_09_03_03-scaled-1.jpg\" alt=\"\" width=\"600\" height=\"420\" \/><span class=\"wp-caption-text\">Das neue Tierschtutzzentrum in Aprath wird einmal ein echtes Schmuxkk\u00e4stchen und ein tolles Zuhause f\u00fcr verlassene Tiere &#8211; \u00a9 Uli Sch\u00fcchen<\/span><\/div>\n<p>Wie auf jeder gro\u00dfen Baustelle, gerade bei solch alten Gem\u00e4uern, sei man im Laufe der Sanierungsma\u00dfnahmen zus\u00e4tzlich auf die eine oder andere verborgene Katastrophe gesto\u00dfen. Anke S\u00fcper: \u201eAn das Zitat von Herrn Hohlweger \u201awir haben das Geb\u00e4ude dem Verfall preisgegeben\u2018, haben wir uns an vielen Ecken deutlich erinnert gef\u00fchlt.\u201c<\/p>\n<p>Aber diese Probleme seien inzwischen gel\u00f6st \u00a0und das Geb\u00e4ude befinde sich nun in einem wirklich guten und zeitgem\u00e4\u00dfen Zustand.\u00a0 Im Haupthaus musste zun\u00e4chst die Au\u00dfenhaut instand gesetzt und abgedichtet werden, um sich danach auf die \u00a0Innenarbeiten st\u00fcrzen zu k\u00f6nnen. Mittlerweile sind \u2013 Anke S\u00fcper \u2013 die meisten R\u00e4umlichkeiten fertig, in den \u00fcbrigen sei nur noch die letzte Kosmetik in Eigenarbeit n\u00f6tig.<\/p>\n<div id=\"attachment_67406\" class=\"wp-caption alignnone\" style=\"max-width: 611px;\"><img loading=\"lazy\" decoding=\"async\" class=\"wp-image-67406\" src=\"\/wp-content\/uploads\/2023\/08\/Anke-Sueper-OMK-2-scaled.jpg\" alt=\"\" width=\"601\" height=\"403\" \/><span class=\"wp-caption-text\">Anke S\u00fcper, engagierte Vorsitzende des Vereins &#8222;Pechpfoten e.V.&#8220;, der das neue Tierschutzzentrum betreiben wird &#8211; \u00a9 OMK \/ Oliver Klamke<\/span><\/div>\n<p>Um allen Interessierten ein Bild zu vermitteln, sei ein Videorundgang durch das Haus in Arbeit, der in K\u00fcrze auf der Projektseite https:\/\/tierschutzzentrum-wuppertal.de zu sehen sein wird. So k\u00f6nnen alle Interessierten einmal einen virtuellen Rundgang durch das Haupthaus machen..<\/p>\n<p>Anke S\u00fcper betont abschlie\u00dfend: \u201eJede helfende Hand auf der Baustelle ist eine gro\u00dfe Hilfe f\u00fcr uns. Wir sind aber auch weiterhin dringend auf F\u00f6rdermitgliedschaften und Spenden angewiesen. Alle Hilfsm\u00f6glichkeiten sind f\u00fcr Sie im Internet auf unserer Webseite zusammengefasst:.\u201c<\/p>\n<p><strong>Hier der Link zur Webseite von \u201ePechpfoten\u201c e.V.:<\/strong><\/p>\n<p><a href=\"https:\/\/www.pechpfoten.de\/helfen-sie-helfen\/\">https:\/\/www.pechpfoten.de\/helfen-sie-helfen\/<\/a><\/p>\n<p>&nbsp;<\/p>\n<h4><strong>WENN SIE HELFEN WOLLEN:<br \/>\n<\/strong><\/h4>\n<div class=\"cc-m-hgrid-column\">\n<div id=\"cc-matrix-2410200275\">\n<div id=\"cc-m-9065944175\" class=\"j-module n j-header \">\n<h3 id=\"cc-m-header-9065944175\" class=\"\">Spendenkonto:<\/h3>\n<\/div>\n<div id=\"cc-m-9065944275\" class=\"j-module n j-text \">\n<p>Stadtsparkasse Wuppertal<\/p>\n<p>IBAN:\u00a0 <strong>DE26 3305 0000 0000 7930 75<\/strong><\/p>\n<p>BIC: \u00a0\u00a0 <strong>WUPSDE33XXX<\/strong><\/p>\n<\/div>\n<\/div>\n<\/div>\n<div class=\"cc-m-hgrid-separator\" data-display=\"cms-only\">\n<div><\/div>\n<\/div>\n<div class=\"cc-m-hgrid-column last\">\n<div id=\"cc-matrix-2410200375\">\n<div id=\"cc-m-9444460975\" class=\"j-module n j-header \">\n<h3 id=\"cc-m-header-9444460975\" class=\"\">Spendenkonto:<\/h3>\n<\/div>\n<div id=\"cc-m-9444460775\" class=\"j-module n j-text \">\n<p>Bergische Volksbank<\/p>\n<p>IBAN:<strong>\u00a0 DE86 3406 0094 0002 0935 73<\/strong><\/p>\n<p>BIC: \u00a0 <strong><span class=\"st\">VBRSDE33XXX<\/span><\/strong><\/p>\n<p>&nbsp;<\/p>\n<\/div>\n<\/div>\n<\/div>\n","protected":false},"excerpt":{"rendered":"<p>Die Ank\u00fcndigung, dass Wuppertal ein neues Tierschutzzentrum erh\u00e4lt, wurde von vielen Wuppertaler Tierfreundinnen und Tierfreunden mit gro\u00dfer Erleichterung und Genugtuung aufgenommen. Doch in den letzten Monaten ist es rund um das an der Diakonie Aprath geplante Bauprojekt ruhig geworden. Grund\u00a0 genug, einmal nachzufragen, woran das liegt. Ein Grund sind unvorhersehbare \u00a0juristischeProbleme!\u201c<\/p>\n","protected":false},"author":7,"featured_media":0,"comment_status":"open","ping_status":"open","sticky":false,"template":"","format":"standard","meta":{"footnotes":""},"categories":[24],"tags":[],"class_list":["post-75679","post","type-post","status-publish","format-standard","hentry","category-wuppertal"],"publishpress_future_action":{"enabled":false,"date":"2026-05-08 19:27:01","action":"change-status","newStatus":"draft","terms":[],"taxonomy":"category","extraData":[]},"publishpress_future_workflow_manual_trigger":{"enabledWorkflows":[]},"_links":{"self":[{"href":"https:\/\/www.die-stadtzeitung.de\/index.php\/wp-json\/wp\/v2\/posts\/75679","targetHints":{"allow":["GET"]}}],"collection":[{"href":"https:\/\/www.die-stadtzeitung.de\/index.php\/wp-json\/wp\/v2\/posts"}],"about":[{"href":"https:\/\/www.die-stadtzeitung.de\/index.php\/wp-json\/wp\/v2\/types\/post"}],"author":[{"embeddable":true,"href":"https:\/\/www.die-stadtzeitung.de\/index.php\/wp-json\/wp\/v2\/users\/7"}],"replies":[{"embeddable":true,"href":"https:\/\/www.die-stadtzeitung.de\/index.php\/wp-json\/wp\/v2\/comments?post=75679"}],"version-history":[{"count":6,"href":"https:\/\/www.die-stadtzeitung.de\/index.php\/wp-json\/wp\/v2\/posts\/75679\/revisions"}],"predecessor-version":[{"id":75688,"href":"https:\/\/www.die-stadtzeitung.de\/index.php\/wp-json\/wp\/v2\/posts\/75679\/revisions\/75688"}],"wp:attachment":[{"href":"https:\/\/www.die-stadtzeitung.de\/index.php\/wp-json\/wp\/v2\/media?parent=75679"}],"wp:term":[{"taxonomy":"category","embeddable":true,"href":"https:\/\/www.die-stadtzeitung.de\/index.php\/wp-json\/wp\/v2\/categories?post=75679"},{"taxonomy":"post_tag","embeddable":true,"href":"https:\/\/www.die-stadtzeitung.de\/index.php\/wp-json\/wp\/v2\/tags?post=75679"}],"curies":[{"name":"wp","href":"https:\/\/api.w.org\/{rel}","templated":true}]}}