{"id":75627,"date":"2024-06-09T12:16:02","date_gmt":"2024-06-09T10:16:02","guid":{"rendered":"https:\/\/www.die-stadtzeitung.de\/?p=75627"},"modified":"2024-06-09T12:17:08","modified_gmt":"2024-06-09T10:17:08","slug":"talvermesser-von-tom-luettringhaus-feiern-jubilaeum","status":"publish","type":"post","link":"https:\/\/www.die-stadtzeitung.de\/index.php\/2024\/06\/09\/talvermesser-von-tom-luettringhaus-feiern-jubilaeum\/","title":{"rendered":"\u201eTalvermesser\u201c von Tom L\u00fcttringhaus feiern Jubil\u00e4um"},"content":{"rendered":"<div id=\"attachment_75629\" class=\"wp-caption alignnone\" style=\"max-width: 1182px;\"><img loading=\"lazy\" decoding=\"async\" class=\"wp-image-75629 size-full\" src=\"\/wp-content\/uploads\/2024\/06\/PHOTO-2024-06-09-09-07-51.jpg\" alt=\"\" width=\"1172\" height=\"811\" \/><span class=\"wp-caption-text\">Tom L\u00fcttringhaus, diesmal ohne Hut, bei der gro\u00dfen Jubil\u00e4umsfeier &#8211; \u00a9 Siegfried J\u00e4hne<\/span><\/div>\n<p>Die Liste der \u00f6ffentlich bestellten Vermessungsingenieure im Land NRW wird immer kleiner. Nachwuchssorgen und altersbedingte Firmenaufgaben bei fehlenden Nachfolgern stehen zunehmend auf der Tagesordnung. Tom L\u00fcttringhaus (66) blickt indessen zuversichtlich und optimistisch in die Zukunft, hat er doch sein Unternehmen mit aktuell 20 Mitarbeitern in ruhiges Fahrwasser und mit seinem 33j\u00e4hrigen Stiefsohn Eric Arwed Mesenholl (M.Sc.) schon einen Nachfolger in Position gebracht.<\/p>\n<h4>Der Mann mit dem Hut<\/h4>\n<p>Seit 36 Jahren ist Tom L\u00fcttringhaus mit seinem Team im Einsatz, wenn es um Grundst\u00fccksgrenzen, Lagepl\u00e4ne zum Bauantrag, Absteckungsarbeiten und Bauvermessungen geht. \u201ePers\u00f6nlich, p\u00fcnktlich und projektorientiert\u201c, so seine Leitdevise. Als \u201eVermesser mit dem Hut&#8220;, \u00a0so das marketingorientierte Markenzeichen, hat er sich einen Namen gemacht. \u201eF\u00fchlen Sie sich von uns jederzeit gut beh\u00fctet\u201c, so einer seiner Wahlspr\u00fcche. Zu den Referenzprojekten geh\u00f6rt u.a. das Einrichtungshaus Ikea, \u00a0die Baustelle D\u00f6ppersberg oder der Schwebebahnumbau.<\/p>\n<div id=\"attachment_75630\" class=\"wp-caption alignnone\" style=\"max-width: 560px;\"><img loading=\"lazy\" decoding=\"async\" class=\"wp-image-75630 size-full\" src=\"\/wp-content\/uploads\/2024\/06\/Tom-Luttringhaus-1536x1024-1.jpg\" alt=\"\" width=\"550\" height=\"417\" \/><span class=\"wp-caption-text\">Tom L\u00fcttringhaus, der Mann mit dem Hut &#8211; \u00a9 Talvermesser<\/span><\/div>\n<h4>F\u00f6rderer des WSV<\/h4>\n<p>Tom L\u00fcttringhaus, verheiratet mit der Oberstudienr\u00e4tin Dr. rer. nat. Susanne Rosenpflanzer, entstammt einer Wuppertaler Unternehmerfamilie, die einst mit der Firma I.P. Bemberg verbunden war. Ihn und seine Mitarbeiter sieht man heute regelm\u00e4\u00dfig im Stadion am Zoo bei Spielen des Wuppertaler SV, zu dessen F\u00f6rderkreis er geh\u00f6rt.<\/p>\n<p><strong>Text: Siegfried J\u00e4hne<\/strong><\/p>\n<p>&nbsp;<\/p>\n<div id=\"attachment_75631\" class=\"wp-caption alignnone\" style=\"max-width: 560px;\"><img loading=\"lazy\" decoding=\"async\" class=\"wp-image-75631 size-full\" src=\"\/wp-content\/uploads\/2024\/06\/2.jpg\" alt=\"\" width=\"550\" height=\"367\" \/><span class=\"wp-caption-text\">Die Talvermesser bei der Arbeit &#8211; \u00a9 Die Talvermesser<\/span><\/div>\n<p><strong>Link zur Webseite von \u201eTalvermesser\u201c:<\/strong><\/p>\n<p><a href=\"http:\/\/www.talvermesser.de\">http:\/\/www.talvermesser.de<\/a><\/p>\n","protected":false},"excerpt":{"rendered":"<p>Es ist ein recht seltenes Jubil\u00e4um. Der \u201eTalvermesser\u201c, Dipl. &#8211; Ing. Tom L\u00fcttringhaus, feierte jetzt mit Mitarbeitern, Freunden und Kunden am Elberfelder Bornberg sein 36j\u00e4hriges Firmenjubil\u00e4um. Eine Zeitspanne, die in dieser Branche nur wenige Unternehmer vorweisen k\u00f6nnen. Trotz aktueller Baukrise boomt das Gesch\u00e4ft und das hat mehrere Gr\u00fcnde.<\/p>\n","protected":false},"author":7,"featured_media":0,"comment_status":"open","ping_status":"open","sticky":false,"template":"","format":"standard","meta":{"footnotes":""},"categories":[22],"tags":[],"class_list":["post-75627","post","type-post","status-publish","format-standard","hentry","category-wirtschaft"],"publishpress_future_action":{"enabled":false,"date":"2026-05-06 10:59:33","action":"change-status","newStatus":"draft","terms":[],"taxonomy":"category","extraData":[]},"publishpress_future_workflow_manual_trigger":{"enabledWorkflows":[]},"_links":{"self":[{"href":"https:\/\/www.die-stadtzeitung.de\/index.php\/wp-json\/wp\/v2\/posts\/75627","targetHints":{"allow":["GET"]}}],"collection":[{"href":"https:\/\/www.die-stadtzeitung.de\/index.php\/wp-json\/wp\/v2\/posts"}],"about":[{"href":"https:\/\/www.die-stadtzeitung.de\/index.php\/wp-json\/wp\/v2\/types\/post"}],"author":[{"embeddable":true,"href":"https:\/\/www.die-stadtzeitung.de\/index.php\/wp-json\/wp\/v2\/users\/7"}],"replies":[{"embeddable":true,"href":"https:\/\/www.die-stadtzeitung.de\/index.php\/wp-json\/wp\/v2\/comments?post=75627"}],"version-history":[{"count":3,"href":"https:\/\/www.die-stadtzeitung.de\/index.php\/wp-json\/wp\/v2\/posts\/75627\/revisions"}],"predecessor-version":[{"id":75633,"href":"https:\/\/www.die-stadtzeitung.de\/index.php\/wp-json\/wp\/v2\/posts\/75627\/revisions\/75633"}],"wp:attachment":[{"href":"https:\/\/www.die-stadtzeitung.de\/index.php\/wp-json\/wp\/v2\/media?parent=75627"}],"wp:term":[{"taxonomy":"category","embeddable":true,"href":"https:\/\/www.die-stadtzeitung.de\/index.php\/wp-json\/wp\/v2\/categories?post=75627"},{"taxonomy":"post_tag","embeddable":true,"href":"https:\/\/www.die-stadtzeitung.de\/index.php\/wp-json\/wp\/v2\/tags?post=75627"}],"curies":[{"name":"wp","href":"https:\/\/api.w.org\/{rel}","templated":true}]}}