{"id":75559,"date":"2024-06-05T06:06:39","date_gmt":"2024-06-05T04:06:39","guid":{"rendered":"https:\/\/www.die-stadtzeitung.de\/?p=75559"},"modified":"2024-06-05T18:06:57","modified_gmt":"2024-06-05T16:06:57","slug":"erster-hebammen-kongress-eine-erfolgreiche-geburt","status":"publish","type":"post","link":"https:\/\/www.die-stadtzeitung.de\/index.php\/2024\/06\/05\/erster-hebammen-kongress-eine-erfolgreiche-geburt\/","title":{"rendered":"Erster Hebammen-Kongress \u2013 eine erfolgreiche Geburt"},"content":{"rendered":"<div id=\"attachment_75562\" class=\"wp-caption alignnone\" style=\"max-width: 1560px;\"><img loading=\"lazy\" decoding=\"async\" class=\"wp-image-75562 size-full\" src=\"\/wp-content\/uploads\/2024\/06\/PHOTO-2024-06-05-15-29-14-1.jpg\" alt=\"\" width=\"1550\" height=\"915\" \/><span class=\"wp-caption-text\">Moderator Jens Voss (Radio Wuppertal) begr\u00fc\u00dft die Teilnehmerinnen beim 1. Hebammen-Kongress &#8211; \u00a9 Birgit Rosen &#8211; AOK Rheinland\/Hamburg<\/span><\/div>\n<p>Die H\u00e4lfte der Teilnehmerinnen \u00a0kam aus dem bergischen Land und die anderen aus umgebenden Gebieten, was f\u00fcr die gro\u00dfe Bedeutung dieser Veranstaltung f\u00fcr die Zielgruppe spricht. Im Bergischen Dreieck gibt es rund 150 eingetragene Hebammen.<\/p>\n<p>Die Rolle der Hebamme als Schnittstelle im Gesundheitssystem ist wichtiger denn je. In einer Zeit, in der es ma\u00dfgeblich auf einen gesunden Start ins Leben ankommt und die eigene Gesundheitskompetenz der Menschen einen gro\u00dfen Teil davon ausmacht, tr\u00e4gt sie eine hohe Verantwortung.<\/p>\n<p>Grund genug f\u00fcr die AOK Bergisches Land dieser Berufsgruppe mit einer ma\u00dfgeschneiderten Fachveranstaltung \u201eDanke\u201c zu sagen und zu zeigen,\u00a0dass ihre wichtige Rolle wahrgenommen und ihnen die verdiente Wertsch\u00e4tzung entgegengebracht wird.<\/p>\n<h4>Gesundheitsbewusste Eltern k\u00f6nnen Kinder gesundheitsbewusst erziehen<\/h4>\n<p>Christiane Otto, Regionaldirektorin AOK Bergisches Land, betonte\u00a0 in ihrer Begr\u00fc\u00dfungsansprache: \u201eWir sind uns bewusst, welche Auswirkungen famili\u00e4re Belastungssituationen haben und gehen diese konkret an, durch entsprechende Aufkl\u00e4rungs- und Informationsangebote, denn nur gesundheitsbewusste Eltern k\u00f6nnen Kinder gesundheitsbewusst erziehen.\u201c<\/p>\n<p>Der Kongress befasste sich mit medizinischen Themen rund um Schwangerschaft und Geburt, aber es wurde auch die Notwendigkeit zur St\u00e4rkung der eigenen Gesundheit in den Fokus gestellt, alles eingebettet in ein gesundheitsf\u00f6rderndes Rahmenprogramm, samt der M\u00f6glichkeit miteinander in Kontakt zu kommen und sich weiter zu vernetzen.<\/p>\n<div id=\"attachment_75563\" class=\"wp-caption alignnone\" style=\"max-width: 1210px;\"><img loading=\"lazy\" decoding=\"async\" class=\"wp-image-75563 size-full\" src=\"\/wp-content\/uploads\/2024\/06\/PHOTO-2024-06-05-15-29-14ccccc.jpg\" alt=\"\" width=\"1200\" height=\"812\" \/><span class=\"wp-caption-text\">Christiane Otto, Regionaldirektorin AOK Bergisches Land, im Gespr\u00e4ch mit Prof. Dr. med. Markus Fleisch,\u00a0 Direktor der Landesfrauenklinik &#8211; \u00a9 Birgit Rosen &#8211; AOK Rheinland\/Hamburg<\/span><\/div>\n<p>Durch die Kooperation der AOK Rheinland \u2013 Die Gesundheitskasse mit dem\u00a0 Helios Universit\u00e4tsklinikum Wuppertal konnten zwei hochkar\u00e4tige Experten zum Thema gewonnen werden. Der Direktor der Landesfrauenklinik Prof. Dr. med. Markus Fleisch und der Oberarzt der Kinder- und Jugendmedizin Dr. med. Anton Humrich hielten zwei der vier Fachvortr\u00e4ge.<\/p>\n<p>Prof. Dr. med. Markus Fleisch, Direktor der Landesfrauenklinik, Helios Universit\u00e4tsklinikum Wuppertal erkl\u00e4rte: \u201eDer fachgebundene Dialog und Austausch zwischen allen beteiligten Berufsgruppen ist unsch\u00e4tzbar wichtig.\u201c<\/p>\n<p>Die Teilnehmerinnen \u00a0der \u00a0Veranstaltung, die von Radio Wuppertal-Moderator Jens Voss professionell moderiert wurde, erhielten dar\u00fcber hinaus ein Zertifikat zum Nachweis entsprechender Fortbildungsstunden, die sie alle drei Jahre nachweisen m\u00fcssen. Die Bezirksregierung D\u00fcsseldorf hat die Veranstaltung speziell in diesem Sinne zertifiziert.<\/p>\n<p>Jens Voss hob hervor: \u201eHebamme ist einer der wichtigsten Berufe \u00fcberhaupt. Hebammen sorgen schlie\u00dflich daf\u00fcr, dass das neue Leben richtig in der Welt ankommt.\u201c<\/p>\n<p>&nbsp;<\/p>\n<p>&nbsp;<\/p>\n<p>&nbsp;<\/p>\n","protected":false},"excerpt":{"rendered":"<p>Das war eine erfolgreiche Geburt! 100 Hebammen haben am ersten Kongress teilgenommen, der von der AOK Rheinland\/Hamburg gemeinsam mit dem Institut f\u00fcr Betriebliche Gesundheitsf\u00f6rderung in der \u201eCodeks Faktory\u201c veranstaltet wurde.<\/p>\n","protected":false},"author":7,"featured_media":0,"comment_status":"open","ping_status":"open","sticky":false,"template":"","format":"standard","meta":{"footnotes":""},"categories":[24],"tags":[],"class_list":["post-75559","post","type-post","status-publish","format-standard","hentry","category-wuppertal"],"publishpress_future_action":{"enabled":false,"date":"2026-05-07 06:55:06","action":"change-status","newStatus":"draft","terms":[],"taxonomy":"category","extraData":[]},"publishpress_future_workflow_manual_trigger":{"enabledWorkflows":[]},"_links":{"self":[{"href":"https:\/\/www.die-stadtzeitung.de\/index.php\/wp-json\/wp\/v2\/posts\/75559","targetHints":{"allow":["GET"]}}],"collection":[{"href":"https:\/\/www.die-stadtzeitung.de\/index.php\/wp-json\/wp\/v2\/posts"}],"about":[{"href":"https:\/\/www.die-stadtzeitung.de\/index.php\/wp-json\/wp\/v2\/types\/post"}],"author":[{"embeddable":true,"href":"https:\/\/www.die-stadtzeitung.de\/index.php\/wp-json\/wp\/v2\/users\/7"}],"replies":[{"embeddable":true,"href":"https:\/\/www.die-stadtzeitung.de\/index.php\/wp-json\/wp\/v2\/comments?post=75559"}],"version-history":[{"count":3,"href":"https:\/\/www.die-stadtzeitung.de\/index.php\/wp-json\/wp\/v2\/posts\/75559\/revisions"}],"predecessor-version":[{"id":75565,"href":"https:\/\/www.die-stadtzeitung.de\/index.php\/wp-json\/wp\/v2\/posts\/75559\/revisions\/75565"}],"wp:attachment":[{"href":"https:\/\/www.die-stadtzeitung.de\/index.php\/wp-json\/wp\/v2\/media?parent=75559"}],"wp:term":[{"taxonomy":"category","embeddable":true,"href":"https:\/\/www.die-stadtzeitung.de\/index.php\/wp-json\/wp\/v2\/categories?post=75559"},{"taxonomy":"post_tag","embeddable":true,"href":"https:\/\/www.die-stadtzeitung.de\/index.php\/wp-json\/wp\/v2\/tags?post=75559"}],"curies":[{"name":"wp","href":"https:\/\/api.w.org\/{rel}","templated":true}]}}