{"id":75421,"date":"2024-06-02T18:11:47","date_gmt":"2024-06-02T16:11:47","guid":{"rendered":"https:\/\/www.die-stadtzeitung.de\/?p=75421"},"modified":"2024-06-07T11:36:46","modified_gmt":"2024-06-07T09:36:46","slug":"beliebtes-freiluftkino-flimmert-am-5-juli-wieder-los","status":"publish","type":"post","link":"https:\/\/www.die-stadtzeitung.de\/index.php\/2024\/06\/02\/beliebtes-freiluftkino-flimmert-am-5-juli-wieder-los\/","title":{"rendered":"Beliebtes Freiluftkino &#8222;flimmert&#8220; am 5. Juli wieder los"},"content":{"rendered":"<div class=\"textLayer\" data-main-rotation=\"0\">\n<div id=\"attachment_75425\" class=\"wp-caption alignnone\" style=\"max-width: 1410px;\"><img loading=\"lazy\" decoding=\"async\" class=\"wp-image-75425 size-full\" src=\"\/wp-content\/uploads\/2024\/05\/SINGIN-IN-THE-RAIN_Still03_Copyright-Warner-1.jpg\" alt=\"\" width=\"1400\" height=\"1070\" \/><span class=\"wp-caption-text\">Die ber\u00fchmte Hollywood-Verfilmung des Musical &#8222;Singin&#8216; In The Rain&#8220; mit Debbie Reynolds und Gene Kerlly &#8211; \u00a9 Warner<\/span><\/div>\n<p>Zum Auftakt am Freitag (05.07.) k\u00f6nnen sich die Besucherinnen und Besucher zun\u00e4chst auf ein Kurzkonzert des interkulturellen Frauenchors \u201eWomen of Wuppertal\u201c unter der Leitung von Hayat Chaoui freuen.<\/p>\n<p>Nach einer kleinen Umbaupause wird dann im Anschluss das legend\u00e4re Hollywood-Musical \u201eSingin\u2018 in the Rain\u201c in restaurierter Fassung zu sehen sein. Die acht langen Wochenenden im Lichthof zwischen Alter Feuerwache und Realschule Neue Friedrichstra\u00dfe bieten in diesem Jahr insgesamt 25 Filmn\u00e4chte mit ausgew\u00e4hlten Dramen, Ko-<br \/>\nm\u00f6dien, Krimis und Dokumentationen aus dem internationalen Kinogeschehen der letzten 12 Monate.<\/p>\n<p>Mit dabei sind unter anderem Aki Kaurism\u00e4kis \u201eFallende Bl\u00e4tter\u201c, \u201eWochenendrebellen\u201c mit Florian David Fitz, \u201ePerfect Days\u201c von Wim Wenders, \u201eAnatomie eines Falls\u201c mit Sandra H\u00fcller und \u201eDune: Part Two\u201c von Denis Villeneuve. Zudem ist das Wuppertaler Filmemacher-Kollektiv \u201eVollbild\u201c erneut mit einem Kurzfilmprogramm zu Gast, und mit der Preview von \u201eGloria!\u201c zeigt das Talflimmern einen brandneuen italienischen Historienfilm noch vor dem Start in den deutschen Lichtspielh\u00e4usern.<\/p>\n<div id=\"attachment_75431\" class=\"wp-caption alignnone\" style=\"max-width: 660px;\"><img loading=\"lazy\" decoding=\"async\" class=\"wp-image-75431 size-full\" src=\"\/wp-content\/uploads\/2024\/05\/Women-of-Wuppertal_Copyright-Bettina-Osswald.jpg\" alt=\"\" width=\"650\" height=\"448\" \/><span class=\"wp-caption-text\">Der Frauenchor &#8222;Women of Wuppertal&#8220; &#8211; \u00a9 &#8218;Bettina Osswald&#8216;<\/span><\/div>\n<p>Zum Abschluss des Sommerkinos wird es am 25. August ein besonderes Highlight geben: Die Wuppertaler Musikerinnen Gunda Gottschalk (Violine) und Ute V\u00f6lker (Akkordeon) werden die Projektion des Stummfilms \u201eDer Geiger von Florenz\u201c aus dem Jahr 1926 live begleiten. Dieser besondere Abend entstand in Kooperation mit dem \u201eFuture Now Festival\u201c, dessen Crew die Talflimmern-Location am Wochenende des 30.\/31. August \u00fcbernehmen wird.<\/p>\n<p>Abendkasse und Biergarten \u00f6ffnen jeweils eine Stunde vor Vorstellungsbeginn. Radst\u00e4nder finden sich auf dem gesamten Areal, Autofahrer k\u00f6nnen zwischen 21 und 3 Uhr den Parkplatz der benachbarten Realschule nutzen.<br \/>\nN\u00e4here Informationen sowie Trailer und Tickets zu den einzelnen Filmabenden sind im Internet<br \/>\nunter www.talflimmern.de zu finden.<\/p>\n<\/div>\n<h4><span id=\"p56R_mc0\" class=\"markedContent\"><\/span><span id=\"p56R_mc1\" class=\"markedContent\"><\/span><strong><span id=\"p56R_mc2\" class=\"markedContent\"><span class=\"markedContent\"><span id=\"undefined\" class=\"markedContent\"><span dir=\"ltr\" role=\"presentation\">Programm<\/span><\/span><span id=\"undefined\" class=\"markedContent\"> <span dir=\"ltr\" role=\"presentation\">TALFLIMMERN<\/span><\/span><span id=\"undefined\" class=\"markedContent\"> <span dir=\"ltr\" role=\"presentation\">2024<\/span><\/span><span id=\"undefined\" class=\"markedContent\"> <span dir=\"ltr\" role=\"presentation\">Stand: 30.05.2024<\/span><\/span><\/span><\/span><\/strong><\/h4>\n<p><span id=\"p56R_mc3\" class=\"markedContent\"><\/span><span id=\"p56R_mc4\" class=\"markedContent\"><\/span><span id=\"p56R_mc5\" class=\"markedContent\"><span id=\"undefined\" class=\"markedContent\"><\/span><\/span><span id=\"p56R_mc5\" class=\"markedContent\"><span class=\"markedContent\"><span id=\"undefined\" class=\"markedContent\"><span dir=\"ltr\" role=\"presentation\">FR &#8211; 05 Juli &#8211; 21:30<\/span><\/span><span id=\"undefined\" class=\"markedContent\"> <span dir=\"ltr\" role=\"presentation\">Opener:<\/span><\/span><span id=\"undefined\" class=\"markedContent\"> <span dir=\"ltr\" role=\"presentation\">\u201e<\/span><span dir=\"ltr\" role=\"presentation\">Women of Wuppertal<\/span><span dir=\"ltr\" role=\"presentation\">\u201c<\/span> <span dir=\"ltr\" role=\"presentation\">live<\/span><\/span><\/span><\/span><span id=\"p56R_mc6\" class=\"markedContent\"><span class=\"markedContent\"><span id=\"undefined\" class=\"markedContent\"><br role=\"presentation\" \/><span dir=\"ltr\" role=\"presentation\">Klassiker:<\/span><\/span><span id=\"undefined\" class=\"markedContent\"> <span dir=\"ltr\" role=\"presentation\">SINGIN&#8216; IN THE RAIN von Stanley Donen &amp; Gene Kelly<\/span><\/span><\/span><\/span><span id=\"p56R_mc7\" class=\"markedContent\"><span class=\"markedContent\"><span id=\"undefined\" class=\"markedContent\"><br role=\"presentation\" \/><span dir=\"ltr\" role=\"presentation\">SA &#8211; 06. Juli &#8211; 22:00<\/span><\/span><span id=\"undefined\" class=\"markedContent\"> <span dir=\"ltr\" role=\"presentation\">FALLENDE BL\u00c4TTER von Aki Kaurism\u00e4ki<\/span><\/span><\/span><\/span><span id=\"p56R_mc8\" class=\"markedContent\"><span class=\"markedContent\"><span id=\"undefined\" class=\"markedContent\"><br role=\"presentation\" \/><span dir=\"ltr\" role=\"presentation\">SO &#8211; 07. Juli &#8211; 22:00<\/span><\/span><span id=\"undefined\" class=\"markedContent\"> <span dir=\"ltr\" role=\"presentation\">Kurzfilmrolle Vollbild e.V.:<\/span><\/span><span id=\"undefined\" class=\"markedContent\"> <span dir=\"ltr\" role=\"presentation\">VOLLBILDFLIMMERN<\/span><\/span><\/span><\/span><span id=\"p56R_mc9\" class=\"markedContent\"><\/span><span id=\"p56R_mc10\" class=\"markedContent\"><\/span><span id=\"p56R_mc11\" class=\"markedContent\"><span class=\"markedContent\"><span id=\"undefined\" class=\"markedContent\"><br role=\"presentation\" \/><span dir=\"ltr\" role=\"presentation\">DO &#8211; 11. Juli\u00a0 &#8211; 22:00<\/span><\/span><span id=\"undefined\" class=\"markedContent\"> <span dir=\"ltr\" role=\"presentation\">WOCHENENDREBELLEN von Marc Rothemund<\/span><\/span><\/span><\/span><span id=\"p56R_mc12\" class=\"markedContent\"><span class=\"markedContent\"><span id=\"undefined\" class=\"markedContent\"><br role=\"presentation\" \/><span dir=\"ltr\" role=\"presentation\">FR &#8211; 12. Juli\u00a0 &#8211; 22:00<\/span><\/span><span id=\"undefined\" class=\"markedContent\"> <span dir=\"ltr\" role=\"presentation\">BOB MARLEY: ONE LOVE von Reinaldo Marcus Green<\/span><\/span><\/span><\/span><span id=\"p56R_mc13\" class=\"markedContent\"><span class=\"markedContent\"><span id=\"undefined\" class=\"markedContent\"><br role=\"presentation\" \/><span dir=\"ltr\" role=\"presentation\">SA &#8211; 13. Juli\u00a0 &#8211; 22:00<\/span><\/span><span id=\"undefined\" class=\"markedContent\"> <span dir=\"ltr\" role=\"presentation\">THE LOST KING von Stephen Frears<\/span><\/span><\/span><\/span><span id=\"p56R_mc14\" class=\"markedContent\"><\/span><span id=\"p56R_mc15\" class=\"markedContent\"><\/span><span id=\"p56R_mc16\" class=\"markedContent\"><span class=\"markedContent\"><span id=\"undefined\" class=\"markedContent\"><br role=\"presentation\" \/><span dir=\"ltr\" role=\"presentation\">DO &#8211; 18. Juli\u00a0 &#8211; 21:45<\/span><\/span><span id=\"undefined\" class=\"markedContent\"> <span dir=\"ltr\" role=\"presentation\">AUF DEM WEG von Denis Imbert<\/span><\/span><\/span><\/span><span id=\"p56R_mc17\" class=\"markedContent\"><span class=\"markedContent\"><span id=\"undefined\" class=\"markedContent\"><br role=\"presentation\" \/><span dir=\"ltr\" role=\"presentation\">FR &#8211; 19. Juli\u00a0 &#8211; 21:45<\/span><\/span><span id=\"undefined\" class=\"markedContent\"> <span dir=\"ltr\" role=\"presentation\">THE PERSIAN VERSION<\/span><\/span><span id=\"undefined\" class=\"markedContent\"> <span dir=\"ltr\" role=\"presentation\">von Maryam Keshavarz<\/span><\/span><\/span><\/span><span id=\"p56R_mc18\" class=\"markedContent\"><span class=\"markedContent\"><span id=\"undefined\" class=\"markedContent\"><br role=\"presentation\" \/><span dir=\"ltr\" role=\"presentation\">SA &#8211; 20. Juli &#8211; 21:45<\/span><\/span><span id=\"undefined\" class=\"markedContent\"> <span dir=\"ltr\" role=\"presentation\">IRDISCHE VERSE von<\/span><\/span><span id=\"undefined\" class=\"markedContent\"> <span dir=\"ltr\" role=\"presentation\">Ali Asgari und Alireza Khatami<\/span><\/span><\/span><\/span><span id=\"p56R_mc19\" class=\"markedContent\"><\/span><span id=\"p56R_mc20\" class=\"markedContent\"><\/span><span id=\"p56R_mc21\" class=\"markedContent\"><span id=\"undefined\" class=\"markedContent\"><\/span><\/span><\/p>\n<div id=\"attachment_75432\" class=\"wp-caption alignnone\" style=\"max-width: 660px;\"><img loading=\"lazy\" decoding=\"async\" class=\"wp-image-75432 size-full\" src=\"\/wp-content\/uploads\/2024\/05\/Talflimmern_Innenhof__honorarfrei_nutzbar__Copyright_cinopsis-1.jpg\" alt=\"\" width=\"650\" height=\"431\" \/><span class=\"wp-caption-text\">Talflimmern-Areal in der Alten Feuerwache &#8211; \u00a9 &#8218;cinopsis&#8216;<\/span><\/div>\n<p><span id=\"p56R_mc21\" class=\"markedContent\"><span class=\"markedContent\"><span id=\"undefined\" class=\"markedContent\"><br role=\"presentation\" \/><span dir=\"ltr\" role=\"presentation\">DO &#8211; 25. Juli &#8211; 21:30<\/span><\/span><span id=\"undefined\" class=\"markedContent\"> <span dir=\"ltr\" role=\"presentation\">Dokurolle:<\/span><\/span><span id=\"undefined\" class=\"markedContent\"> <span dir=\"ltr\" role=\"presentation\">GREEN SCREEN TOUR 2023\/24<\/span><\/span><\/span><\/span><span id=\"p56R_mc22\" class=\"markedContent\"><span class=\"markedContent\"><span id=\"undefined\" class=\"markedContent\"><br role=\"presentation\" \/><span dir=\"ltr\" role=\"presentation\">FR &#8211; 26. Juli &#8211; 21:30<\/span><\/span><span id=\"undefined\" class=\"markedContent\"> <span dir=\"ltr\" role=\"presentation\">MAY DECEMBER von Todd Haynes<\/span><\/span><\/span><\/span><span id=\"p56R_mc23\" class=\"markedContent\"><span class=\"markedContent\"><span id=\"undefined\" class=\"markedContent\"><br role=\"presentation\" \/><span dir=\"ltr\" role=\"presentation\">SA &#8211; 27. Juli &#8211; 21:30<\/span><\/span><span id=\"undefined\" class=\"markedContent\"> <span dir=\"ltr\" role=\"presentation\">PERFECT DAYS von Wim Wenders<\/span><\/span><\/span><\/span><span id=\"p56R_mc24\" class=\"markedContent\"><\/span><span id=\"p56R_mc25\" class=\"markedContent\"><\/span><span id=\"p56R_mc26\" class=\"markedContent\"><span class=\"markedContent\"><span id=\"undefined\" class=\"markedContent\"><br role=\"presentation\" \/><span dir=\"ltr\" role=\"presentation\">DO &#8211; 01. Aug &#8211; 21:30<\/span><\/span><span id=\"undefined\" class=\"markedContent\"> <span dir=\"ltr\" role=\"presentation\">DIE HERRLICHKEIT DES LEBENS<\/span><\/span><span id=\"undefined\" class=\"markedContent\"> <span dir=\"ltr\" role=\"presentation\">von Georg Maas &amp; Judith Kaufmann<\/span><\/span><\/span><\/span><span id=\"p56R_mc27\" class=\"markedContent\"><span class=\"markedContent\"><span id=\"undefined\" class=\"markedContent\"><br role=\"presentation\" \/><span dir=\"ltr\" role=\"presentation\">FR\u00a0 &#8211; 02. Aug &#8211; 21:30<\/span><\/span><span id=\"undefined\" class=\"markedContent\"> <span dir=\"ltr\" role=\"presentation\">ICH CAPITANO von Matteo Garrone<\/span><\/span><\/span><\/span><span id=\"p56R_mc28\" class=\"markedContent\"><span class=\"markedContent\"><span id=\"undefined\" class=\"markedContent\"><br role=\"presentation\" \/><span dir=\"ltr\" role=\"presentation\">SA &#8211; 03. Aug &#8211; 21:30<\/span><\/span><span id=\"undefined\" class=\"markedContent\"> <span dir=\"ltr\" role=\"presentation\">L&#8217;IMMENSIT\u00c0 &#8211; MEINE FANTASTISCHE MUTTER<\/span><\/span><span id=\"undefined\" class=\"markedContent\"> <span dir=\"ltr\" role=\"presentation\">von Emanuele Crialese<\/span><\/span><\/span><\/span><span id=\"p56R_mc29\" class=\"markedContent\"><\/span><span id=\"p56R_mc30\" class=\"markedContent\"><\/span><span id=\"p56R_mc31\" class=\"markedContent\"><span class=\"markedContent\"><span id=\"undefined\" class=\"markedContent\"><br role=\"presentation\" \/><span dir=\"ltr\" role=\"presentation\">DO &#8211; 08. Aug &#8211; 21:30<\/span><\/span><span id=\"undefined\" class=\"markedContent\"> <span dir=\"ltr\" role=\"presentation\">EIN GANZES LEBEN von Hans Steinbichler<\/span><\/span><\/span><\/span><span id=\"p56R_mc32\" class=\"markedContent\"><span class=\"markedContent\"><span id=\"undefined\" class=\"markedContent\"><br role=\"presentation\" \/><span dir=\"ltr\" role=\"presentation\">FR &#8211; 09. Aug &#8211; 21:30<\/span><\/span><span id=\"undefined\" class=\"markedContent\"> <span dir=\"ltr\" role=\"presentation\">VON V\u00c4TERN UND M\u00dcTTERN von Paprika Steen<\/span><\/span><\/span><\/span><span id=\"p56R_mc33\" class=\"markedContent\"><span class=\"markedContent\"><span id=\"undefined\" class=\"markedContent\"><br role=\"presentation\" \/><span dir=\"ltr\" role=\"presentation\">SA &#8211; 10. Aug\u00a0 -21:30<\/span><\/span><span id=\"undefined\" class=\"markedContent\"> <span dir=\"ltr\" role=\"presentation\">GELIEBTE K\u00d6CHIN von<\/span><\/span><span id=\"undefined\" class=\"markedContent\"> <span dir=\"ltr\" role=\"presentation\">Tran Anh Hung<\/span><\/span><\/span><\/span><span id=\"p56R_mc34\" class=\"markedContent\"><\/span><span id=\"p56R_mc35\" class=\"markedContent\"><\/span><span id=\"p56R_mc36\" class=\"markedContent\"><span class=\"markedContent\"><span id=\"undefined\" class=\"markedContent\"><br role=\"presentation\" \/><span dir=\"ltr\" role=\"presentation\">DO &#8211; 15. Aug &#8211; 21:15<\/span><\/span><span id=\"undefined\" class=\"markedContent\"> <span dir=\"ltr\" role=\"presentation\">DER JUNGE UND DER REIHER<\/span><\/span><span id=\"undefined\" class=\"markedContent\"> <span dir=\"ltr\" role=\"presentation\">von Hayao Miyazaki<\/span><\/span><\/span><\/span><span id=\"p56R_mc37\" class=\"markedContent\"><span class=\"markedContent\"><span id=\"undefined\" class=\"markedContent\"><br role=\"presentation\" \/><span dir=\"ltr\" role=\"presentation\">FR &#8211; 16. Aug &#8211; 21:15<\/span><\/span><span id=\"undefined\" class=\"markedContent\"> <span dir=\"ltr\" role=\"presentation\">EIN GL\u00dcCKSFALL von Woody Allen<\/span><\/span><\/span><\/span><span id=\"p56R_mc38\" class=\"markedContent\"><span class=\"markedContent\"><span id=\"undefined\" class=\"markedContent\"><br role=\"presentation\" \/><span dir=\"ltr\" role=\"presentation\">SA &#8211; 17. Aug\u00a0 &#8211; 21:15<\/span><\/span><span id=\"undefined\" class=\"markedContent\"> <span dir=\"ltr\" role=\"presentation\">ANATOMIE EINES FALLS<\/span><\/span><span id=\"undefined\" class=\"markedContent\"> <span dir=\"ltr\" role=\"presentation\">von Justine Triet<\/span><\/span><\/span><\/span><span id=\"p56R_mc39\" class=\"markedContent\"><\/span><span id=\"p56R_mc40\" class=\"markedContent\"><span class=\"markedContent\"><span id=\"undefined\" class=\"markedContent\"><br role=\"presentation\" \/><span dir=\"ltr\" role=\"presentation\">SO &#8211; 18. Aug &#8211; 21:00<\/span><\/span><span id=\"undefined\" class=\"markedContent\"> <span dir=\"ltr\" role=\"presentation\">Benefiz Alte Feuerwache:<\/span><\/span><span id=\"undefined\" class=\"markedContent\"> <span dir=\"ltr\" role=\"presentation\">SIEGER SEIN von Soleef Yusef<\/span><\/span><\/span><\/span><span id=\"p56R_mc41\" class=\"markedContent\"><\/span><span id=\"p56R_mc42\" class=\"markedContent\"><\/span><span id=\"p56R_mc43\" class=\"markedContent\"><span class=\"markedContent\"><span id=\"undefined\" class=\"markedContent\"><br role=\"presentation\" \/><span dir=\"ltr\" role=\"presentation\">FR &#8211; 23. Aug &#8211; 21:00<\/span><\/span><span id=\"undefined\" class=\"markedContent\"> <span dir=\"ltr\" role=\"presentation\">DUNE: PART TWO von Denis Villeneuve<\/span><\/span><\/span><\/span><span id=\"p56R_mc44\" class=\"markedContent\"><span class=\"markedContent\"><span id=\"undefined\" class=\"markedContent\"><br role=\"presentation\" \/><span dir=\"ltr\" role=\"presentation\">SA &#8211; 24. Aug &#8211; 21:00<\/span><\/span><span id=\"undefined\" class=\"markedContent\"> <span dir=\"ltr\" role=\"presentation\">Preview:<\/span><\/span><span id=\"undefined\" class=\"markedContent\"> <span dir=\"ltr\" role=\"presentation\">GLORIA! von<\/span><\/span><span id=\"undefined\" class=\"markedContent\"> <span dir=\"ltr\" role=\"presentation\">Margherita Vicario<\/span><\/span><\/span><\/span><span id=\"p56R_mc45\" class=\"markedContent\"><span class=\"markedContent\"><span id=\"undefined\" class=\"markedContent\"><br role=\"presentation\" \/><span dir=\"ltr\" role=\"presentation\">SO &#8211; 25. Aug &#8211; 21:00<\/span><\/span><span id=\"undefined\" class=\"markedContent\"> <span dir=\"ltr\" role=\"presentation\">Stummfilm + Livemusik:<\/span><\/span><span id=\"undefined\" class=\"markedContent\"> <span dir=\"ltr\" role=\"presentation\">DER GEIGER VON FLORENZ<\/span><\/span><\/span><\/span><span id=\"p56R_mc46\" class=\"markedContent\"><span class=\"markedContent\"><span id=\"undefined\" class=\"markedContent\"><br role=\"presentation\" \/><span dir=\"ltr\" role=\"presentation\">von Paul Czinner, musikalisch begleitet von Gunda Gottschalk<\/span><\/span><\/span><\/span><span id=\"p56R_mc47\" class=\"markedContent\"><span class=\"markedContent\"><span id=\"undefined\" class=\"markedContent\"><br role=\"presentation\" \/><span dir=\"ltr\" role=\"presentation\">(Violine) und Ute V\u00f6lker (Akkordeon)<\/span><\/span><\/span><\/span><span id=\"p56R_mc48\" class=\"markedContent\"><\/span><span id=\"p56R_mc49\" class=\"markedContent\"><\/span><span id=\"p56R_mc50\" class=\"markedContent\"><span id=\"undefined\" class=\"markedContent\"><\/span><\/span><\/p>\n<p><span id=\"p56R_mc50\" class=\"markedContent\"><span class=\"markedContent\"><span id=\"undefined\" class=\"markedContent\"><br role=\"presentation\" \/><span dir=\"ltr\" role=\"presentation\">Talflimmern \/ Open-Air-Kino Wuppertal<\/span><\/span><span id=\"undefined\" class=\"markedContent\"> <span dir=\"ltr\" role=\"presentation\">&#8211;<\/span><\/span><span id=\"undefined\" class=\"markedContent\"> <span dir=\"ltr\" role=\"presentation\">Alte Feuerwache &#8211; Gathe 6 &#8211; 42107 Wuppertal<\/span><\/span><\/span><\/span><span id=\"p56R_mc51\" class=\"markedContent\"><\/span><span id=\"p56R_mc52\" class=\"markedContent\"><span class=\"markedContent\"><span id=\"undefined\" class=\"markedContent\"><br role=\"presentation\" \/><span dir=\"ltr\" role=\"presentation\">Tickets via<\/span><\/span><span id=\"undefined\" class=\"markedContent\"> <span dir=\"ltr\" aria-owns=\"pdfjs_internal_id_44R\">www.talflimmern.de<\/span><\/span><span id=\"undefined\" class=\"markedContent\"> <span dir=\"ltr\" role=\"presentation\">sowie an mehr als 20 Orten im gesamten Bergischen Raum<\/span><\/span><\/span><\/span><span id=\"p56R_mc53\" class=\"markedContent\"><span class=\"markedContent\"><span id=\"undefined\" class=\"markedContent\"><br role=\"presentation\" \/><span dir=\"ltr\" role=\"presentation\">Kinotelefon: 0202 \/ 40 86 99 00 (an den Veranstaltungsabenden ab ca. 21 Uhr besetzt &#8211; ggf. Anrufbeantworter)<\/span><\/span><\/span><\/span><span id=\"p56R_mc54\" class=\"markedContent\"><\/span><span id=\"p56R_mc55\" class=\"markedContent\"><span class=\"markedContent\"><span id=\"undefined\" class=\"markedContent\"><br role=\"presentation\" \/><\/span><\/span><\/span><\/p>\n<p><strong><span id=\"p33R_mc4\" class=\"markedContent\"><span class=\"markedContent\"><span id=\"undefined\" class=\"markedContent\"><span dir=\"ltr\" role=\"presentation\">TALFLIMMERN 2024<\/span><\/span><\/span><\/span><\/strong><span id=\"p33R_mc5\" class=\"markedContent\"><span class=\"markedContent\"><span id=\"undefined\" class=\"markedContent\"><br role=\"presentation\" \/><span dir=\"ltr\" role=\"presentation\">05. Juli &#8211; 25. August<\/span><\/span><\/span><\/span><span id=\"p33R_mc6\" class=\"markedContent\"><\/span><span id=\"p33R_mc7\" class=\"markedContent\"><span class=\"markedContent\"><span id=\"undefined\" class=\"markedContent\"><br role=\"presentation\" \/><span dir=\"ltr\" role=\"presentation\">Innenhof Alte Feuerwache<\/span> <span dir=\"ltr\" role=\"presentation\">Gathe N\u00b0 6<\/span><\/span><\/span><\/span><span id=\"p33R_mc8\" class=\"markedContent\"><span class=\"markedContent\"><span id=\"undefined\" class=\"markedContent\"><br role=\"presentation\" \/><span dir=\"ltr\" role=\"presentation\">42107 Wuppertal<\/span> <span dir=\"ltr\" role=\"presentation\">www.talflimmern.de<\/span><\/span><\/span><\/span><span id=\"p33R_mc9\" class=\"markedContent\"><\/span><span id=\"p33R_mc10\" class=\"markedContent\"><span class=\"markedContent\"><span id=\"undefined\" class=\"markedContent\"><br role=\"presentation\" \/><span dir=\"ltr\" role=\"presentation\">Vorverkauf via www.wuppertal-live.de<\/span><\/span><\/span><\/span><span id=\"p33R_mc11\" class=\"markedContent\"><\/span><span id=\"p33R_mc12\" class=\"markedContent\"><\/span><span id=\"p33R_mc13\" class=\"markedContent\"><\/span><span id=\"p33R_mc15\" class=\"markedContent\"><\/span><span id=\"p33R_mc16\" class=\"markedContent\"><\/span><span id=\"p33R_mc17\" class=\"markedContent\"><\/span><span id=\"p33R_mc18\" class=\"markedContent\"><\/span><span id=\"p33R_mc19\" class=\"markedContent\"><span id=\"undefined\" class=\"markedContent\"><\/span><\/span><\/p>\n<p><span id=\"p56R_mc55\" class=\"markedContent\"><span class=\"markedContent\"><span id=\"undefined\" class=\"markedContent\"><span dir=\"ltr\" role=\"presentation\">Veranstalter: cinopsis<\/span><\/span><span id=\"undefined\" class=\"markedContent\"> <span dir=\"ltr\" role=\"presentation\">\u00b7<\/span><\/span><span id=\"undefined\" class=\"markedContent\"> <span dir=\"ltr\" role=\"presentation\">Rieder und Tykwer GbR<\/span><\/span><span id=\"undefined\" class=\"markedContent\"> <span dir=\"ltr\" role=\"presentation\">\u00b7<\/span><\/span><span id=\"undefined\" class=\"markedContent\"> <span dir=\"ltr\" role=\"presentation\">www.cinopsis.de<\/span><\/span><\/span><\/span><\/p>\n<p>&nbsp;<\/p>\n<p><span id=\"p33R_mc14\" class=\"markedContent\"><span class=\"markedContent\"><span id=\"undefined\" class=\"markedContent\"><span dir=\"ltr\" role=\"presentation\">Foto:<\/span> <span dir=\"ltr\" role=\"presentation\">\u201e<\/span><span dir=\"ltr\" role=\"presentation\">Singin<\/span><span dir=\"ltr\" role=\"presentation\">\u2018<\/span> <span dir=\"ltr\" role=\"presentation\">in the Rain<\/span><span dir=\"ltr\" role=\"presentation\">\u201c<\/span> <span dir=\"ltr\" role=\"presentation\">\u00a9 Warner<\/span><\/span><\/span><\/span><\/p>\n<p>&nbsp;<\/p>\n","protected":false},"excerpt":{"rendered":"<p>Die Vorbeitungen f\u00fcr &#8222;Talflimmern-Saison 2024&#8220; laufen bereits im Hintergrund auf Hochtouren! Denn Anfang Juli startet das Wuppertaler Freiluftkino Talflimmern in der Alten Feuerwache an der Elberfelder Gathe in die<br \/>\nneue Spielzeit.<\/p>\n","protected":false},"author":7,"featured_media":0,"comment_status":"open","ping_status":"open","sticky":false,"template":"","format":"standard","meta":{"footnotes":""},"categories":[29],"tags":[],"class_list":["post-75421","post","type-post","status-publish","format-standard","hentry","category-kultur"],"publishpress_future_action":{"enabled":false,"date":"2026-05-05 17:06:16","action":"change-status","newStatus":"draft","terms":[],"taxonomy":"category","extraData":[]},"publishpress_future_workflow_manual_trigger":{"enabledWorkflows":[]},"_links":{"self":[{"href":"https:\/\/www.die-stadtzeitung.de\/index.php\/wp-json\/wp\/v2\/posts\/75421","targetHints":{"allow":["GET"]}}],"collection":[{"href":"https:\/\/www.die-stadtzeitung.de\/index.php\/wp-json\/wp\/v2\/posts"}],"about":[{"href":"https:\/\/www.die-stadtzeitung.de\/index.php\/wp-json\/wp\/v2\/types\/post"}],"author":[{"embeddable":true,"href":"https:\/\/www.die-stadtzeitung.de\/index.php\/wp-json\/wp\/v2\/users\/7"}],"replies":[{"embeddable":true,"href":"https:\/\/www.die-stadtzeitung.de\/index.php\/wp-json\/wp\/v2\/comments?post=75421"}],"version-history":[{"count":7,"href":"https:\/\/www.die-stadtzeitung.de\/index.php\/wp-json\/wp\/v2\/posts\/75421\/revisions"}],"predecessor-version":[{"id":75433,"href":"https:\/\/www.die-stadtzeitung.de\/index.php\/wp-json\/wp\/v2\/posts\/75421\/revisions\/75433"}],"wp:attachment":[{"href":"https:\/\/www.die-stadtzeitung.de\/index.php\/wp-json\/wp\/v2\/media?parent=75421"}],"wp:term":[{"taxonomy":"category","embeddable":true,"href":"https:\/\/www.die-stadtzeitung.de\/index.php\/wp-json\/wp\/v2\/categories?post=75421"},{"taxonomy":"post_tag","embeddable":true,"href":"https:\/\/www.die-stadtzeitung.de\/index.php\/wp-json\/wp\/v2\/tags?post=75421"}],"curies":[{"name":"wp","href":"https:\/\/api.w.org\/{rel}","templated":true}]}}