{"id":75138,"date":"2024-05-12T13:35:18","date_gmt":"2024-05-12T11:35:18","guid":{"rendered":"https:\/\/www.die-stadtzeitung.de\/?p=75138"},"modified":"2024-06-01T10:05:03","modified_gmt":"2024-06-01T08:05:03","slug":"bhc-kaempft-auch-auf-dem-spielfeldd-weiter-gegen-den-abstieg","status":"publish","type":"post","link":"https:\/\/www.die-stadtzeitung.de\/index.php\/2024\/05\/12\/bhc-kaempft-auch-auf-dem-spielfeldd-weiter-gegen-den-abstieg\/","title":{"rendered":"BHC k\u00e4mpft auch auf dem Spielfeld weiter gegen den Abstieg"},"content":{"rendered":"<div id=\"attachment_61526\" class=\"wp-caption alignnone\" style=\"max-width: 2570px;\"><img loading=\"lazy\" decoding=\"async\" class=\"size-full wp-image-61526\" src=\"\/wp-content\/uploads\/2023\/03\/Stutzke-2-Jichen-Classen--scaled.jpg\" alt=\"\" width=\"2560\" height=\"1706\" \/><span class=\"wp-caption-text\">Lukas Stutzke hat seine Erk\u00e4ltung auskuriert und steht dem BHC gegen Lemgo zur Verf\u00fcgung &#8211; \u00a9 Archivfoto Jochen Classen<\/span><\/div>\n<p>Der TBV Lemgo Lippe ist am Sonntag um 16:30 Uhr in der Wuppertaler Unihalle am drittletzten Spieltag zu Gast. Nach zwei Siegen in Folge und gro\u00dfer Hoffnung, den HC Erlangen im Kampf um Platz 16 noch einzuholen, verloren die Bergischen mit 30:32 in Hamburg. \u201eDa war nat\u00fcrlich ein Knick da. Wir hatten uns viel vorgenommen, waren auch nah dran, aber es hat nicht gereicht. Das musste erstmal sacken\u201c, beschreibt P\u00fctz die Stimmung in den n\u00e4chsten Einheiten.<\/p>\n<p>In der Analyse fand das Trainertrio viele Gr\u00fcnde f\u00fcr die Niederlage. \u201eZuallererst hatten wir nicht den Zugriff in der Deckung wie in den Spielen zuvor\u201c, erl\u00e4utert P\u00fctz. \u201eDann hat uns die Rote Karte gegen Frederik Ladefoged nat\u00fcrlich wehgetan, und wir haben viele Sechs-Meter-Chancen liegen gelassen. Zufrieden konnten wir mit dem Tempospiel sein &#8211; aus dem haben wir die H\u00e4lfte unserer Tore gemacht. Aber in Summe war es zu wenig, um zu gewinnen.\u201c<\/p>\n<p>Trotz des D\u00e4mpfers ist das Thema des 16. Platzes l\u00e4ngst nicht abgehakt. \u201eWenn wir Lemgo schlagen und Erlangen gegen Magdeburg verliert, sind wir auf einen Punkt ran. Damit w\u00fcrden wir maximalen Druck aus\u00fcben. Das muss das Ziel sein\u201c, sagt der 38-J\u00e4hrige. \u201eJa, wir haben danach ein anspruchsvolles Programm, aber damit besch\u00e4ftigen wir uns, wenn wir den ersten Schritt geschafft haben. Nur darauf liegt jetzt unser Fokus.\u201c<\/p>\n<p>Damit der Erfolg gelingt, setzten P\u00fctz, Gunnarsson und Co. auf eine gut gef\u00fcllte Unihalle: \u201eWas uns das bringt, haben wir auch gegen Erlangen gesehen. Die Unterst\u00fctzung war hervorragend, wir haben das Spiel gewonnen. Hoffentlich legen wir am Sonntag nach.\u201c Tickets f\u00fcr Pfingstsonntag sind noch verf\u00fcgbar &#8211; an der Tageskasse oder vorab auf www.bhctickets.de online.<\/p>\n<h4>L\u00f6wen gehen gut vorbereitet in das Spiel<\/h4>\n<p>Der TBV Lemgo absolviert eine weitere Spielzeit im gesicherten Mittelfeld und sehr ordentlichen Ergebnissen. In j\u00fcngerer Vergangenheit gewann das Team von Trainer Florian Kehrmann mit 30:25 beim ThSV Eisenach &#8211; was in dieser Saison bekanntlich keine Selbstverst\u00e4ndlichkeit ist.<\/p>\n<p>\u201eDie Mannschaft tritt sehr clever und geduldig auf, hat dabei eine klare Spielidee. Tim Suton und Lukas Hutecek sind sehr gute Entscheidungsspieler\u201c, sagt P\u00fctz. \u201eSehr erfolgreich agieren sie auch mit dem siebten Feldspieler &#8211; darauf m\u00fcssen wir uns vorbereiten.\u201c Die Unterzahl-Abwehr hat beim BHC oft nicht besonders gut funktioniert, so dass dies einen Trainingsschwerpunkt ausgemacht hat.<\/p>\n<p>Die Spielpause von bis Sonntag immerhin 17 Tagen hat den Bergischen gut getan. Djibril M&#8217;Bengue konnte sein Knie ein wenig schonen, Lukas Stutzke hat eine Erk\u00e4ltung auskuriert, Linus Arnesson hat mit R\u00fcckenproblemen pausiert. Auf L\u00e4nderspielreise befanden sich nur Antoni Doniecki (Polen) und Tomas Babak (Tschechien). \u201eAnsonsten haben wir gut trainiert\u201c, berichtet Markus P\u00fctz. \u201eAron Seesing kommt immer besser rein. Er hat keine Probleme mit der Schulter und bekommt ein immer besseres Gef\u00fchl f\u00fcr die Abwehr.\u201c Zwei Ausf\u00e4lle hat der BHC: die beiden Langzeitverletzten Elias Scholtes und Tom Kare Nikolaisen.<\/p>\n","protected":false},"excerpt":{"rendered":"<p>Die Situation rund um die nicht erteilte Lizenz an den HSV Hamburg hat f\u00fcr Unruhe in der LIQUI MOLY HBL gesorgt. Mannschaft und Trainerteam des Bergischen HC m\u00f6chten sich davon allerdings nicht beeinflussen lassen. \u201eWir k\u00e4mpfen weiter um den 16. Platz. Daf\u00fcr m\u00fcssen wir am Sonntag gewinnen\u201c, sagt Markus P\u00fctz, der zusammen mit Arnor Gunnarsson und Fabian Gutbrod die sportliche Verantwortung f\u00fcr das Team hat.<\/p>\n","protected":false},"author":7,"featured_media":0,"comment_status":"open","ping_status":"open","sticky":false,"template":"","format":"standard","meta":{"footnotes":""},"categories":[20],"tags":[],"class_list":["post-75138","post","type-post","status-publish","format-standard","hentry","category-sport"],"publishpress_future_action":{"enabled":false,"date":"2026-05-05 05:00:20","action":"change-status","newStatus":"draft","terms":[],"taxonomy":"category","extraData":[]},"publishpress_future_workflow_manual_trigger":{"enabledWorkflows":[]},"_links":{"self":[{"href":"https:\/\/www.die-stadtzeitung.de\/index.php\/wp-json\/wp\/v2\/posts\/75138","targetHints":{"allow":["GET"]}}],"collection":[{"href":"https:\/\/www.die-stadtzeitung.de\/index.php\/wp-json\/wp\/v2\/posts"}],"about":[{"href":"https:\/\/www.die-stadtzeitung.de\/index.php\/wp-json\/wp\/v2\/types\/post"}],"author":[{"embeddable":true,"href":"https:\/\/www.die-stadtzeitung.de\/index.php\/wp-json\/wp\/v2\/users\/7"}],"replies":[{"embeddable":true,"href":"https:\/\/www.die-stadtzeitung.de\/index.php\/wp-json\/wp\/v2\/comments?post=75138"}],"version-history":[{"count":4,"href":"https:\/\/www.die-stadtzeitung.de\/index.php\/wp-json\/wp\/v2\/posts\/75138\/revisions"}],"predecessor-version":[{"id":75444,"href":"https:\/\/www.die-stadtzeitung.de\/index.php\/wp-json\/wp\/v2\/posts\/75138\/revisions\/75444"}],"wp:attachment":[{"href":"https:\/\/www.die-stadtzeitung.de\/index.php\/wp-json\/wp\/v2\/media?parent=75138"}],"wp:term":[{"taxonomy":"category","embeddable":true,"href":"https:\/\/www.die-stadtzeitung.de\/index.php\/wp-json\/wp\/v2\/categories?post=75138"},{"taxonomy":"post_tag","embeddable":true,"href":"https:\/\/www.die-stadtzeitung.de\/index.php\/wp-json\/wp\/v2\/tags?post=75138"}],"curies":[{"name":"wp","href":"https:\/\/api.w.org\/{rel}","templated":true}]}}