{"id":74887,"date":"2024-05-18T08:21:36","date_gmt":"2024-05-18T06:21:36","guid":{"rendered":"https:\/\/www.die-stadtzeitung.de\/?p=74887"},"modified":"2024-11-12T13:31:55","modified_gmt":"2024-11-12T12:31:55","slug":"mirjam-von-eigen-ist-auf-der-buehne-gross-geworden","status":"publish","type":"post","link":"https:\/\/www.die-stadtzeitung.de\/index.php\/2024\/05\/18\/mirjam-von-eigen-ist-auf-der-buehne-gross-geworden\/","title":{"rendered":"Mirjam von Eigen ist auf der B\u00fchne gro\u00df geworden"},"content":{"rendered":"<div id=\"attachment_74890\" class=\"wp-caption alignnone\" style=\"max-width: 2058px;\"><img loading=\"lazy\" decoding=\"async\" class=\"wp-image-74890 size-full\" src=\"\/wp-content\/uploads\/2017\/05\/IMG-0685.jpg\" alt=\"\" width=\"2048\" height=\"1366\" \/><span class=\"wp-caption-text\">Die S\u00e4ngerin und Gesangslehrerin Mirjam von Eigen &#8211; \u00a9 Julian Keno<\/span><\/div>\n<p>Mirjam von Eigen steht nicht nur selbst am Mikrofon, sie bildet auch andere S\u00e4ngerinnen und S\u00e4nger aus. Ihr bekanntester Sch\u00fcler im Ruhrgebiet ist Sterne-Koch Nelson M\u00fcller, der nicht nur in der Gourmet-K\u00fcche ein Virtuose ist, sondern auch ein herausragender S\u00e4nger. Ihn betreut Mirjam von Eigen seit vielen Jahren als Vocal-Coach.<\/p>\n<p>Die S\u00e4ngerin (39) wuchs im beschaulichen Meppen im Emsland auf. \u201eMusik hat mich schon ganz fr\u00fch fasziniert\u201c, erkl\u00e4rt die K\u00fcnstlerin. Als 14j\u00e4hrige trat sie schon fast ausschlie\u00dflich mit erwachsenen Musikern auf. Rock und Pop waren und sind ihr Ding. Aber auch bei Jazz-Jam-Sessions stand sie routiniert ihre Frau.<\/p>\n<h4>Musik-Studium in den Niederlanden<\/h4>\n<p>Mit 18 Jahren zog Mirjam von Eigen nach Enschede (Niederlande) und studierte dort an Pop-Akademie Gesang. Ihre Leistungen fanden so viel Anklang, dass sie nach dem erfolgreichen Abschluss als \u201eBachelor of Music\u201c von der Musikhochschule selbst als Dozentin engagiert wurde. Sie lehrt au\u00dferdem an der evangelischen Hochschule f\u00fcr Pop-Musik in Witten.<\/p>\n<p>Obwohl ihr Rock und Pop besonders am Herz liegen, l\u00e4sst sie gern anklingen, wie breit sie musikalisch aufgestellt ist. Mirjam von Eigen: \u201eIch lasse mich ungern in eine Schublade stecken. Alles war ich beruflich tue, mache ich professionell und mit Leidenschaft: Jingles und Werbung einsingen, Backing Vocals, Komponieren und auch Gesangsunterricht geben.\u201c<\/p>\n<div id=\"attachment_74891\" class=\"wp-caption alignnone\" style=\"max-width: 560px;\"><img loading=\"lazy\" decoding=\"async\" class=\"wp-image-74891 size-full\" src=\"\/wp-content\/uploads\/2017\/05\/IMG_0463.jpg\" alt=\"\" width=\"550\" height=\"710\" \/><span class=\"wp-caption-text\">Mirjam von Eigen auf der B\u00fchne in ihrem Element &#8211; \u00a9 Maassen Marketing<\/span><\/div>\n<p>Ihre fundierte Ausbildung und ihre Erfahrung auf der B\u00fchne und im Studio sind Garanten daf\u00fcr, dass Mirjam van Eigen als Vocal Coach sehr gefragt ist. Nelson M\u00fcller und andere mehr oder weniger bekannte S\u00e4ngerinnen und S\u00e4nger k\u00f6nnen davon ein Lied singen.<\/p>\n<p>Eine feste Band hat die Mirjam von Eigen nicht mehr. \u00dcber fehlende Engagements muss\u00a0 sie aber kein Klagelied anstimmen. Im Gegenteil. Schon f\u00fcnf Mal war sie mit dem \u201eRoyal Philharmonic Orchestra\u201c auf Tour durch Europa. Mirjam von Eigen wird immer wieder f\u00fcr hochkar\u00e4tige Galas gebucht und ist auch regelm\u00e4\u00dfig Star-Gast bei den legend\u00e4ren \u201eBlue Monday Sessions\u201c in Nelson M\u00fcllers Restaurant \u201eM\u00fcllers\u201c in Essen.<\/p>\n<p>H\u00f6hepunkt ihrer bisherigen Karriere war ihr Auftritt in der gro\u00dfen \u201eElvis-Show\u201c in der Londoner O2-Arena mit Mitgliedern von Elvis Begleitband \u201eBlue Moon Boys\u201c, seinem Weggef\u00e4hrten Jerry Schilling\u00a0 und Priscilla Presley. Die Ehefrau des 1977 verstorbenen \u201eKing of Rock \u201an\u2018 Roll\u201c pr\u00e4sentierte Anekdoten aus ihrem Leben mit dem Superstar. \u201eEs war eine tolle Show und ein einmaliges Erlebnis, das ich nie mehr im Leben vergessen werde\u201c, schw\u00e4rmt Mirjam von Eigen.<\/p>\n<div id=\"attachment_74893\" class=\"wp-caption alignnone\" style=\"max-width: 560px;\"><img loading=\"lazy\" decoding=\"async\" class=\"wp-image-74893 size-full\" src=\"\/wp-content\/uploads\/2017\/05\/image_123650291-1.jpg\" alt=\"\" width=\"550\" height=\"606\" \/><span class=\"wp-caption-text\">Mirjam von Eigen &#8211; eine bgnadete S\u00e4ngerin &#8211; eine beeindruckende Frau &#8211; \u00a9 Adonis Petrohilos<\/span><\/div>\n<p>Unter ihre Lehrt\u00e4tigkeit an der Musik-Hochschule in Enschede setzt sie jetzt einen Schlussakkord. Die Musikerin, die inzwischen in der Ruhrmetropole Essen lebt, will sich wieder mehr Zeit f\u00fcr ihre eigenen Projekte und f\u00fcr ihre Privatsch\u00fcler nehmen. \u201eIch bin zuletzt kaum noch zum \u00a0Komponieren eigener Songs gekommen, weil ich auch viel im Ausland unterwegs bin, um etwa vor Ort S\u00e4ngerinnen und S\u00e4nger zu coachen, wie zuletzt in Spanien\u201c, erkl\u00e4rt die Musikerin.<\/p>\n<p>Auch das Fotografieren oder das Tennisspielen, ebenfalls Hobbys des singenden Singles, sind\u00a0 in den letzten Jahren viel zu kurz gekommen. Doch wenn das Mikrofon und die B\u00fchne rufen, haben die Kamera und der Tennisschl\u00e4ger halt bei der Vollblut-Musikerin Mirjam von Eigen verloren\u2026<\/p>\n<p><strong>Text Peter Pionke<\/strong><\/p>\n<p><strong>Link zu Webseite von Mirjam von Eigen:<\/strong><\/p>\n<p><a href=\"http:\/\/ww2.mirjamvoneigen.com\/coaching\/\">http:\/\/ww2.mirjamvoneigen.com\/coaching\/<\/a><\/p>\n<div id=\"attachment_45677\" class=\"wp-caption alignnone\" style=\"max-width: 561px;\"><img loading=\"lazy\" decoding=\"async\" class=\" wp-image-45677\" src=\"\/wp-content\/uploads\/2016\/01\/IMG_3898_a-3-scaled.jpg\" alt=\"\" width=\"551\" height=\"500\" \/><span class=\"wp-caption-text\">Sternekoch und S\u00e4nger Nelson M\u00fcller, der von Mirjam von Eigen gecoacht wird, nach einem Auftritt bei der STADTZEITUNGS-Gala im Gespr\u00e4ch mit Schauspielerin &amp; Moderatorin Mariella Ahrens &#8211; \u00a9 Dirk Sengotta<\/span><\/div>\n","protected":false},"excerpt":{"rendered":"<p>Musik ist ihr Leben, auch wenn das ein wenig abgedroschen klingt! Aber schon als kleines M\u00e4dchen trat Mirjam von Eigen als niedliches, talentiertes Sternchen in Talentshows im Emsland auf. Sie ist quasi auf der B\u00fchne gro\u00df geworden und hat sich zu einer begnadeten S\u00e4ngerin mit vielen Talenten entwickelt.<\/p>\n","protected":false},"author":7,"featured_media":0,"comment_status":"open","ping_status":"open","sticky":false,"template":"","format":"standard","meta":{"footnotes":""},"categories":[29],"tags":[],"class_list":["post-74887","post","type-post","status-publish","format-standard","hentry","category-kultur"],"publishpress_future_action":{"enabled":false,"date":"2026-05-02 11:06:58","action":"change-status","newStatus":"draft","terms":[],"taxonomy":"category","extraData":[]},"publishpress_future_workflow_manual_trigger":{"enabledWorkflows":[]},"_links":{"self":[{"href":"https:\/\/www.die-stadtzeitung.de\/index.php\/wp-json\/wp\/v2\/posts\/74887","targetHints":{"allow":["GET"]}}],"collection":[{"href":"https:\/\/www.die-stadtzeitung.de\/index.php\/wp-json\/wp\/v2\/posts"}],"about":[{"href":"https:\/\/www.die-stadtzeitung.de\/index.php\/wp-json\/wp\/v2\/types\/post"}],"author":[{"embeddable":true,"href":"https:\/\/www.die-stadtzeitung.de\/index.php\/wp-json\/wp\/v2\/users\/7"}],"replies":[{"embeddable":true,"href":"https:\/\/www.die-stadtzeitung.de\/index.php\/wp-json\/wp\/v2\/comments?post=74887"}],"version-history":[{"count":9,"href":"https:\/\/www.die-stadtzeitung.de\/index.php\/wp-json\/wp\/v2\/posts\/74887\/revisions"}],"predecessor-version":[{"id":74901,"href":"https:\/\/www.die-stadtzeitung.de\/index.php\/wp-json\/wp\/v2\/posts\/74887\/revisions\/74901"}],"wp:attachment":[{"href":"https:\/\/www.die-stadtzeitung.de\/index.php\/wp-json\/wp\/v2\/media?parent=74887"}],"wp:term":[{"taxonomy":"category","embeddable":true,"href":"https:\/\/www.die-stadtzeitung.de\/index.php\/wp-json\/wp\/v2\/categories?post=74887"},{"taxonomy":"post_tag","embeddable":true,"href":"https:\/\/www.die-stadtzeitung.de\/index.php\/wp-json\/wp\/v2\/tags?post=74887"}],"curies":[{"name":"wp","href":"https:\/\/api.w.org\/{rel}","templated":true}]}}