{"id":74821,"date":"2024-06-01T22:10:24","date_gmt":"2024-06-01T20:10:24","guid":{"rendered":"https:\/\/www.die-stadtzeitung.de\/?p=74821"},"modified":"2024-11-12T13:35:40","modified_gmt":"2024-11-12T12:35:40","slug":"kult-cop-toto-ist-zurueck-auf-der-mattscheibe","status":"publish","type":"post","link":"https:\/\/www.die-stadtzeitung.de\/index.php\/2024\/06\/01\/kult-cop-toto-ist-zurueck-auf-der-mattscheibe\/","title":{"rendered":"Kult-Cop &#8222;Toto&#8220; ist zur\u00fcck auf der Mattscheibe"},"content":{"rendered":"<div id=\"attachment_74826\" class=\"wp-caption alignnone\" style=\"max-width: 1749px;\"><img loading=\"lazy\" decoding=\"async\" class=\"wp-image-74826 size-full\" src=\"\/wp-content\/uploads\/2024\/05\/PHOTO-2024-05-06-15-07-14.jpg\" alt=\"\" width=\"1739\" height=\"1236\" \/><span class=\"wp-caption-text\">Ein eingeschworenes Team: Martin Hintzen und Torsten Heim alias Toto Hennemann &#8211; \u00a9 Heim \/ RTL<\/span><\/div>\n<p>Die erste Folge mit zwei neuen F\u00e4llen l\u00e4uft am Montag (13.05.) um 17 Uhr im Programm K\u00f6lner Privatsenders. TV-Erfahrung hat Toto (61) mehr als genug. Ins Scheinwerferlicht r\u00fcckte er 2001 gemeinsam mit seinem Kollegen Thomas Weinkauf. Als &#8222;Toto &amp; Harry&#8220; gingen die beiden Polizisten in der Sat 1-Doku &#8222;Die Zwei vom Polizeirevier&#8220; vor laufender Kamera in Bochum auf Streife<\/p>\n<p>Jahrelang waren \u201eToto &amp; Harry\u201c Stammg\u00e4sten in vielen Talkshows, ver\u00f6ffentlichten diverse B\u00fccher , gingen gemeinsam auf Lesereisen und sahen sogar von der TV-Kamera begleitet Polizei-Kollegen in den USA \u00fcber die Schulter.<\/p>\n<p>Doch das Duo \u201eToto &amp; Harry\u201c ist schon lange Vergangenheit. Thomas Weinkauf zog sich v\u00f6llig aus der \u00d6ffentlichkeit zur\u00fcck. &#8222;Toto&#8220; dagegen blieb weiter im Rampenlicht, u.a. als Buchautor oder als Darsteller in der witzigen Sketsch-Show \u201eCoach Comedy\u201c.<\/p>\n<p>Jetzt kehrt er quasi zu seinen Wurzeln zur\u00fcck und tr\u00e4gt vor der Kamera wieder Uniform oder einen \u201eTrachtenanzug\u201c, wie er das Polizisten-Outfit humorvoll nennt. \u00dcber den Inhalt der Folgen der neuen Staffel von &#8222;Der Blaulicht-Report&#8220;, die von M\u00e4rz bis April abgedreht wurden, darf Pension\u00e4r Torsten Heim nat\u00fcrlich noch nichts verraten. \u201eSo viel kann ich aber sagen: Es sind sehr spannende, aber auch sehr kuriosen F\u00e4lle dabei. Die Dreharbeiten haben einen Riesenspa\u00df gemacht\u201c, erkl\u00e4rt der \u201eEx-Bulle aus Bochum\u201c.<\/p>\n<div id=\"attachment_56146\" class=\"wp-caption alignnone\" style=\"max-width: 658px;\"><img loading=\"lazy\" decoding=\"async\" class=\" wp-image-56146\" src=\"\/wp-content\/uploads\/2022\/10\/Toto-2-scaled.jpg\" alt=\"\" width=\"648\" height=\"445\" \/><span class=\"wp-caption-text\">Kult-Cop Torsten &#8222;Toto&#8220; Heim bei Dreharbeiten in Florida (USA) &#8211; \u00a9 privat<\/span><\/div>\n<p>Die erste Folge von \u201eDer Blaulicht-Report\u201c flimmerte am 24.08.2015 \u00fcber die Bildschirme. &#8222;Toto&#8220; schiebt schon ein paar Jahre f\u00fcr die RTL-Reality-Serie Dienst. Und auch in der neuen Staffel bildet er wieder mit Martin Hintzen ein Team. Der Hauptkommissar tr\u00e4gt auch noch im normalen Alltag Polizeiuniform.<\/p>\n<p>Die Reality-Serie \u201eDer Blaulicht-Report\u201c ist eine Mischung aus realen und fiktiven F\u00e4llen. Die Polizisten sind in der Regel echt, die T\u00e4ter, Opfer und Zeugen werden von Darstellern verk\u00f6rpert. Alles, was auf die wahre Identit\u00e4t von T\u00e4tern und Opfern hindeuten k\u00f6nnte, wird aus Datenschutzgr\u00fcnden ge\u00e4ndert.<\/p>\n<p>Also schalten Sie am 13. Mai um 17 Uhr Ihr TV-Ger\u00e4t ein, wenn Sie den beliebten Kult-Cop &#8222;Toto&#8220; wieder einmal im Einsatz erleben m\u00f6chten.<\/p>\n<p><strong>Text Peter Pionke<\/strong><\/p>\n<div id=\"attachment_56149\" class=\"wp-caption alignnone\" style=\"max-width: 307px;\"><img loading=\"lazy\" decoding=\"async\" class=\"wp-image-56149\" src=\"\/wp-content\/uploads\/2022\/10\/81sDmc0mOyL-660x1024.jpeg\" alt=\"\" width=\"297\" height=\"461\" \/><span class=\"wp-caption-text\">Das Cover der Biografie &#8222;Vom Leben und vom \u00dcberleben&#8220; &#8211; \u00a9 Hansanord Verlag<\/span><\/div>\n<h4>\u201eVom Leben und vom \u00dcberleben\u201c<\/h4>\n<p><b>Torsten Heim \u2013 mit Alexandra Hu\u00df<\/b><\/p>\n<p>Hansanord Verlag<\/p>\n<p>320 Seiten \u2013 Hardcover \u2013 20 \u20ac<\/p>\n<p>ISBN: 978-3-947145-60-7<\/p>\n<p>e-Book: 978-3-947145-61-4<\/p>\n","protected":false},"excerpt":{"rendered":"<p>Gerade erst hat Kult-Cop Torsten \u201eToto\u201c Heim die Polizeikelle nach 43 Dienstjahren aus der Hand gelegt, da ist er schon wieder im Einsatz. Und zwar als Hauptkommissar Toto Hennemann in der RTL-Reality-Serie \u201eDer Blaulicht-Report\u201c.<\/p>\n","protected":false},"author":7,"featured_media":0,"comment_status":"open","ping_status":"open","sticky":false,"template":"","format":"standard","meta":{"footnotes":""},"categories":[25],"tags":[],"class_list":["post-74821","post","type-post","status-publish","format-standard","hentry","category-lifestyle"],"publishpress_future_action":{"enabled":false,"date":"2026-05-06 03:17:36","action":"change-status","newStatus":"draft","terms":[],"taxonomy":"category","extraData":[]},"publishpress_future_workflow_manual_trigger":{"enabledWorkflows":[]},"_links":{"self":[{"href":"https:\/\/www.die-stadtzeitung.de\/index.php\/wp-json\/wp\/v2\/posts\/74821","targetHints":{"allow":["GET"]}}],"collection":[{"href":"https:\/\/www.die-stadtzeitung.de\/index.php\/wp-json\/wp\/v2\/posts"}],"about":[{"href":"https:\/\/www.die-stadtzeitung.de\/index.php\/wp-json\/wp\/v2\/types\/post"}],"author":[{"embeddable":true,"href":"https:\/\/www.die-stadtzeitung.de\/index.php\/wp-json\/wp\/v2\/users\/7"}],"replies":[{"embeddable":true,"href":"https:\/\/www.die-stadtzeitung.de\/index.php\/wp-json\/wp\/v2\/comments?post=74821"}],"version-history":[{"count":7,"href":"https:\/\/www.die-stadtzeitung.de\/index.php\/wp-json\/wp\/v2\/posts\/74821\/revisions"}],"predecessor-version":[{"id":74829,"href":"https:\/\/www.die-stadtzeitung.de\/index.php\/wp-json\/wp\/v2\/posts\/74821\/revisions\/74829"}],"wp:attachment":[{"href":"https:\/\/www.die-stadtzeitung.de\/index.php\/wp-json\/wp\/v2\/media?parent=74821"}],"wp:term":[{"taxonomy":"category","embeddable":true,"href":"https:\/\/www.die-stadtzeitung.de\/index.php\/wp-json\/wp\/v2\/categories?post=74821"},{"taxonomy":"post_tag","embeddable":true,"href":"https:\/\/www.die-stadtzeitung.de\/index.php\/wp-json\/wp\/v2\/tags?post=74821"}],"curies":[{"name":"wp","href":"https:\/\/api.w.org\/{rel}","templated":true}]}}