{"id":74695,"date":"2024-08-23T11:24:26","date_gmt":"2024-08-23T09:24:26","guid":{"rendered":"https:\/\/www.die-stadtzeitung.de\/?p=74695"},"modified":"2024-08-31T11:21:21","modified_gmt":"2024-08-31T09:21:21","slug":"abwehr-riese-benedikt-wimmer-kommt-vom-fc-bayern-muenchen","status":"publish","type":"post","link":"https:\/\/www.die-stadtzeitung.de\/index.php\/2024\/08\/23\/abwehr-riese-benedikt-wimmer-kommt-vom-fc-bayern-muenchen\/","title":{"rendered":"Abwehr-Riese Benedikt Wimmer kommt vom FC Bayern M\u00fcnchen"},"content":{"rendered":"<div id=\"attachment_77550\" class=\"wp-caption alignnone\" style=\"max-width: 1248px;\"><img loading=\"lazy\" decoding=\"async\" class=\"wp-image-77550 size-full\" src=\"\/wp-content\/uploads\/2024\/08\/dq2k_jFOc9E8.jpg\" alt=\"\" width=\"1238\" height=\"911\" \/><span class=\"wp-caption-text\">WSV-Neuzugang Benedikt Wimmer vom FC Bayer M\u00fcnchen\u00a0 ist ein 2 Meter gro\u00dfer Innenverteidiger &#8211; \u00a9 WSV<\/span><\/div>\n<p>Der 19j\u00e4hrige Innenverteidiger wird bis Saisonende ausgeliehen. Der Abwehrspieler bringt nicht nur seine beeindruckende K\u00f6rpergr\u00f6\u00dfe von 2 Metern mit, sondern auch wertvolle Erfahrungen aus den Jugendteams des Rekordmeisters. Zu diesen Erfahrungen z\u00e4hlen unter anderem internationale Spiele in der UEFA Youth League sowie Eins\u00e4tze in der Regionalliga Bayern. Mit seiner Kombination aus physischer Pr\u00e4senz, technischer St\u00e4rke, Kopfballst\u00e4rke und erstklassiger Ausbildung wird er dem Team von Ren\u00e9 Klingbeil sofort weiterhelfen.<\/p>\n<p>Benedikt Wimmer freut sich \u00fcber die neue Herausforderung: \u201eIch freue mich sehr, beim Wuppertaler SV zu sein und auf die bevorstehende Saison. Es ist toll, zu einem traditionsreichen Verein gewechselt zu sein, bei dem ich mich weiterentwickeln kann. Ich freue mich darauf, vor vielen Fans zu spielen und m\u00f6chte dem Verein helfen, eine erfolgreiche Saison zu spielen.\u201c<\/p>\n<p>Sportdirektor Gaetano Manno zeigt sich ebenfalls \u00fcberzeugt von der Verst\u00e4rkung: \u201eBenedikt Wimmer ist ein gro\u00dfer, technisch und kopfballstarker Innenverteidiger, der sich durch seine Zweikampfst\u00e4rke auszeichnet. Trotz seines jungen Alters hat er bereits viel Erfahrung gesammelt und zeigt gro\u00dfes Potenzial. Ein besonderer Dank geht an den FC Bayern M\u00fcnchen f\u00fcr die gute Zusammenarbeit. Wir freuen uns darauf, Benedikt bei seiner Entwicklung zu unterst\u00fctzen und werden ihn bestm\u00f6glich begleiten.\u201c<\/p>\n<div id=\"attachment_77384\" class=\"wp-caption alignnone\" style=\"max-width: 2570px;\"><img loading=\"lazy\" decoding=\"async\" class=\"wp-image-77384 size-full\" src=\"\/wp-content\/uploads\/2024\/08\/GRe6GIKXtDkE-1-scaled.jpg\" alt=\"\" width=\"2560\" height=\"1824\" \/><span class=\"wp-caption-text\">Der St\u00fcrmer Timo Bornemann von Energie Cottbus an seinem neuen Arbeitsplatz &#8211; \u00a9 Max Schleicher<\/span><\/div>\n<h2>Bejdi\u0107, Qashi und Bornemann verst\u00e4rken den WSV<\/h2>\n<p>Timo Bornemann ist der dritte Neuzugang an einem Tag. Der 23j\u00e4hrige St\u00fcrmer wechselt von Energie Cottbus zum WSV und bringt bereits Erfahrungen aus der 3. Liga mit. Der 1,84 Meter gro\u00dfe Rechtsfu\u00df ist in der Jugend von Fortuna D\u00fcsseldorf ausgebildet worden, bevor er zur U23 von Borussia Dortmund in die 3.Liga wechselte.<\/p>\n<p>In seiner bisherigen Karriere kommt Timo Bornemann in 54 Partien der Regionalliga West insgesamt auf 22 Scorerpunkte und sammelte zudem f\u00fcnf Torbeteiligungen in 25 Eins\u00e4tzen in der 3. Liga. Seine Geschwindigkeit und sein Tiefgang machen ihn zu einer weiteren Option in der Offensive des WSV.<\/p>\n<p>Sportdirektor Gaetano Manno \u00e4u\u00dfert sich wie folgt zum Transfer: \u201eTimo Bornemann ist ein St\u00fcrmer mit starkem Tiefgang und beeindruckender Schnelligkeit. Er bringt viel Erfahrung mit, auch aus der 3. Liga, was f\u00fcr uns von gro\u00dfem Wert ist. Ich bin froh, dass Energie Cottbus mitgespielt hat und mein alter Coach Pele Wollitz sich f\u00fcr uns eingesetzt hat. Ein gro\u00dfer Dank geht auch an alle Personen, die diesen Transfer erm\u00f6glicht haben.\u201c<\/p>\n<div id=\"attachment_77360\" class=\"wp-caption alignnone\" style=\"max-width: 2570px;\"><img loading=\"lazy\" decoding=\"async\" class=\"wp-image-77360 size-full\" src=\"\/wp-content\/uploads\/2024\/08\/QSfDoDwkRfBV-scaled.jpg\" alt=\"\" width=\"2560\" height=\"1699\" \/><span class=\"wp-caption-text\">Yousef Qashi vom FC Bayern M\u00fcnchen mit dem WSV-Trikot, das er jetzt mindestens eine Saison lang tragen wird &#8211; \u00a9 Max Schleicher<\/span><\/div>\n<p>Der 19j\u00e4hrige Offensivspieler tr\u00e4gt ab sofort das WSV-Trikot und bringt vielseitige F\u00e4higkeiten mit. Yousef Qashi verf\u00fcgt sowohl \u00fcber eine hervorragende Technik als auch \u00fcber die F\u00e4higkeit, beidf\u00fc\u00dfig zu spielen und kann flexibel in der Offensive eingesetzt werden.<\/p>\n<p>Sportdirektor Gaetano Manno \u00fcber den Neuzugang: \u201eYousef Qashi ist ein junger Spieler, der aber bereits in der letzten Saison bei Altglienicke die ersten Erfahrungen im Seniorenfu\u00dfball gesammelt hat. Er ist ein Offensivspieler mit einer sehr guten Technik und ich bin \u00fcberzeugt, dass er eine Bereicherung f\u00fcr jeden Verein in der Regionalliga ist. Unser besonderer Dank gilt dem FC Bayern M\u00fcnchen f\u00fcr die Unterst\u00fctzung und die Bereitschaft, Yousef an uns zu verleihen.\u201c<\/p>\n<p>Auch Yousef Qashi zeigt sich gl\u00fccklich \u00fcber seinen Wechsel nach Wuppertal: \u201eIch bin froh, dass ich jetzt hier bin und die Chance beim WSV bekomme. Der WSV ist ein Traditionsverein und ich hoffe auf viel Spielzeit, damit ich mich gut weiterentwickeln kann. Mein Ziel ist es, gemeinsam mit der Mannschaft eine erfolgreiche Saison zu spielen.\u201c<\/p>\n<div id=\"attachment_77357\" class=\"wp-caption alignnone\" style=\"max-width: 2570px;\"><img loading=\"lazy\" decoding=\"async\" class=\"wp-image-77357 size-full\" src=\"\/wp-content\/uploads\/2024\/07\/uVUV5jw_wfC8-scaled.jpg\" alt=\"\" width=\"2560\" height=\"1764\" \/><span class=\"wp-caption-text\">Au\u00dfenbahnspieler Muhammed Bejdi\u0107 verst\u00e4rkt ab sofort den Wuppertaler SV &#8211; \u00a9 Max Schleicher<\/span><\/div>\n<p>Der 19j\u00e4hrige Bosnier hat in der vergangenen Saison sowohl in der U-19 als auch in der 1. Mannschaft des KSV Hessen Kassel in der Regionalliga S\u00fcdwest gespielt und dabei erste Erfahrungen in der vierth\u00f6chsten Spielklasse gesammelt.<\/p>\n<p>Der geb\u00fcrtige G\u00f6ttinger kann flexibel auf der Au\u00dfenbahn eingesetzt werden und hat bereits 12 Mal das Trikot der U-19-Nationalmannschaft von Bosnien-Herzegowina getragen. In der Saisonvorbereitung hat Bejdi\u0107 bereits zwei Wochen lang mit dem Team trainiert und kennt daher schon das Umfeld und die Gegebenheiten in Wuppertal.<\/p>\n<p>\u201eIch freue mich sehr, beim Wuppertaler SV zu sein. Die ersten Wochen im Training haben mir gezeigt, dass hier ein sehr professionelles Umfeld herrscht, in dem ich mich weiterentwickeln kann. Ich kann es kaum erwarten, mein Bestes zu geben und hoffe, dass ich mit meiner Leistung einen Beitrag zum Erfolg des Teams leisten kann\u201c, so Mohammed Bejdi\u0107 zu seinem Wechsel.<\/p>\n<p>Auch Sportdirektor Gaetano Manno zeigt sich erfreut \u00fcber die Neuverpflichtung: \u201eMuhammed Bejdi\u0107 ist ein junger Spieler mit viel Potenzial, der unseren Verein und die Mannschaft bereits kennt. Damals hat es leider nicht mit einer Verpflichtung geklappt, aber wir freuen uns umso mehr, dass es jetzt gelungen ist. Unser besonderer Dank gilt dem Sponsor, der diesen Transfer erm\u00f6glicht hat.\u201c<\/p>\n<h2>Mit diesem Kader startet der WSV in die neue Saison<\/h2>\n<p>Wenige Tage vor dem Start in die neue Saison der Fu\u00dfball-Regionalliga-West trafen sich der Kader, der Staff und die Offiziellen zum gro\u00dfen Fotoshooting im Stadion am Zoo. Der WSV geht mit vielen neuen Gesichtern in die Spielzeit 2024\/25, das beweist das neue offizielle Mannschaftsfoto in beeindruckender Weise.<\/p>\n<div id=\"attachment_77362\" class=\"wp-caption alignnone\" style=\"max-width: 2570px;\"><img loading=\"lazy\" decoding=\"async\" class=\"size-full wp-image-77362\" src=\"\/wp-content\/uploads\/2024\/08\/Classen-24-07-2024-019-Kopie-scaled-1.jpg\" alt=\"\" width=\"2560\" height=\"1353\" \/><span class=\"wp-caption-text\">Hintere Reihe (v.l.): Dilhan Demir, Noel Etienne Reck, Vencent Gembalies, Pedro Cejas, Niklas Dams, Oktay Dal, Ricardo Grym, Beyhan Ametov &#8211; Mittlere Reihe (v.l.).: David Gr\u00f6ger, Christian Fohs, Rene Klingbeil, Adli Lachheb, Rene Dabrowski, Subaru Nishimura, Levin M\u00fcller, Niek Munsters, Kilian Bielitza, Dominik Bilogrevic, Semir Saric, Marco Terrazzino, Berkem Kurt, Dirk Schneider, Christoph Schmidt, Marcelino Volk, Gaetano Manno &#8211; Vordere Reihe (v.l.): Hugo Schmidt, Kevin Hagemann, Shinnnosuke Nishi, Emil Metz, Kristian Wozniak, Michael Luyambula, Joe Munsters, Dildar Atmaca, O\u011fuzhan Kefkir &#8211; \u00a9 Jochen Classen<\/span><\/div>\n<p>Am Samstag (27.07.) um 14 Uhr tritt die Mannschaft WSV-Cheftrainer Ren\u00e9 Klingbeil um 14 Uhr in der IMS Arena in Velbert im ersten Meisterschaftsspiel gegen den Aufsteiger T\u00fcrkspor Dortmund an. Nach einer durchwachsenen Vorbereitung mu\u00df die v\u00f6llig neu zusammengestellte Mannschaft dann beweisen, wo sie in diesem Fr\u00fchstadium leistungsm\u00e4\u00dfig wirklich steht.<\/p>\n<p>Kurz vor Saisonstart noch eine Verst\u00e4rkung f\u00fcr den WSV. Von Fortuna D\u00fcsseldorf U23 kommt Shinnosuke Nishi (19). Vorher wurden schon die Zwillinge Niek und Joep Munsters (22), Dilhan Demir, Dildar Atmaca, Dominik Bilogrevic, Subaru Nishimura, Pedro Cejas, Levin M\u00fcller, Oktay Dal, Noel-Etienne Reck, Michael Luyambula, Oguzhan Kefkir, Vincent Gembalies, Riccardo Grym und Beyhan Ametov verpflichtet.<\/p>\n<h4>Wer kam?<\/h4>\n<p>Niek Munsters (SV Lippstadt) &#8211; Joep Munsters (SV Lippstadt) &#8211; Dilhan Demir (SV Schermbeck) &#8211; Dildar Atmaca (1. FC Bocholt) &#8211; <span id=\"message118033881\" class=\"posting-message\">Dominik Bilogrevic (SC Paderborn U21) &#8211; Subaru Nishimura (Sportfreunde Baumberg) &#8211; Pedro Cejas (RW Ahlen) &#8211; Oktay Dal (RW Ahlen) &#8211; Noel-Etienne Reck (Rot-Weiss Essen) &#8211; Michael Luyambula (Sportfreunde Lotte) &#8211; Oguzhan Kefkir (Rot-Wei\u00df Oberhausen) &#8211; Vincent Gembalies (SC Paderborn) &#8211; Riccardo Grym (Lokomotive Leipzig) &#8211; Beyhan Ametov (Alemannia Aachen) &#8211; Shinnosuke Nishi (Fortuna D\u00fcsseldorf U23) &#8211; Muhammed Bejdi\u0107\u00a0 (KSV Hessen Kassel) &#8211; Yousef Qashi (FC Bayern M\u00fcnchen) &#8211; Timo Bornemann (Energie Cottbus) &#8211; Benedikt Wimmer (FC Bayern M\u00fcnchen)<br \/>\n<\/span><\/p>\n<h4>Wer ging?<\/h4>\n<p>Phil Beckhoff (FC G\u00fctersloh) &#8211; Lukas Demming (SC Verl) &#8211; Kevin Pytlik (Viktoria K\u00f6ln) &#8211; Charlison Benschop (Alemannia Aachen) &#8211; Damjan Marceta &#8211; H\u00fcseyim Bulut &#8211; Jef Tchounague &#8211; Paul Grave &#8211; Tim Korzuschek &#8211; Aday Ercan &#8211; Steve Tunga &#8211; Tom Geerkens &#8211; Davide Itter &#8211; Mert G\u00f6ckan &#8211; Ilhan Altuntas (alle Ziel unbekannt) &#8211; Kevin Pytlik<\/p>\n<h4>Wer blieb?<\/h4>\n<p>Krystian Wozniak &#8211; Semir Saric &#8211; Marco Terrazzino &#8211; Niklas Dams &#8211; Kevin Hagemann<\/p>\n<p>&nbsp;<\/p>\n<p>&nbsp;<\/p>\n<p>&nbsp;<\/p>\n<p>&nbsp;<\/p>\n<div id=\"attachment_76675\" class=\"wp-caption alignnone\" style=\"max-width: 2570px;\"><img loading=\"lazy\" decoding=\"async\" class=\"wp-image-76675 size-full\" src=\"\/wp-content\/uploads\/2024\/07\/aI3SCZHrYZhe-scaled.jpg\" alt=\"\" width=\"2560\" height=\"1728\" \/><span class=\"wp-caption-text\">Geatan Manno r.), Sportlicher Leiter des WSV freut sich \u00fcber Neuzugang Shinnosuke Nishi. Links Jugendleiter Tom Welz\u00a0 &#8211; \u00a9 Max Schleicher<\/span><\/div>\n<p>F\u00fcnf Tage vor dem ersten Meisterschaftspiel gegen Aufsteiger T\u00fcrkspor Dortmund in der Velberter IMS Arena hat der Wuppertaler SV Shinnosuke Nishi unter Vertrag genommen. Der 19j\u00e4hrige Au\u00dfenverteidiger kommt von der U23 der D\u00fcsseldorfer Fortuna.In der vergangenen Saison absolvierte der geb\u00fcrtige Japaner 16 Spiele f\u00fcr die U23 und sammelte seine ersten Erfahrungen in der Regionalliga.<\/p>\n<p>Der Neuzugang ist 1,77 Meter gro\u00df, kann auf beiden Au\u00dfenverteidigerpositionen eingesetzt werden und hat sich in den letzten zwei Wochen im Training und in den Testspielen sowohl spielerisch als auch charakterlich bewiesen.Shinnosuke Nishi freut \u00fcber seinen Wechsel: \u201eIch bin froh hier zu sein und freue mich, dass es geklappt hat. Ich wurde in den letzten zwei Wochen sehr gut aufgenommen und bin froh, dass es jetzt losgeht.\u201c<\/p>\n<p>Sportdirektor Gaetano Manno lobt den Neuzugang: \u201eShinnosuke ist ein junger Spieler, der beide Au\u00dfenverteidigerpositionen spielen kann. In den letzten beiden Wochen hat er sich sehr gut pr\u00e4sentiert und in der letzten Saison bereits in der Regionalliga seine ersten Erfahrungen gesammelt. Wir sind froh, dass sich so ein guter junger Spieler mit Potenzial f\u00fcr uns entschieden hat.\u201c<\/p>\n<div id=\"attachment_76287\" class=\"wp-caption alignnone\" style=\"max-width: 1526px;\"><img loading=\"lazy\" decoding=\"async\" class=\"wp-image-76287 \" src=\"\/wp-content\/uploads\/2024\/07\/Tejrd4ea-oOO.jpg\" alt=\"\" width=\"1516\" height=\"1076\" \/><span class=\"wp-caption-text\">Beyhan Ametov kehrt zum WSV zur\u00fcck. Er spielte zuletzt bei Alemannia Aachen &#8211; \u00a9 WSV Gesch\u00e4ftstelle<\/span><\/div>\n<p>Der WSV kann noch einen Transfer vermelden: Vom Dritt-Liga-Aufsteiger TSV Alemannia Aachen wechselt Beyhan Ametov zur\u00fcck in seine Heimatstadt. Der 25-j\u00e4hrige offensive Mittelfeldspieler wird unser Team ab sofort verst\u00e4rken.<\/p>\n<p>Beyhan Ametov ist beidf\u00fc\u00dfig, 1,79 Meter gro\u00df und bringt wertvolle Erfahrungen mit: In seiner vorherigen Zeit beim WSV (2019-2021) erzielte er in 63 Spielen 15 Tore und bereitete 11 weitere vor. In der Saison 2020\/2021 gewann er mit dem WSV den Niederrheinpokal, bevor er f\u00fcr zwei Jahre zum SV Meppen in die 3. Liga wechselte und dort den n\u00e4chsten Schritt machte.<\/p>\n<p>Sportdirektor Gaetano Manno zeigte sich erfreut \u00fcber die R\u00fcckkehr von Ametov: \u201eIch freue mich sehr, dass Beyhan zur\u00fcckkommt. Er ist ein sehr guter Spieler, der uns als Team noch besser machen wird. Er kennt die Liga und den WSV gut, war aber auch schon in der 3. Liga und hat dort wichtige Erfahrungen gesammelt. Er ist das fehlende Puzzlest\u00fcck, nach dem wir gesucht haben.\u201c<\/p>\n<p>Auch Beyhan Ametov \u00e4u\u00dferte sich positiv zu seinem Wechsel: \u201eIch freue mich sehr, dass es endlich mit dem Wechsel geklappt hat. Ich bin fest davon \u00fcberzeugt, dass wir eine erfolgreiche Saison spielen werden. Au\u00dferdem m\u00f6chte ich mich bei Gaetano Manno und Ren\u00e9 Klingbeil f\u00fcr die guten Gespr\u00e4che und ihre \u00fcberzeugende Arbeit bedanken.\u201c<\/p>\n<div id=\"attachment_76203\" class=\"wp-caption alignnone\" style=\"max-width: 2443px;\"><img loading=\"lazy\" decoding=\"async\" class=\"wp-image-76203 size-full\" src=\"\/wp-content\/uploads\/2024\/06\/Nt_1YlmWejM.jpg\" alt=\"\" width=\"2433\" height=\"1708\" \/><span class=\"wp-caption-text\">Riccardo Grym kommt von Lokomotive Leipzig nach Wuppertal &#8211; \u00a9 Max Schleicher<\/span><\/div>\n<h4>Riccardo Grym: Noch ein Neuzugang f\u00fcr den WSV<\/h4>\n<p>Riccardo Grym wird ab sofort im Trikot des WSV auflaufen. Der 25-j\u00e4hrige Mittelfeldspieler wechselt vom 1. FC Lokomotive Leipzig zum WSV und konnte bereits letzte Woche erste Trainingseinheiten mit seinem neuen Team absolvieren und im Testspiel \u00fcberzeugen.<\/p>\n<p>In der vergangenen Saison war der geb\u00fcrtige Leverkusener in 17 Pflichtspielen f\u00fcr Leipzig im Einsatz. Vor seiner Zeit bei Lokomotive Leipzig spielte er in der Regionalliga Nordost beim Chemnitzer FC. Zuvor war er in Polen bei Wisla Plock und Wisla Krakau aktiv. In der Jugend spielte er unter anderem bei Borussia M\u00f6nchengladbach und Bayer 04 Leverkusen.<\/p>\n<p>Dar\u00fcber hinaus sammelte er Erfahrung in 19 Spielen f\u00fcr verschiedene polnische U-Nationalmannschaften. Mit einer K\u00f6rpergr\u00f6\u00dfe von 1,82 Metern und seiner technischen Versiertheit im zentralen Mittelfeld ist er eine Verst\u00e4rkung f\u00fcr das Team.<\/p>\n<p>Riccardo Grym \u00e4u\u00dferte sich zu seinem Wechsel: \u201eIch freue mich, endlich hier zu sein. Ich kenne den Trainer aus der Regionalliga Nordost und es ist sch\u00f6n, in der N\u00e4he meiner Heimat Leverkusen zu spielen. Einige Jungs kenne ich noch von fr\u00fcher ja also soll ich fragen, ob wir und ich habe mich direkt nach den Trainingseinheiten sehr wohl bei der Mannschaft gef\u00fchlt. Ich freue mich auf die Zukunft.\u201c<\/p>\n<p>Gaetano Manno, Sportdirektor des WSV, erg\u00e4nzte: \u201eRiccardo ist ein gut ausgebildeter junge und ein starker Zweik\u00e4mpfer. Er erf\u00fcllt genau das Profil, das wir gesucht haben, da er sowohl auf der Sechs als auch auf der Acht eine wichtige Rolle einnehmen kann. Seine Spielweise als Box-to-Box-Spieler passt perfekt zu unserer Mannschaft. Wir sind sehr gl\u00fccklich dar\u00fcber, dass er jetzt bei uns ist.\u201c<\/p>\n<div id=\"attachment_75935\" class=\"wp-caption alignnone\" style=\"max-width: 1807px;\"><img loading=\"lazy\" decoding=\"async\" class=\"wp-image-75935 size-full\" src=\"\/wp-content\/uploads\/2024\/06\/jm9_PjHhRGM8.jpg\" alt=\"\" width=\"1797\" height=\"1246\" \/><span class=\"wp-caption-text\">Gaetano Manno (r.) mit dem neuen Innenverteidiger Vincent Gembalies &#8211; \u00a9 WSV<\/span><\/div>\n<h4>Vincent Gembalies sammelte Erfahrung in 2. und 3. Liga<\/h4>\n<p>Mit Vincent Gembalies vom SC Paderborn hat der Wuppertaler SV eine wertvolle Verst\u00e4rkung an der Angel. als Neuzugang f\u00fcr die kommende Saison begr\u00fc\u00dfen zu d\u00fcrfen. Der 24-j\u00e4hrige Innenverteidiger bringt mit einer Gr\u00f6\u00dfe von 1,87 Metern und als Rechtsfu\u00df die idealen physischen Voraussetzungen f\u00fcr seine Position mit. Er hat bereits 65 Eins\u00e4tze in der 3. Liga, 3 Eins\u00e4tze in der 2. Bundesliga f\u00fcr den MSV Duisburg absolviert. In der vergangenen Saison lief er 22 Mal in der Regionalliga West f\u00fcr den SC Paderborn II auf.<\/p>\n<p>Der Sportliche Leiter Gaetano Manno freut sich \u00fcber die Zusage: \u201eVincent Gembalies ist ein starker Zweik\u00e4mpfer und hat eine tolle Vita. Er hat bereits Eins\u00e4tze in der 2. und 3. Liga und ist ein absoluter F\u00fchrungsspieler. Wir sind froh, dass er sich f\u00fcr uns entschieden hat. Er ist in einem Top-Alter und ich freue mich sehr, dass er jetzt bei uns ist. Mit ihm sind wir in der Abwehrplanung durch und dort stark aufgestellt.&#8220;<\/p>\n<p>Vincent Gembalies nimmt die neue Herausforderung hochmotiviert an: \u201eIch freue mich sehr auf die neue Herausforderung beim Wuppertaler SV und kann es kaum erwarten, auf dem Platz zu stehen und vor unseren Fans in diesem tollen Stadion aufzulaufen.&#8220;<\/p>\n<div id=\"attachment_75911\" class=\"wp-caption alignnone\" style=\"max-width: 2152px;\"><img loading=\"lazy\" decoding=\"async\" class=\"wp-image-75911 size-full\" src=\"\/wp-content\/uploads\/2024\/06\/pfPgy2KSOssl.jpg\" alt=\"\" width=\"2142\" height=\"1418\" \/><span class=\"wp-caption-text\">Freuen sich auf die neue Saison: Der neue Cheftrainer Ren\u00e9 Klingbeil mit Neuzugang Oguzhan Kefkir (r.) &#8211; \u00a9 Max Schleicher<\/span><\/div>\n<h4>Wuppertaler Oguzhan Kefkir hat beim WSV unterschrieben<\/h4>\n<p>Ein weiterer Zugang f\u00fcr den Wuppertaler SV. Der Traditionsverein verpflichtete Linksfu\u00df Oguzhan Kefkir (32) vom Liga-Rivalen Rot-Wei\u00df Oberhausen. Er soll die linke Schiene verst\u00e4rken.<\/p>\n<p>Als geb\u00fcrtiger Wuppertaler, der auch in seiner Heimatstadt lebt, bringt Oguzhan Kefkir viel an Erfahrung mit. In seiner bisherigen Karriere absolvierte er 160 Eins\u00e4tze in der 3. Liga, 156 Spiele in der Regionalliga West, 8 Partien in der 2. Bundesliga und einen Einsatz in der Bundesliga. Diese Erfahrung, kombiniert mit seiner Verbundenheit zur Region, macht ihn zu einer gro\u00dfen Bereicherung f\u00fcr unser Team.<\/p>\n<p>Oguzhan Kefkir: \u201eF\u00fcr mich ist heute ein besonderer Tag, weil ich bei meinem Heimatklub unterschrieben habe. Ich bin in Wuppertal geboren, aufgewachsen und kenne den WSV, seit ich denken kann. Sowohl mit Ren\u00e9 Klingbeil als auch mit Gaetano Manno hatte ich sehr gute Gespr\u00e4che und es hat in allen Belangen gepasst. Ich freue mich sehr und bin hei\u00df darauf, die Jungs kennenzulernen und mit der Vorbereitung zu starten. Ich bin hier, um alles, was ich habe, f\u00fcr die Fans, den Verein und die Stadt reinzustecken, meine Erfahrung und meine Qualit\u00e4t auf den Platz zu bringen. Es ist ein sehr besonderer Moment f\u00fcr mich, f\u00fcr meinen Heimatklub aufzulaufen.\u201c<\/p>\n<p>Cheftrainer Ren\u00e9 Klingbeil erkl\u00e4rte: \u201eWir freuen uns sehr, dass der Transfer geklappt hat. Gaetano hat dort sehr viel Energie reingelegt, damit wir den Transfer vollziehen k\u00f6nnen. Es ist ein Spieler mit Erfahrung, auch aus h\u00f6heren Ligen, der \u00fcber eine gute Mentalit\u00e4t verf\u00fcgt. Ihn kann ich auf der linken Au\u00dfenbahn variabel einsetzen und wir freuen uns sehr, dass er zu uns st\u00f6\u00dft und auch seine Erfahrung an die jungen Spieler weitergeben kann.\u201c<\/p>\n<div id=\"attachment_75876\" class=\"wp-caption alignnone\" style=\"max-width: 2187px;\"><img loading=\"lazy\" decoding=\"async\" class=\"wp-image-75876 size-full\" src=\"\/wp-content\/uploads\/2024\/06\/7CArzFo360Jd.jpg\" alt=\"\" width=\"2177\" height=\"1565\" \/><span class=\"wp-caption-text\">Gaetano Manno (r.), Sportlicher Leiter des WSV, begr\u00fc\u00dft Michael Luyambula, den neuen Torh\u00fcter und Konkurrenten von Stammschlu\u00dfmann Krystian Wozniak &#8211; \u00a9 Max Schleicher<\/span><\/div>\n<h4>Torh\u00fcter Michael Luyambula kommt aus Lotte<\/h4>\n<p>Der Wuppertaler Sportverein hat einen weiteren Torh\u00fcter verpflichten. Vom neuen Ligakonkurrenten Sportfreunde Lotte wechselt Michael Luyambula (25) zum WSV. Der 1,90 Meter gro\u00dfe Torwart wurde in Neum\u00fcnster geboren und in der Jugend bei Borussia Dortmund ausgebildet.<\/p>\n<p>Anschlie\u00dfend f\u00fchrte sein Weg zu verschiedenen Vereinen in England, bevor er zum VfB L\u00fcbeck nach Deutschland zur\u00fcckkehrte. In der letzten Saison bestritt Luyambula 23 Partien in der Oberliga Westfalen und blieb dabei sieben Mal ohne Gegentor.<\/p>\n<p>Michael Luyambula: \u201eIch freue mich sehr, ab sofort Teil des Wuppertaler SV zu sein. Die Entscheidung, hierher zu wechseln, fiel mir leicht, weil der WSV eine gro\u00dfe Tradition hat und eine tolle Fangemeinschaft. Ich bin motiviert und bereit, mein Bestes zu geben, um gemeinsam mit dem Team unsere Ziele zu erreichen. Ich kann es kaum erwarten, auf dem Platz zu stehen und f\u00fcr den WSV zu k\u00e4mpfen.\u201c<\/p>\n<p>Gaetano Manno, der Sportliche Leiter des WSV: \u201eMichael ist ein guter Junge, der viel erlebt hat. Er ist sehr gut ausgebildet und ein talentierter Torwart, der viel mitbringt. Ich bin froh, dass er sich nach dem Aufstieg f\u00fcr uns entschieden hat und unseren Weg mitgeht.\u201c<\/p>\n<div id=\"attachment_75845\" class=\"wp-caption alignnone\" style=\"max-width: 2025px;\"><img loading=\"lazy\" decoding=\"async\" class=\"wp-image-75845 size-full\" src=\"\/wp-content\/uploads\/2024\/06\/sKsjobJ659LF.jpg\" alt=\"\" width=\"2015\" height=\"1429\" \/><span class=\"wp-caption-text\">Hier sitzt Neuzugang Noel-Etienne Reck (19) noch auf der Trib\u00fcne des Stadion am Zoo &#8211; erfreut sich schon riesig darauf, demn\u00e4chst mit seinen neuen Kameraden auf dem Rasen zu stehen &#8211; \u00a9 Max Schleicher<\/span><\/div>\n<h4>Noel-Etienne Reck von Rot-Weiss Essen verst\u00e4rkt den WSV<\/h4>\n<p>Regionalligst Wuppertaler SV hat eine weitere Spielerverpflichtung bekannt gegeben: Noel-Etienne Reck kommt von der Ruhr an die Wupper. Der 19j\u00e4hrige Mittelst\u00fcrmer spielte in den letzten beiden Jahren in der U19 von Rot Weiss Essen und erzielte in 36 Spielen insgesamt 22 Tore.<\/p>\n<p>Mit einer K\u00f6rpergr\u00f6\u00dfe von 1,92 Metern und seinem starken linken Fu\u00df passt er perfekt in Suchprofil des bergischen Traditionsvereins.<\/p>\n<p>Der talentierte St\u00fcrmer geht hochmotiviert an die neue Herausforderung heran: \u201eIch freu mich riesig auf die neue Saison! Danke an die Verantwortlichen f\u00fcr die super Gespr\u00e4che und das Vertrauen. Ich kann es kaum erwarten, im Stadion am Zoo zu spielen und hoffentlich viele Tore zu schie\u00dfen!\u201c<\/p>\n<p>Auch Gaetano Manno, Sportlicher Leiter des WSV, schaut voller ERwartung auf die Neuverpflichtung f\u00fcrs Sturmzentrum: \u201eNoel-Etienne ist ein junger Spieler, der unseren Weg mitgehen m\u00f6chte. Er ist sehr talentiert und gut ausgebildet. Es ist genau der St\u00fcrmertyp, den wir noch gesucht haben und schon sehr weit f\u00fcr sein Alter.\u201c<\/p>\n<div id=\"attachment_75808\" class=\"wp-caption alignnone\" style=\"max-width: 1445px;\"><img loading=\"lazy\" decoding=\"async\" class=\"wp-image-75808 \" src=\"\/wp-content\/uploads\/2024\/05\/ZlUlDtySSVpx.jpg\" alt=\"\" width=\"1435\" height=\"973\" \/><span class=\"wp-caption-text\">Oktay Dal tr\u00e4gt in der Saison 2024\/25 wieder das Trikot des Wuppertaler SV &#8211; \u00a9 Max Schleicher<\/span><\/div>\n<h4>Oktay Dal kehrt von RW Ahlen zur\u00fcck an die Wupper<\/h4>\n<p>Innenverteidiger Oktay Dal (28) kehrt von RW Ahlen zur\u00fcck an die Wupper. Hier spielte\u00a0 er bereits in der Saison 2022\/2023. Der 1,85 Meter gro\u00dfe Dal kann nicht nur in der Innenverteidigung, sondern kann auch flexibel im defensiven Mittelfeld eingesetzt werden. Das macht ihn wertvoll f\u00fcr die Mannschaft des neuen WSV-Trainers Ren\u00e9 Klingbeil. Oktay Dal lief bereits 114 Mal in der Regionalliga West auf. Das spricht f\u00fcr seine Erfahrung.<\/p>\n<p>Der Sportliche Leiter Gaetano Manno erkl\u00e4rt: \u201eOktay ist ein guter Junge, der immer im Dienste der Mannschaft handelt. Ich habe ihn die Saison \u00fcber verfolgt und er ist in einer guten Verfassung. Ich bin froh, ihn wieder beim WSV zu haben, da wir ihn variabel einsetzen k\u00f6nnen und noch viel Freude an ihm haben werden.\u201c<\/p>\n<p>Oktay Dal freut sich bereits auf die neue Saison: \u201eLiebe WSV-Family, ich bin froh, wieder hier zu sein. Ich habe den WSV die ganze Saison \u00fcber beobachtet und freue mich darauf, in unserem Stadion vor euch zu spielen. Ich kann es kaum erwarten und bin hochmotiviert. Die Gespr\u00e4che mit dem Verein waren sehr gut und ich freue mich auf euch.&#8220;<\/p>\n<div id=\"attachment_75397\" class=\"wp-caption alignnone\" style=\"max-width: 1546px;\"><img loading=\"lazy\" decoding=\"async\" class=\"size-full wp-image-75397\" src=\"\/wp-content\/uploads\/2024\/05\/gi3ZpbNtkhFi.jpg\" alt=\"\" width=\"1536\" height=\"1042\" \/><span class=\"wp-caption-text\">Kommt aus der Nachbarschaft zum WSV: Levin M\u00fcller (TSG Sprockh\u00f6vel) &#8211; \u00a9 WSV Medienteam<\/span><\/div>\n<h4>Levin M\u00fcller kommt von der TSG Sprockh\u00f6vel<\/h4>\n<p>Levin M\u00fcller soll den Wuppertaler SV verst\u00e4rken. Der 21j\u00e4hrige Au\u00dfenverteidiger wechselt von der TSG Sprockh\u00f6vel aus der Oberliga Westfalen zu WSV. In der Jugend wurde er bei Borussia Dortmund ausgebildet, bevor er zur TSG Sprockh\u00f6vel ging.<\/p>\n<p>Levin M\u00fcller ist ein vielseitiger, beidf\u00fc\u00dfiger Verteidiger, der sowohl auf der rechten als auch auf der linken Au\u00dfenverteidigerposition spielen kann. In der abgelaufenen Saison lief er 27 Mal in der Oberliga Westfalen auf, legte f\u00fcnf Tore auf und traf selbst einmal. Mit seiner Gr\u00f6\u00dfe und Flexibilit\u00e4t hat er seine defensive Stabilit\u00e4t und seinen offensiven Beitrag unter Beweis gestellt.<\/p>\n<p>Gaetano Manno, Sportlicher Leiter des WSV: \u201eLevin ist ein junger Spieler mit viel Talent, sehr variabel einsetzbar und hatte eine starke Jugendzeit, unter anderem bei Borussia Dortmund. Ich freue mich sehr, dass er uns zur neuen Saison unterst\u00fctzt.\u201c<\/p>\n<p>Levin M\u00fcller erkl\u00e4rt: \u201eIch bin stolz und gl\u00fccklich, bei so einem gro\u00dfen Traditionsverein unterschrieben zu haben, und freue mich total, in dem Stadion vor den Fans spielen zu d\u00fcrfen.\u201c<\/p>\n<div id=\"attachment_75360\" class=\"wp-caption alignnone\" style=\"max-width: 1090px;\"><img loading=\"lazy\" decoding=\"async\" class=\"size-full wp-image-75360\" src=\"\/wp-content\/uploads\/2024\/05\/aDJM3ZWQrrBD.png\" alt=\"\" width=\"1080\" height=\"791\" \/><span class=\"wp-caption-text\">Pedro Cejas (23), der neue Mittelst\u00fcrmer des Wuppertaler SV, freut sich in Argentinien auf die Herausforderung &#8211; \u00a9 privat<\/span><\/div>\n<h4>Neuer WSV-Mittelst\u00fcrmer macht noch Urlaub in der Heimat<\/h4>\n<p>Pedro Cejas wird ab der kommenden Saison den Wuppertaler SV verst\u00e4rken. Der 23j\u00e4hrige Mittelst\u00fcrmer kommt vom Regionalliga-Konkurrenten RW Ahlen zu uns. Der geb\u00fcrtige Argentinier wurde beim argentinischen Erstligisten CA Banfield ausgebildet und trainierte regelm\u00e4\u00dfig mit der ersten Mannschaft.<\/p>\n<p>In der abgelaufenen Saison spielte Pedro Cejas in der Hinrunde f\u00fcr den SV Straelen, wo ihm im Niederrheinpokal und in der Oberliga Niederrhein insgesamt 10 Tore und 4 Vorlagen in 21 Partien gelangen. Seit der R\u00fcckrunde lief er f\u00fcr RW Ahlen auf und erzielte 5 Treffer in 17 Partien in der Regionalliga West. Mit einer Gr\u00f6\u00dfe von 1,92 Metern bringt er eine gute physische Pr\u00e4senz und Torgef\u00e4hrlichkeit mit, die unser Offensivspiel weiter bereichern wird.<\/p>\n<p>Gaetano Manno, Sportlicher Leiter des WSV: \u201ePedro war mein absoluter Wunschst\u00fcrmer. Er hat sich trotz vieler Anfragen von namhaften Vereinen f\u00fcr den WSV entschieden, da er sich zusammen mit uns weiterentwickeln m\u00f6chte. Das zeigt, dass der WSV weiterhin eine gute Adresse ist und unser Weg angenommen wird. Dass sich so ein gut ausgebildeter Spieler f\u00fcr uns entscheidet, zeigt, dass wir auf einem guten Weg sind. Ich bin sehr froh, dass er jetzt bei uns ist, weil er ein richtig guter Junge ist und wir viel Freude an ihm haben werden.\u201c<\/p>\n<p>Auch Pedro Cejas ist hei\u00df auf die neue Herausforderung und schickte ein Statement aus Argentinien: \u201eIch bin sehr gl\u00fccklich, zum Wuppertaler SV zu geh\u00f6ren. Ich hoffe, dass ich eine erfolgreiche Saison haben werde und alle Ziele mit dem Verein erreichen kann.\u201c<\/p>\n<div id=\"attachment_75347\" class=\"wp-caption alignnone\" style=\"max-width: 1124px;\"><img loading=\"lazy\" decoding=\"async\" class=\"size-full wp-image-75347\" src=\"\/wp-content\/uploads\/2024\/05\/XE-5yDQDkNWo.jpg\" alt=\"\" width=\"1114\" height=\"770\" \/><span class=\"wp-caption-text\">Subaru Nishimura, der neue Rechtsverteidiger des Wuppertaler SV &#8211; \u00a9 WSV Medienteam<\/span><\/div>\n<p>Subaru Nishimura wird ab der kommenden Saison f\u00fcr den Wuppertaler SV auflaufen. Der 20j\u00e4hrige Rechtsverteidiger wechselt von den Sportfreunden Baumberg aus der Oberliga Niederrhein an die Wupper. Mit seinem bisherigen Team steht er bereits als Meister fest, jedoch hat der Verein die Lizenz f\u00fcr die Regionalliga West nicht beantragt.<\/p>\n<p>Subaru Nishimura ist ein flexibler Verteidiger, der in der laufenden Saison alle Partien in der Oberliga Niederrhein bestritten hat. Mit einer Gr\u00f6\u00dfe von 1,81 Meter und der direkten Beteiligung an f\u00fcnf Toren hat er seine Vielseitigkeit und seinen offensiven Beitrag bewiesen. Der Japaner wurde er in der Jugend bei Cerezo Osaka ausgebildet.<\/p>\n<p>Gaetano Manno, Sportlicher Leiter des WSV: \u201eSubaru ist ein hungriger Spieler mit einer herausragenden Mentalit\u00e4t. Er hat in Baumberg eine fantastische Saison gespielt, in der sie auch im Pokal bis ins Halbfinale gekommen sind. Ich freue mich \u00fcber seine Unterst\u00fctzung und bin sicher, dass er hervorragend in unser Profil passt. Es ist gro\u00dfartig, dass er sich f\u00fcr uns entschieden hat.\u201c<\/p>\n<p>Auch Subaru Nishimura freut sich auf die neue Herausforderung: \u201eIch kann es kaum erwarten, f\u00fcr den Wuppertaler SV zu spielen. Ich werde mein Bestes geben und hoffe, dass wir uns bald im Stadion sehen.\u201c<\/p>\n<div id=\"attachment_75176\" class=\"wp-caption alignnone\" style=\"max-width: 1133px;\"><img loading=\"lazy\" decoding=\"async\" class=\"wp-image-75176 size-full\" src=\"\/wp-content\/uploads\/2024\/05\/BboSbtvqJXfn.png\" alt=\"\" width=\"1123\" height=\"662\" \/><span class=\"wp-caption-text\">Spannender Neuzugang f\u00fcr den WSV: Dildar Atmaca kommt vom Tabellenzweiten 1. FC Bocholt &#8211; \u00a9 WSV Medienteam<\/span><\/div>\n<h4><span id=\"message118033881\" class=\"posting-message\">Dominik Bilogrevic kommt aus Paderborn nach Wuppertal<br \/>\n<\/span><\/h4>\n<p><span id=\"message118033881\" class=\"posting-message\">Dominik Bilogrevic, der 25j\u00e4hrige Defensivspezialist wechselt vom Ligakonkurrenten SC Paderborn U21 an die Wupper. Er bringt eine Kombination aus Erfahrung und Vielseitigkeit mit. Er ist 1,90 Metern gro\u00df und beidf\u00fc\u00dfig und\u00a0 kann sowohl im defensiven Mittelfeld, als auch in der Innenverteidigung eingesetzt werden. <\/span><\/p>\n<p><span id=\"message118033881\" class=\"posting-message\">Dominik Bilogrevic ist kein Unbekannter f\u00fcr den Wuppertaler SV. Bereits in der Saison 2021\/2022 spielte er auf Leihbasis 31 Mal f\u00fcr den WSV und hinterlie\u00df dabei einen guten Eindruck. Zum Wechsel sagte Dominik Bilogrevic: \u201eIch freue mich, wieder f\u00fcr den Wuppertaler SV spielen zu d\u00fcrfen. Die Gespr\u00e4che waren sehr angenehm und haben mir sofort ein gutes Gef\u00fchl gegeben. Ich freue mich, den neuen Weg zusammen mit dem WSV gehen zu d\u00fcrfen und kann es kaum erwarten, wenn es wieder losgeht.\u201c <\/span><\/p>\n<p><span id=\"message118033881\" class=\"posting-message\">Der sportliche Leiter Gaetano Manno des WSV erkl\u00e4rte: \u201eMit Dominik Bilogrevic gewinnen wir einen Spieler, der sowohl auf als auch neben dem Platz eine wichtige Rolle spielen wird. Er hat hier vor zwei Jahren und in Paderborn bewiesen, dass er ein absoluter Mentalit\u00e4tsspieler ist. Er hat die Mannschaft aus Paderborn als Kapit\u00e4n angef\u00fchrt und im letzten Jahr zum Aufstieg gef\u00fchrt. Ich bin sehr froh, dass er wieder da ist. Er ist ein absoluter F\u00fchrungsspieler. Au\u00dferdem gilt mein Dank dem SC Paderborn.\u201c<\/span><\/p>\n<h4>WSV verpflichtet Dildar Atmaca<\/h4>\n<p>Der Wuppertaler SV hat die Verpflichtung von Dildar Atmaca bekanntgegeben. Der 21j\u00e4hrige Offensivspieler wechselt vom Ligakonkurrenten 1. FC Bocholt zu uns und verst\u00e4rkt ab der kommenden Saison den WSV.<\/p>\n<p>Dildar Atmaca bringt trotz seines jungen Alters bereits einiges an Erfahrung mit. Er spielte unter anderem schon bei Preu\u00dfen M\u00fcnster und absolvierte zudem zehn Eins\u00e4tze in der 3. Liga f\u00fcr die W\u00fcrzburger Kickers. Atmaca ist in der Offensive flexibel einsetzbar und bietet uns somit zahlreiche Optionen im Angriffsspiel.<\/p>\n<p>Gaetano Manno, Sportlicher Leiter des WSV,\u00a0 freut sich \u00fcber den Neuzugang: \u201eDildar Atmaca ist einer der schnellsten Spieler in der Liga und zudem sehr trickreich. Ich bin froh, dass er sich trotz anderer Anfragen f\u00fcr uns entschieden hat und dass so ein talentierter Spieler den Weg mit dem WSV zusammengehen m\u00f6chte.\u201c<\/p>\n<p>Dildar Atmaca zeigte sich erfreut \u00fcber den Wechsel: \u201eIch freue mich sehr auf die neue Herausforderung beim Wuppertaler SV und kann es kaum erwarten, auf dem Platz zu stehen und in dem tollen Stadion mit den Fans aufzulaufen.\u201c<\/p>\n<div id=\"attachment_75151\" class=\"wp-caption alignnone\" style=\"max-width: 2570px;\"><img loading=\"lazy\" decoding=\"async\" class=\"wp-image-75151 size-full\" src=\"\/wp-content\/uploads\/2024\/05\/Vewrabschiedung-JC-scaled.jpg\" alt=\"\" width=\"2560\" height=\"1706\" \/><span class=\"wp-caption-text\">Kevin Hagemann wird auch in der n\u00e4chsten Saison f\u00fcr den WSV auf Torejagd gehen, das verk\u00fcndete er den WSV-Fans im Stadion. Rechts Sportvorstand Thomas Richter &#8211; \u00a9 Jochen Classen<\/span><\/div>\n<h4>Kevin Hagemann bleibt dem WSV treu<\/h4>\n<p>Der Wuppertaler SV kann weiter auf Kevin Hagemann bauen! Er hat bereits 186 Pflichtspiele f\u00fcr den WSV absolviert und z\u00e4hlt zum festen Inventar des Vereins. In diesen Partien kam er auf insgesamt 88 Torbeteiligungen. Der erfahrene Spieler ist dem Verein entgegengekommen und h\u00e4lt seinen Vertrag ein, was seine Verbundenheit zum WSV deutlich unterstreicht.<\/p>\n<p>Gaetano Manno, Sportlicher Leiter: \u201eKevin Hagemann ist unser Publikumsliebling und enorm wichtig f\u00fcr die Mannschaft. Er lebt den Wuppertaler Sportverein in jeder Hinsicht und ist ein Schl\u00fcsselspieler, der f\u00fcr den Verein unverzichtbar ist.\u201c<\/p>\n<p>Kevin Hagemann freut sich auf die n\u00e4chste Saison im WSV-Dress: \u201eIch freue mich, auch im n\u00e4chsten Jahr mit dem WSV den Weg weitergehen zu k\u00f6nnen. Au\u00dferdem freue ich mich \u00fcber das entgegengebrachte Vertrauen und vor allem auch die reibungslose Abwicklung seitens des Vorstandes und der sportlichen Leitung. Insofern bin ich \u00fcberzeugt, dass wir im n\u00e4chsten Jahr eine schlagkr\u00e4ftige Truppe auf den Platz bringen und eine gute Rolle spielen werden. Deswegen lasst uns den Weg zusammen weitergehen. Ich freue mich auf euch, und alle Spieler, die dazukommen, freuen sich auch auf euch. In diesem Sinne, bleibt gesund und lasst es uns im n\u00e4chsten Jahr gemeinsam rocken!\u201c<\/p>\n<div id=\"attachment_75136\" class=\"wp-caption alignnone\" style=\"max-width: 2570px;\"><img loading=\"lazy\" decoding=\"async\" class=\"wp-image-75136 size-full\" src=\"\/wp-content\/uploads\/2024\/05\/iYM014jiO9d0-scaled.jpg\" alt=\"\" width=\"2560\" height=\"1654\" \/><span class=\"wp-caption-text\">Innenverteidiger Niklas Dams l\u00e4uft auch in der n\u00e4chsten Saison f\u00fcr den Wuppertaler SV auf &#8211; \u00a9 WSV Medienteam<\/span><\/div>\n<p>Niklas Dams wird in der kommenden Saison noch das WSV-Trikot tragen. Der Vertrag des 33j\u00e4hrigen Innenverteidigers bleibt somit f\u00fcr die n\u00e4chste Spielzeit g\u00fcltig.<\/p>\n<p>Der 1,84 Meter gro\u00dfe Verteidiger kam im letzten Sommer aus der U23 von Borussia Dortmund zum WSV und hat seitdem sofort Verantwortung \u00fcbernommen. In dieser Saison lief er in 32 Pflichtspielen f\u00fcr den Verein auf und hat sich als wichtiger Bestandteil des Teams etabliert.<\/p>\n<p>Der Sportliche Leiter Gaetano Manno: \u201eIch freue mich sehr, dass Niklas den Weg mit uns weitergeht. Er ist ein wichtiger Eckpfeiler im Team, ein toller Charakter und enorm wichtig f\u00fcr die Mannschaft.&#8220;<\/p>\n<p>Auch Niklas Dams \u00e4u\u00dferte sich: \u201eNach vielen Gespr\u00e4chen mit Gaetano Manno habe ich das Gef\u00fchl, dass wir zwar in der n\u00e4chsten Saison einen anderen Weg einschlagen m\u00fcssen, der aber nicht zwangsl\u00e4ufig weniger erfolgreich sein muss. Ich m\u00f6chte mit meiner Erfahrung dazu beitragen, dass wir im n\u00e4chsten Jahr mit einer j\u00fcngeren Mannschaft trotzdem eine gute Saison spielen!&#8220;<\/p>\n<div id=\"attachment_75064\" class=\"wp-caption alignnone\" style=\"max-width: 2393px;\"><img loading=\"lazy\" decoding=\"async\" class=\"size-full wp-image-75064\" src=\"\/wp-content\/uploads\/2024\/05\/uBBMoMDA6JLF.jpg\" alt=\"\" width=\"2383\" height=\"1567\" \/><span class=\"wp-caption-text\">Mittelfeldspieler Marco Terrazzino bleibt dem Wuppertaler SV treu &#8211; \u00a9 WSV Medienteam<\/span><\/div>\n<h4>WSV kann weiter auf Marco Terrazzino z\u00e4hlen<\/h4>\n<p>Der WSV hat bekannt gegen, dass Marco Terrazzino (33) auch in der kommenden Saison das Trikot des Vereins tragen wird. Der Mittelfeldspieler, der 1,77 Meter gro\u00df ist, stie\u00df im September zum WSV und hat sich seitdem als wichtiger Bestandteil des Teams erwiesen. In 26 Pflichtspielen war er an acht Toren direkt beteiligt.<\/p>\n<p>Gaetano Manno, Sportlicher Leiter des WSV: \u201eMarco ist ein wichtiger F\u00fchrungsspieler, der immer im Dienst der Mannschaft handelt. Er geht als Vorbild voran und ist ein sehr wichtiger Baustein f\u00fcr unsere Mannschaft. Wir freuen uns sehr, dass er auch in der n\u00e4chsten Saison das Trikot des WSV tragen wird.&#8220;<\/p>\n<p>Marco Terrazzino selbst sagt: \u201eIch f\u00fchle mich hier wohl und habe Lust auf die neue Saison. Ich gehe den Weg weiter mit dem WSV und freue mich darauf, auch in der n\u00e4chsten Saison das Trikot zu tragen.&#8220;Unterst\u00fctzung<\/p>\n<div id=\"attachment_74940\" class=\"wp-caption alignnone\" style=\"max-width: 2570px;\"><img loading=\"lazy\" decoding=\"async\" class=\"size-full wp-image-74940\" src=\"\/wp-content\/uploads\/2024\/05\/Y0r-HkvCvTT3-scaled.jpg\" alt=\"\" width=\"2560\" height=\"1730\" \/><span class=\"wp-caption-text\">Gaetano Manno (M.) mit den beiden Neuzug\u00e4ngen Niek und Joep Munsters &#8211; \u00a9 WSV Medienteam<\/span><\/div>\n<p>Mittlerweile steht fest, dass Torh\u00fcter Krystian Wozniak und der offensive Mittelfeldspieler Semir Saric bleiben dem Wuppertaler SV treu, der kr\u00e4ftig sparen mu\u00df. Bekanntlich hat M\u00e4zen Friedhelm Runge angek\u00fcndigt, sein fianzielles Engagement erheblich zu reduzieren. Dadruch ist der Jahresetat von rund 2 Millonen Euro fast halbiert.<\/p>\n<p>Ob der WSV \u00fcberhaupt noch eine schlagkr\u00e4ftige Mannschaft zusammenstellen kann, die in der neuen Saison die Chance hat, um den Aufstieg in die 3. Liga mitzuspielen, steht in den Sternen. Kein Wunder, dass sich Cheftrainer Ersan Parlatan auch noch nicht entschieden hat, ob er als Coach \u00fcberhaupt weiter macht.<\/p>\n<div id=\"attachment_34347\" class=\"wp-caption alignnone\" style=\"max-width: 610px;\"><img loading=\"lazy\" decoding=\"async\" class=\" wp-image-34347\" src=\"\/wp-content\/uploads\/2021\/03\/classen-2020-Mar-20-0201-scaled.jpg\" alt=\"\" width=\"600\" height=\"400\" \/><span class=\"wp-caption-text\">Bleiben hoffentlich zusammen: WSV-Torj\u00e4ger Kevin Hagemann (l.) und Semir Saric, der sein Bleiben bereits best\u00e4tig hat\u00a0 &#8211; \u00a9 Archivfoto Jochen Classen<\/span><\/div>\n<p>Spannende Fragen jetzt: Wer verl\u00e4sst den WSV au\u00dferdem, wen will und kann der Regionalligist halten und welcher Spieler kommt neu dazu?<\/p>\n<h4>Wer kam?<\/h4>\n<p>Niek Munsters (SV Lippstadt) &#8211; Joep Munsters (SV Lippstadt) &#8211; Dilhan Demir (SV Schermbeck) &#8211; Dildar Atmaca (1. FC Bocholt) &#8211; <span id=\"message118033881\" class=\"posting-message\">Dominik Bilogrevic (SC Paderborn U21) &#8211; Subaru Nishimura (Sportfreunde Baumberg) &#8211; Pedro Cejas (RW Ahlen) &#8211; Oktay Dal (RW Ahlen) &#8211; Noel-Etienne Reck (Rot-Weiss Essen) &#8211; Michael Luyambula (Sportfreunde Lotte) &#8211; Oguzhan Kefkir (Rot-Wei\u00df Oberhausen) &#8211; Vincent Gembalies (SC Paderborn) &#8211; Riccardo Grym (Lokomotive Leipzig) &#8211; Beyhan Ametov (Alemannia Aachen) &#8211; Shinnosuke Nishi (Fortuna D\u00fcsseldorf U23) &#8211; Muhammed Bejdi\u0107\u00a0 (KSV Hessen Kassel) &#8211; Yousef Qashi (FC Bayern M\u00fcnchen) &#8211; Timo Bornemann (Energie Cottbus)<br \/>\n<\/span><\/p>\n<h4>Wer ging?<\/h4>\n<p>Phil Beckhoff (FC G\u00fctersloh) &#8211; Lukas Demming (SC Verl) &#8211; Kevin Pytlik (Viktoria K\u00f6ln) &#8211; Charlison Benschop (Alemannia Aachen) &#8211; Damjan Marceta &#8211; H\u00fcseyim Bulut &#8211; Jef Tchounague &#8211; Paul Grave &#8211; Tim Korzuschek &#8211; Aday Ercan &#8211; Steve Tunga &#8211; Tom Geerkens &#8211; Davide Itter &#8211; Mert G\u00f6ckan &#8211; Ilhan Altuntas (alle Ziel unbekannt) &#8211; Kevin Pytlik<\/p>\n<h4>Wer blieb?<\/h4>\n<p>Krystian Wozniak &#8211; Semir Saric &#8211; Marco Terrazzino &#8211; Niklas Dams &#8211; Kevin Hagemann<\/p>\n<h4>Was noch?<\/h4>\n<p>Auch Cheftrainer Ersan Parlatan (\u00fcbernimmt Verein in der T\u00fcrkei) und Co-Trainer Andi Steinmann verlassen den Wuppertaler SV. Ren\u00e9 Klingbeil (FC Carl Zeiss Jena) wird Nachfolger von Ersan Parlatan. Adli Lachheb und Christian Fohs sid seine Co-Trainer.<\/p>\n<p>&nbsp;<\/p>\n<p>&nbsp;<\/p>\n","protected":false},"excerpt":{"rendered":"<p>Der Wuppertaler ist weiter im &#8222;Kaufrausch&#8220;! Nach Muhammed Bejdi\u0107 (KSV Hessen Kassel), Yousef Qashi (FC Bayern M\u00fcnchen) und Timo Bornemann (Energie Cottbus) wechselt jetzt auch Benedikt Wimmer (FC Bayern M\u00fcnchen) zum Wuppertaler SV. Es ist bereits der vierte Neuzugang nach Start der Regionalliga-Saison 2024\/25.<\/p>\n","protected":false},"author":7,"featured_media":0,"comment_status":"open","ping_status":"open","sticky":false,"template":"","format":"standard","meta":{"footnotes":""},"categories":[20],"tags":[],"class_list":["post-74695","post","type-post","status-publish","format-standard","hentry","category-sport"],"publishpress_future_action":{"enabled":false,"date":"2026-05-05 17:06:16","action":"change-status","newStatus":"draft","terms":[],"taxonomy":"category","extraData":[]},"publishpress_future_workflow_manual_trigger":{"enabledWorkflows":[]},"_links":{"self":[{"href":"https:\/\/www.die-stadtzeitung.de\/index.php\/wp-json\/wp\/v2\/posts\/74695","targetHints":{"allow":["GET"]}}],"collection":[{"href":"https:\/\/www.die-stadtzeitung.de\/index.php\/wp-json\/wp\/v2\/posts"}],"about":[{"href":"https:\/\/www.die-stadtzeitung.de\/index.php\/wp-json\/wp\/v2\/types\/post"}],"author":[{"embeddable":true,"href":"https:\/\/www.die-stadtzeitung.de\/index.php\/wp-json\/wp\/v2\/users\/7"}],"replies":[{"embeddable":true,"href":"https:\/\/www.die-stadtzeitung.de\/index.php\/wp-json\/wp\/v2\/comments?post=74695"}],"version-history":[{"count":73,"href":"https:\/\/www.die-stadtzeitung.de\/index.php\/wp-json\/wp\/v2\/posts\/74695\/revisions"}],"predecessor-version":[{"id":77552,"href":"https:\/\/www.die-stadtzeitung.de\/index.php\/wp-json\/wp\/v2\/posts\/74695\/revisions\/77552"}],"wp:attachment":[{"href":"https:\/\/www.die-stadtzeitung.de\/index.php\/wp-json\/wp\/v2\/media?parent=74695"}],"wp:term":[{"taxonomy":"category","embeddable":true,"href":"https:\/\/www.die-stadtzeitung.de\/index.php\/wp-json\/wp\/v2\/categories?post=74695"},{"taxonomy":"post_tag","embeddable":true,"href":"https:\/\/www.die-stadtzeitung.de\/index.php\/wp-json\/wp\/v2\/tags?post=74695"}],"curies":[{"name":"wp","href":"https:\/\/api.w.org\/{rel}","templated":true}]}}