{"id":74676,"date":"2024-04-30T13:38:29","date_gmt":"2024-04-30T11:38:29","guid":{"rendered":"https:\/\/www.die-stadtzeitung.de\/?p=74676"},"modified":"2024-04-30T14:11:03","modified_gmt":"2024-04-30T12:11:03","slug":"carsten-kulawik-so-war-schalke-legende-rudi-assauer-wirklich","status":"publish","type":"post","link":"https:\/\/www.die-stadtzeitung.de\/index.php\/2024\/04\/30\/carsten-kulawik-so-war-schalke-legende-rudi-assauer-wirklich\/","title":{"rendered":"Carsten Kulawik: So war Schalke-Legende Rudi Assauer wirklich"},"content":{"rendered":"<div id=\"attachment_74684\" class=\"wp-caption alignnone\" style=\"max-width: 2570px;\"><img loading=\"lazy\" decoding=\"async\" class=\"size-full wp-image-74684\" src=\"\/wp-content\/uploads\/2024\/04\/DSC01646-scaled.jpg\" alt=\"\" width=\"2560\" height=\"1694\" \/><span class=\"wp-caption-text\">Buchautor Carsten Kulawik (r.) im Gespr\u00e4ch mit Sinan Sat (WAZ-Redaktionsleiter Gelsenkirchen) bei der Biografie-Vorstellung\u00a0 in der Zeche Hugo Schacht 2 in Gelsenkirchen &#8211; \u00a9 Michael Korte \/ FUNKE Foto Services<\/span><\/div>\n<p>Mit zahlreichen, noch unver\u00f6ffentlichten Fotos beleuchtet das Buch die wahre Lebensleistung der Manager-Legende und Schalke-Ikone aus einem bisher verborgenen, privaten Blickwinkel. F\u00fcr den Wuppertaler Autor Carsten Kulawik, viele Jahre Stadionsprecher des Wuppertaler SV, war Rudi Assauer ein v\u00e4terlicher Freund:<\/p>\n<p>Neben seinen ganz pers\u00f6nlichen Erlebnissen kommen zahlreiche Mitstreiter, Familienmitglieder, Kontrahenten und langj\u00e4hrige Weggef\u00e4hrten wie Huub Stevens, Olaf Thon, Andreas M\u00fcller, Michael Meier, Ralf Moeller, Marcel Reif, Reiner Calmund oder auch Christoph Daum zu Wort.<\/p>\n<p>Kind des Ruhrgebiets, Macher, Malocher \u2013 Markenzeichen: Zigarre. Wie kein anderer pr\u00e4gte Rudi Assauer den Fu\u00dfballklub FC Schalke 04 und stand f\u00fcr eine besondere Art des Bundesliga-Patriarchats. Assauer war ein Manager, der sich f\u00fcr seine Ideen kompromisslos und mit harten Bandagen einsetzte, und zugleich Herzblut-Schalker mit weichem Kern. Ohne ihn g\u00e4be es den Fu\u00dfball-Tempel Veltins-Arena nicht.<\/p>\n<div id=\"attachment_74687\" class=\"wp-caption alignnone\" style=\"max-width: 610px;\"><img loading=\"lazy\" decoding=\"async\" class=\"wp-image-74687 size-full\" src=\"\/wp-content\/uploads\/2024\/04\/DSC01660.jpg\" alt=\"\" width=\"600\" height=\"341\" \/><span class=\"wp-caption-text\">Gespr\u00e4chsrunde mit sehr viel Fu\u00dfball-Sachverstand: (v.l.) Sinan Sat, Carsten Kulawik, Michael Meier, Christoph Daum, Rolf Fuhrmann und J\u00f6rg B\u00f6hme &#8211; \u00a9 Michael Korte \/ FUNKE Foto Services<\/span><\/div>\n<p>Unvergessen sind seine Tr\u00e4nen nach der knapp verpassten Meisterschaft 2001. Ein K\u00e4mpfer auch in sp\u00e4teren Jahren, der Alzheimer-Erkrankten in Deutschland eine Stimme gegeben hat. Rudi Assauer konnte austeilen, war temperamentvoll, selbstbewusst. Sternzeichen Stier: Die Schalker Abteilung Attacke \u2013 Diplomatie ein Fremdwort.<\/p>\n<p>Lange Zeit gab er sich als Fels in der Brandung, unkaputtbar, offensiv, streitbar und doch sensibel und aufmerksam. Die schn\u00f6rkellose Ruhrgebietssprache, sein Duktus und die Lautst\u00e4rke vom Bolzplatz setzte er gekonnt ein \u2013 bei Konkurrenten wie auch bei eigenen Mitarbeitern und Spielern.<\/p>\n<p>F\u00fcr ihm Nahestehende war die Diskrepanz zwischen der \u00f6ffentlichen und privaten Person sichtbar \u2013 seine Paraderolle hat er gleichwohl mit Leib und Seele ausgef\u00fcllt und genossen: Wie kein Zweiter verk\u00f6rperte er das Machobild der 1990er- und 2000er-Jahre. Gern selbst inszeniert, gern auch von au\u00dfen an ihn herangetragen. Wenn ihm eines herzlich egal war, dann die Frage, was andere \u00fcber ihn dachten.<\/p>\n<div id=\"attachment_74688\" class=\"wp-caption alignnone\" style=\"max-width: 610px;\"><img loading=\"lazy\" decoding=\"async\" class=\"wp-image-74688 size-full\" src=\"\/wp-content\/uploads\/2024\/04\/DSC01677.jpg\" alt=\"\" width=\"600\" height=\"400\" \/><span class=\"wp-caption-text\">Christoph Daum erlebte in seiner Beziehung zu Wegbegleiter Rudi Asssauer H\u00f6hen und Tiefen &#8211; \u00a9 Michael Korte \/ FUNKE Foto Services<\/span><\/div>\n<p>Auch au\u00dferhalb des Stadions war Rudi Assauer eine Lichtgestalt. Seine langj\u00e4hrige Beziehung mit der Schauspielerin Simone Thomalla machte ihn auch in der Yellow-Presse zum Star. Legend\u00e4r die gemeinsamen frechen, witzigen Bier-Werbe-TV-Spots f\u00fcr Veltins.<\/p>\n<p>Was zeichnete seinen au\u00dfergew\u00f6hnlichen Charakter aus? Warum war ihm ein Handschlag wichtiger als ein Vertrag? Und was bleibt auch f\u00fcnf Jahre nach seinem Tod?<\/p>\n<h4>Statements \u00fcber Rudi Assauer:<\/h4>\n<p>\u201eAssauer war ein Boss im besten Sinne.\u201c (Marcel Reif)<\/p>\n<p>\u201eIch habe nie wieder so einen Manager wie Assi erlebt.\u201c (Huub Stevens)<\/p>\n<p>\u201eEine echte Ruhrpott-Type. Immer geradeaus.\u201c (Ralf Moeller)<\/p>\n<p>\u201eRudi war ein Mann der Extreme. Extremer Freund, extremer Feind.\u201c (Christoph Daum)<\/p>\n<div id=\"attachment_74691\" class=\"wp-caption alignnone\" style=\"max-width: 610px;\"><img loading=\"lazy\" decoding=\"async\" class=\"wp-image-74691 size-full\" src=\"\/wp-content\/uploads\/2024\/04\/DSC01685.jpg\" alt=\"\" width=\"600\" height=\"400\" \/><span class=\"wp-caption-text\">Foto mit vielen bekannten Gesichtern: u.a. Ulli Potofdki (3.v.l.), rechts daneben Michael Meier, Carsten Kulawik, Rolf Fuhrmann und Christoph Daum &#8211; Michael Korte \/ FUNKE Foto Services<\/span><\/div>\n<h4>\u00dcber Autor Carsten Kulawik<\/h4>\n<p>Carsten Kulawik wurde 1991 in Wuppertal geboren. Er studierte nach dem AbiturJournalismus und PR an der Westf\u00e4lischen Hochschule, arbeitete als Reporter bei Radio Wuppertal und ist heute \u00a0Reporter im Hauptstadtstudio von RTL\/ntv in Berlin.<\/p>\n<p>Mehr als ein Jahrzehnt war er Stadionsprecher des Wuppertaler SV. Zu Rudi Assauer hatte der ausgebildete H\u00f6rfunkredakteur eine jahrelange enge pers\u00f6nliche Verbindung.<\/p>\n<div id=\"attachment_74679\" class=\"wp-caption alignnone\" style=\"max-width: 410px;\"><img loading=\"lazy\" decoding=\"async\" class=\"wp-image-74679 size-full\" src=\"\/wp-content\/uploads\/2024\/04\/22634_Kulawik_Assauer_Cover.jpg\" alt=\"\" width=\"400\" height=\"600\" \/><span class=\"wp-caption-text\">&#8222;RUDI ASSAUER &#8211; MACHER DER HERZEN&#8220; &#8211; Carsten Kulawik &#8211; Klartext Verlag &#8211; Festeinband mit Schutzumschlag &#8211; 192 Seiten &#8211; 19,95 Euro &#8211; ISBN: 978-3-8375-2634-9 -Mehr Infos: www.klartext-verlag.de<\/span><\/div>\n","protected":false},"excerpt":{"rendered":"<p>Schalke-Legende Rudi Assauer w\u00e4re am 30. April 2024 runde 80 Jahre alt geworden. Bundesliga-Star, Macher, Ausnahme-Manager, Strahlemann und am Ende tragische Figur. Aus Anlass des Geburtstages ver\u00f6ffentlicht der Klartext-Verlag das Buch \u201eRudi Assauer. Macher der Herzen\u201c, geschrieben von Carsten Kulawik.<\/p>\n","protected":false},"author":7,"featured_media":0,"comment_status":"open","ping_status":"open","sticky":false,"template":"","format":"standard","meta":{"footnotes":""},"categories":[20],"tags":[],"class_list":["post-74676","post","type-post","status-publish","format-standard","hentry","category-sport"],"publishpress_future_action":{"enabled":false,"date":"2026-05-06 11:03:15","action":"change-status","newStatus":"draft","terms":[],"taxonomy":"category","extraData":[]},"publishpress_future_workflow_manual_trigger":{"enabledWorkflows":[]},"_links":{"self":[{"href":"https:\/\/www.die-stadtzeitung.de\/index.php\/wp-json\/wp\/v2\/posts\/74676","targetHints":{"allow":["GET"]}}],"collection":[{"href":"https:\/\/www.die-stadtzeitung.de\/index.php\/wp-json\/wp\/v2\/posts"}],"about":[{"href":"https:\/\/www.die-stadtzeitung.de\/index.php\/wp-json\/wp\/v2\/types\/post"}],"author":[{"embeddable":true,"href":"https:\/\/www.die-stadtzeitung.de\/index.php\/wp-json\/wp\/v2\/users\/7"}],"replies":[{"embeddable":true,"href":"https:\/\/www.die-stadtzeitung.de\/index.php\/wp-json\/wp\/v2\/comments?post=74676"}],"version-history":[{"count":10,"href":"https:\/\/www.die-stadtzeitung.de\/index.php\/wp-json\/wp\/v2\/posts\/74676\/revisions"}],"predecessor-version":[{"id":74694,"href":"https:\/\/www.die-stadtzeitung.de\/index.php\/wp-json\/wp\/v2\/posts\/74676\/revisions\/74694"}],"wp:attachment":[{"href":"https:\/\/www.die-stadtzeitung.de\/index.php\/wp-json\/wp\/v2\/media?parent=74676"}],"wp:term":[{"taxonomy":"category","embeddable":true,"href":"https:\/\/www.die-stadtzeitung.de\/index.php\/wp-json\/wp\/v2\/categories?post=74676"},{"taxonomy":"post_tag","embeddable":true,"href":"https:\/\/www.die-stadtzeitung.de\/index.php\/wp-json\/wp\/v2\/tags?post=74676"}],"curies":[{"name":"wp","href":"https:\/\/api.w.org\/{rel}","templated":true}]}}