{"id":74641,"date":"2024-04-29T13:42:32","date_gmt":"2024-04-29T11:42:32","guid":{"rendered":"https:\/\/www.die-stadtzeitung.de\/?p=74641"},"modified":"2024-04-29T13:43:55","modified_gmt":"2024-04-29T11:43:55","slug":"fabienne-van-straten-bummelt-wieder-durch-die-stadt","status":"publish","type":"post","link":"https:\/\/www.die-stadtzeitung.de\/index.php\/2024\/04\/29\/fabienne-van-straten-bummelt-wieder-durch-die-stadt\/","title":{"rendered":"Fabienne van Straten bummelt wieder durch die Stadt"},"content":{"rendered":"<div id=\"attachment_74644\" class=\"wp-caption alignnone\" style=\"max-width: 1610px;\"><img loading=\"lazy\" decoding=\"async\" class=\"wp-image-74644 size-full\" src=\"\/wp-content\/uploads\/2024\/04\/Fabienne-0100.jpg\" alt=\"\" width=\"1600\" height=\"1068\" \/><span class=\"wp-caption-text\">Zwei Wuppertaler &#8222;Originale&#8220;: Mina Knallenfalls (r.) und Fabienne van Straten alias Kristof St\u00f6\u00dfel &#8211; \u00a9 Sina Frantzen<\/span><\/div>\n<p>Nur an f\u00fcnf Tagen im Juni und Juli 2024 bietet Krstof St\u00f6\u00dfel als Kunstfigur Fabienne van Straten \u00f6ffentliche Citybummel an.\u00a0Die Touren f\u00fchren von der Seniorenresidenz am Laurentiusplatz durch das Luisenviertel, den Brill, den \u00d6lberg oder durch den Arrenberg.<\/p>\n<p>Kristof St\u00f6\u00dfel: \u201eNach \u00fcber acht Jahren als bunte, schrille Stadtf\u00fchrerin freue ich mich sehr, dieses Jahr wieder ein paar Touren machen zu k\u00f6nnen. Weitere Termine sind nicht m\u00f6glich in diesem Jahr, da ich ab Ende Juli bis November wieder in anderen Theatern au\u00dferhalb der Stadt Wuppertal Theater spielen werde. Meine Touren sind immer eine Mischung aus Spa\u00df und Entertainment aber trotzdem auch gef\u00fcllt mit Daten, Fakten und Anekdoten aus der Stadtgeschichte.\u201c<\/p>\n<div id=\"attachment_74645\" class=\"wp-caption alignnone\" style=\"max-width: 560px;\"><img loading=\"lazy\" decoding=\"async\" class=\"wp-image-74645\" src=\"\/wp-content\/uploads\/2024\/04\/Fabienne-0128.jpg\" alt=\"\" width=\"550\" height=\"367\" \/><span class=\"wp-caption-text\">Fabienne van Straten auf der Wupperbr\u00fccke an der Sparkasse &#8211; \u00a9 Sina Frantzen<\/span><\/div>\n<p><strong>Die Termine finden Sie unter:<\/strong> <a href=\"http:\/\/www.stoessels-kom\u00f6die.de\">http:\/\/www.stoessels-kom\u00f6die.de<\/a><\/p>\n<p>&nbsp;<\/p>\n<p>&nbsp;<\/p>\n","protected":false},"excerpt":{"rendered":"<p>Es gibt sie noch, die beliebten, handverlesenen Stadtf\u00fchrungen von Fabienne van Straten alias Kristof St\u00f6\u00dfel. Da der Wuppertaler Schauspieler, Autor und Regisseur viel in anderen Theatern spielt und auch noch k\u00fcnstlerischer Leiter des KaBARett FLiN in D\u00fcsseldorf und des Stratmanns Theater in Essen ist, sind die Termine rar ges\u00e4t.<\/p>\n","protected":false},"author":7,"featured_media":0,"comment_status":"open","ping_status":"open","sticky":false,"template":"","format":"standard","meta":{"footnotes":""},"categories":[24],"tags":[],"class_list":["post-74641","post","type-post","status-publish","format-standard","hentry","category-wuppertal"],"publishpress_future_action":{"enabled":false,"date":"2026-05-05 17:15:19","action":"change-status","newStatus":"draft","terms":[],"taxonomy":"category","extraData":[]},"publishpress_future_workflow_manual_trigger":{"enabledWorkflows":[]},"_links":{"self":[{"href":"https:\/\/www.die-stadtzeitung.de\/index.php\/wp-json\/wp\/v2\/posts\/74641","targetHints":{"allow":["GET"]}}],"collection":[{"href":"https:\/\/www.die-stadtzeitung.de\/index.php\/wp-json\/wp\/v2\/posts"}],"about":[{"href":"https:\/\/www.die-stadtzeitung.de\/index.php\/wp-json\/wp\/v2\/types\/post"}],"author":[{"embeddable":true,"href":"https:\/\/www.die-stadtzeitung.de\/index.php\/wp-json\/wp\/v2\/users\/7"}],"replies":[{"embeddable":true,"href":"https:\/\/www.die-stadtzeitung.de\/index.php\/wp-json\/wp\/v2\/comments?post=74641"}],"version-history":[{"count":4,"href":"https:\/\/www.die-stadtzeitung.de\/index.php\/wp-json\/wp\/v2\/posts\/74641\/revisions"}],"predecessor-version":[{"id":74647,"href":"https:\/\/www.die-stadtzeitung.de\/index.php\/wp-json\/wp\/v2\/posts\/74641\/revisions\/74647"}],"wp:attachment":[{"href":"https:\/\/www.die-stadtzeitung.de\/index.php\/wp-json\/wp\/v2\/media?parent=74641"}],"wp:term":[{"taxonomy":"category","embeddable":true,"href":"https:\/\/www.die-stadtzeitung.de\/index.php\/wp-json\/wp\/v2\/categories?post=74641"},{"taxonomy":"post_tag","embeddable":true,"href":"https:\/\/www.die-stadtzeitung.de\/index.php\/wp-json\/wp\/v2\/tags?post=74641"}],"curies":[{"name":"wp","href":"https:\/\/api.w.org\/{rel}","templated":true}]}}