{"id":74621,"date":"2024-04-22T13:58:47","date_gmt":"2024-04-22T11:58:47","guid":{"rendered":"https:\/\/www.die-stadtzeitung.de\/?p=74621"},"modified":"2024-05-01T12:00:39","modified_gmt":"2024-05-01T10:00:39","slug":"tolle-auszeichnung-fuer-wuppertaler-jugend-choere","status":"publish","type":"post","link":"https:\/\/www.die-stadtzeitung.de\/index.php\/2024\/04\/22\/tolle-auszeichnung-fuer-wuppertaler-jugend-choere\/","title":{"rendered":"Tolle Auszeichnung f\u00fcr Wuppertaler Jugend-Ch\u00f6re"},"content":{"rendered":"<div id=\"attachment_74623\" class=\"wp-caption alignnone\" style=\"max-width: 2570px;\"><img loading=\"lazy\" decoding=\"async\" class=\"size-full wp-image-74623\" src=\"\/wp-content\/uploads\/2024\/04\/PXL_20240426_151423770.MP_-scaled.jpg\" alt=\"\" width=\"2560\" height=\"1601\" \/><span class=\"wp-caption-text\">Strahlende Gesichter nach der Preisverleihung: (v.l.) Pfarrer Dr. Hong, Clara Hopstein, Angelika K\u00fcpper, Ulrich Cyganek und Tilman Klett &#8211; \u00a9 Wuppertaler Kurrende<\/span><\/div>\n<p>Joachim Neander gilt als einer der bedeutendsten reformierten Kirchenlieddichter Deutschlands, aus seiner Feder stammt unter anderem das Lied &#8222;Lobe den Herren, den m\u00e4chtigen K\u00f6nig der Ehren&#8220;. Mit der nach ihm benannten und nun erstmalig verliehenen Medaille w\u00fcrdigt die evangelische Landeskirche im Rheinland die nachhaltige musikalische Arbeit mit Kindern und Jugendlichen in den Kurrenden, die sich in besonderer Weise durch Kreativit\u00e4t, Kontinuit\u00e4t und musikalischen Anspruch auszeichnen.<\/p>\n<p>Ulrich Cyganek dankte im Rahmen der festlichen Verleihung allen, die f\u00fcr die Ensembles wirken, sie f\u00f6rdern und Impulse f\u00fcr eine gute Entwicklung geben. Chorleiterin Angelika K\u00fcpper der M\u00e4dchenkurrende, Pfarrer Dr. Jonathan Hong und S\u00e4ngerin Clara Hopstein sowie Kurrende-Gesch\u00e4ftsf\u00fchrer Tilman Klett vom Knabenchor nahmen die Plaketten im Landeskirchenamt in D\u00fcsseldorf entgegen.<\/p>\n<p>Am 26. Juni sind beide Ch\u00f6re gemeinsam im Rahmen des Jubil\u00e4umskonzerts der Wuppertaler Kurrende in der Historischen Stadthalle Wuppertal mit u.a. Mendelssohns \u201eLobgesang\u201c zu h\u00f6ren.<\/p>\n<p>&nbsp;<\/p>\n<p>&nbsp;<\/p>\n<p>&nbsp;<\/p>\n","protected":false},"excerpt":{"rendered":"<p>Tolle Peise f\u00fcr Wuppertaler Ch\u00f6re! Die Elberfelder M\u00e4dchenkurrende und die Wuppertaler Kurrende sind von Landeskirchendirektor Ulrich Cyganek mit der Joachim-Neander-Medaille ausgezeichnet worden.<\/p>\n","protected":false},"author":7,"featured_media":0,"comment_status":"open","ping_status":"open","sticky":false,"template":"","format":"standard","meta":{"footnotes":""},"categories":[29],"tags":[],"class_list":["post-74621","post","type-post","status-publish","format-standard","hentry","category-kultur"],"publishpress_future_action":{"enabled":false,"date":"2026-05-06 11:05:02","action":"change-status","newStatus":"draft","terms":[],"taxonomy":"category","extraData":[]},"publishpress_future_workflow_manual_trigger":{"enabledWorkflows":[]},"_links":{"self":[{"href":"https:\/\/www.die-stadtzeitung.de\/index.php\/wp-json\/wp\/v2\/posts\/74621","targetHints":{"allow":["GET"]}}],"collection":[{"href":"https:\/\/www.die-stadtzeitung.de\/index.php\/wp-json\/wp\/v2\/posts"}],"about":[{"href":"https:\/\/www.die-stadtzeitung.de\/index.php\/wp-json\/wp\/v2\/types\/post"}],"author":[{"embeddable":true,"href":"https:\/\/www.die-stadtzeitung.de\/index.php\/wp-json\/wp\/v2\/users\/7"}],"replies":[{"embeddable":true,"href":"https:\/\/www.die-stadtzeitung.de\/index.php\/wp-json\/wp\/v2\/comments?post=74621"}],"version-history":[{"count":2,"href":"https:\/\/www.die-stadtzeitung.de\/index.php\/wp-json\/wp\/v2\/posts\/74621\/revisions"}],"predecessor-version":[{"id":74624,"href":"https:\/\/www.die-stadtzeitung.de\/index.php\/wp-json\/wp\/v2\/posts\/74621\/revisions\/74624"}],"wp:attachment":[{"href":"https:\/\/www.die-stadtzeitung.de\/index.php\/wp-json\/wp\/v2\/media?parent=74621"}],"wp:term":[{"taxonomy":"category","embeddable":true,"href":"https:\/\/www.die-stadtzeitung.de\/index.php\/wp-json\/wp\/v2\/categories?post=74621"},{"taxonomy":"post_tag","embeddable":true,"href":"https:\/\/www.die-stadtzeitung.de\/index.php\/wp-json\/wp\/v2\/tags?post=74621"}],"curies":[{"name":"wp","href":"https:\/\/api.w.org\/{rel}","templated":true}]}}