{"id":74602,"date":"2024-04-28T11:22:39","date_gmt":"2024-04-28T09:22:39","guid":{"rendered":"https:\/\/www.die-stadtzeitung.de\/?p=74602"},"modified":"2024-04-28T17:04:09","modified_gmt":"2024-04-28T15:04:09","slug":"andreas-a-sutter-wird-sein-vatertags-song-ein-hit","status":"publish","type":"post","link":"https:\/\/www.die-stadtzeitung.de\/index.php\/2024\/04\/28\/andreas-a-sutter-wird-sein-vatertags-song-ein-hit\/","title":{"rendered":"Andreas A. Sutter: Wird sein Vatertags-Song ein Hit?"},"content":{"rendered":"<div id=\"attachment_70046\" class=\"wp-caption alignnone\" style=\"max-width: 2570px;\"><a href=\"https:\/\/drive.google.com\/file\/d\/1XZ3Z8o3IXdw4Y_EK0CW3kwFjeUwGJsFD\/view?usp=drive_web\"><img loading=\"lazy\" decoding=\"async\" class=\"wp-image-70046 size-full\" src=\"\/wp-content\/uploads\/2023\/11\/v.l.-Sutter-Semmelrogge-Wilcek-Foto_-Sutter_Wilcek-privat-scaled.jpg\" alt=\"\" width=\"2560\" height=\"1883\" \/><\/a><span class=\"wp-caption-text\">Kreatives Trio: (v.l.) Produzent Andreas A. Sutter, Schauspieler Martin Semmelrogge und Komponist Bernd Willie Wilcek &#8211; \u00a9 privat<\/span><\/div>\n<p>Zusammen mit dem international bekannten, renommierten Komponisten und Produzenten Stefano Maggio aus Rom (Italien) \u00a0hat er einen Vatertags-Song geschrieben und produziert, den es gleich in zwei Versionen gibt: \u201eKerle unter sich\u201c und \u201eVierzig Tage nach der Kreuzigung\u201c. Er hofft jetzt, dass der Song, in welcher Version auch immer, von den Radiosendern am \u201eVatertag\u201c (09.05.) gespielt wird.<\/p>\n<p>\u201eMeines Wissens gibt es noch nichts Vergleichbares, aber so gut wie alle Sendungen berichten an Christi Himmelfahrt bzw. am Vatertag \u00fcber das \u00f6rtliche Geschehen. Was passt besser zu den Wortbeitr\u00e4gen, als ein Vatertags-Song? Musikalisch sind beide Versionen gleich, nur der Refrain und die Bridge unterscheiden sich\u201c, erkl\u00e4rt Andreas A. Sutter, der auch Manager des ber\u00fchmten Schauspielers Claus-Theo G\u00e4rtner ist, der u.a. in 300 Folgen der erfolgreichen ZDF-Serie \u201eEin Fall f\u00fcr zwei\u201c den Detektiv Josef Matula verk\u00f6rperte.<\/p>\n<div id=\"attachment_74610\" class=\"wp-caption alignnone\" style=\"max-width: 460px;\"><img loading=\"lazy\" decoding=\"async\" class=\"wp-image-74610 size-full\" src=\"\/wp-content\/uploads\/2024\/04\/fda5eaf8-2700-4423-8c83-410bf6eff343-1.jpg\" alt=\"\" width=\"450\" height=\"483\" \/><span class=\"wp-caption-text\">Die S\u00e4ngerin Julia Vieregge &#8211; \u00a9 privat<\/span><\/div>\n<p>Der Vatertags-Song wurde \u00fcbrigens von Julia Vieregge eingesungen, die fr\u00fcher unter dem Namen Julia Z\u00fcndorf Erfolge feierte. Sie bringt mit ihrer eindrucksvollen die Kernaussage des Liedes sehr gut her\u00fcber: V\u00e4ter verstehen den Sinn des Vatertags falsch. \u00a0Aber h\u00f6ren Sie doch ganz einfach selbst herein. Also: Bollerwagen herausholen, Bierkasten darauf<strong>, <\/strong>losmarschieren und und \u00fcber Kopfh\u00f6rer den Vatertags-Song geniessen&#8230; <strong>(pp)<\/strong><\/p>\n<p><strong>Hier der Link zum Song:<\/strong><\/p>\n<p><a href=\"https:\/\/drive.google.com\/file\/d\/1XZ3Z8o3IXdw4Y_EK0CW3kwFjeUwGJsFD\/view?usp=drive_web\">https:\/\/drive.google.com\/file\/d\/1XZ3Z8o3IXdw4Y_EK0CW3kwFjeUwGJsFD\/view?usp=drive_web<\/a><\/p>\n<div id=\"attachment_74614\" class=\"wp-caption alignnone\" style=\"max-width: 310px;\"><img loading=\"lazy\" decoding=\"async\" class=\"wp-image-74614 size-full\" src=\"\/wp-content\/uploads\/2024\/04\/4714bd34-1d82-45a3-b7a8-acd636d8372e-1.jpg\" alt=\"\" width=\"300\" height=\"300\" \/><span class=\"wp-caption-text\">Kerle unter sich &#8211; \u00a9 Andreas A. Sutter<\/span><\/div>\n<div id=\"attachment_74615\" class=\"wp-caption alignnone\" style=\"max-width: 310px;\"><img loading=\"lazy\" decoding=\"async\" class=\"wp-image-74615 size-full\" src=\"\/wp-content\/uploads\/2024\/04\/a0482dd3-42b7-4c51-84bb-01003da4f469-1.jpg\" alt=\"\" width=\"300\" height=\"300\" \/><span class=\"wp-caption-text\">40 Tage nach der Kreuzigung &#8211; \u00a9 Andreas Sutter<\/span><\/div>\n","protected":false},"excerpt":{"rendered":"<p>Er ist ein Quell schier unversiegbarer Kreativit\u00e4t und Ideen: Komponist, Texter, Kinderbuchautor und Produzent. Zuletzt sorgte der Velberter Andreas A. Sutter mit einem Weihnachts-Album in den Medien f\u00fcr Aufsehen, auf dem der schrille Schauspieler Martin Semmelrogge einige Songs eingesungen \u2013 oder besser gesagt \u2013 eingesprochen hat. Jetzt geht er mit einem neuen Projekt an den Start: Einen Vatertags-Song!<\/p>\n","protected":false},"author":7,"featured_media":0,"comment_status":"open","ping_status":"open","sticky":false,"template":"","format":"standard","meta":{"footnotes":""},"categories":[19],"tags":[],"class_list":["post-74602","post","type-post","status-publish","format-standard","hentry","category-weitblick"],"publishpress_future_action":{"enabled":false,"date":"2026-05-05 05:01:09","action":"change-status","newStatus":"draft","terms":[],"taxonomy":"category","extraData":[]},"publishpress_future_workflow_manual_trigger":{"enabledWorkflows":[]},"_links":{"self":[{"href":"https:\/\/www.die-stadtzeitung.de\/index.php\/wp-json\/wp\/v2\/posts\/74602","targetHints":{"allow":["GET"]}}],"collection":[{"href":"https:\/\/www.die-stadtzeitung.de\/index.php\/wp-json\/wp\/v2\/posts"}],"about":[{"href":"https:\/\/www.die-stadtzeitung.de\/index.php\/wp-json\/wp\/v2\/types\/post"}],"author":[{"embeddable":true,"href":"https:\/\/www.die-stadtzeitung.de\/index.php\/wp-json\/wp\/v2\/users\/7"}],"replies":[{"embeddable":true,"href":"https:\/\/www.die-stadtzeitung.de\/index.php\/wp-json\/wp\/v2\/comments?post=74602"}],"version-history":[{"count":13,"href":"https:\/\/www.die-stadtzeitung.de\/index.php\/wp-json\/wp\/v2\/posts\/74602\/revisions"}],"predecessor-version":[{"id":74627,"href":"https:\/\/www.die-stadtzeitung.de\/index.php\/wp-json\/wp\/v2\/posts\/74602\/revisions\/74627"}],"wp:attachment":[{"href":"https:\/\/www.die-stadtzeitung.de\/index.php\/wp-json\/wp\/v2\/media?parent=74602"}],"wp:term":[{"taxonomy":"category","embeddable":true,"href":"https:\/\/www.die-stadtzeitung.de\/index.php\/wp-json\/wp\/v2\/categories?post=74602"},{"taxonomy":"post_tag","embeddable":true,"href":"https:\/\/www.die-stadtzeitung.de\/index.php\/wp-json\/wp\/v2\/tags?post=74602"}],"curies":[{"name":"wp","href":"https:\/\/api.w.org\/{rel}","templated":true}]}}