{"id":74513,"date":"2024-04-23T12:11:49","date_gmt":"2024-04-23T10:11:49","guid":{"rendered":"https:\/\/www.die-stadtzeitung.de\/?p=74513"},"modified":"2024-04-24T12:12:28","modified_gmt":"2024-04-24T10:12:28","slug":"unterdings-mark-tykwer-praesentiert-film-musik","status":"publish","type":"post","link":"https:\/\/www.die-stadtzeitung.de\/index.php\/2024\/04\/23\/unterdings-mark-tykwer-praesentiert-film-musik\/","title":{"rendered":"&#8222;Unterdings&#8220;: Mark Tykwer pr\u00e4sentiert Film-Musik"},"content":{"rendered":"<div id=\"attachment_74519\" class=\"wp-caption alignnone\" style=\"max-width: 979px;\"><img loading=\"lazy\" decoding=\"async\" class=\"size-full wp-image-74519\" src=\"\/wp-content\/uploads\/2024\/04\/CP-Venezia-22@daniel-schmitt-spitzlicht.de-2-2.jpg\" alt=\"\" width=\"969\" height=\"624\" \/><span class=\"wp-caption-text\">Der Wuppertaler K\u00fcnstler Charles Petersohn &#8211; \u00a9 Daniel Schmitt \/ Spitzlicht<\/span><\/div>\n<p>&#8222;\u00dcbers Wetter reden ist m\u00fc\u00dfig, eigentlich. Allerdings pr\u00fcft uns der April dieses Jahr besonders extrem. Erst Sommer, dann Winter innerhalb weniger Tage. So f\u00fchle ich mich in diesen Wochen wie in einer meteorologischen Zeitmaschine.<\/p>\n<p>Da alles so schnell geht, warm, kalt, Sonne, Regen, Graupel, sogar Schnee, bin ich \u00fcberfordert,\u00a0 mich mit den Gegebenheiten in dieser Zeitmaschine zu arrangieren. Da hilft es auch nicht, dass ich Science Fiction Freund bin. Schlie\u00dflich findet \u00a0dieser Genuss des Au\u00dferirdischen meist drinnen statt.<\/p>\n<p>Musik, Film oder\u00a0Literatur, beim Genuss des M\u00f6glichen und Unm\u00f6glichen habe ich stets ein Dach \u00fcber dem Kopf. Und fast immer ist das Wetter in Sci-Fi-Geschichten das geringste Problem.<\/p>\n<p>Widmen wir uns also den Dingen, die wir direkt beeinflussen k\u00f6nnen. In den n\u00e4chsten Tagen geht es einmal mehr um Film und Musik.<\/p>\n<p>Am Sonntag\u00a0(28.04. \u2013 15 \u2013 18 Uhr) besch\u00e4ftigen sich Cineast Mark Tykwer und ich\u00a0in der Reihe \u201eUnterdings\u201c im \u201eKuKuNa\u201c (H\u00fcnefeldstr. 52c \u2013 42285 Wuppertal) mit unter anderem mit Filmmusik. Favoriten dieses Genres zu benennen ist f\u00fcr Cineasten und Musiker nicht leicht.<\/p>\n<div id=\"attachment_74532\" class=\"wp-caption alignnone\" style=\"max-width: 410px;\"><img loading=\"lazy\" decoding=\"async\" class=\"size-full wp-image-74532\" src=\"\/wp-content\/uploads\/2024\/04\/unterdings-04.24.jpg\" alt=\"\" width=\"400\" height=\"593\" \/><span class=\"wp-caption-text\">Das Plakat zur Veranstaltung &#8211; \u00a9 KuKuNa<\/span><\/div>\n<p>Es gibt so viel gute Filmmusik, so viele Filme, in denen das Sound-Design die Bilder tr\u00e4gt, obendrein unendlich viele Filme, die ich und noch viel mehr, die Mark Tykwer gesehen hat,\u00a0 Film-Soundtracks sind ein Universum f\u00fcr sich. Unsere Auswahl, die wir mit euch teilen wollen, ist von daher sehr pers\u00f6nlich, dabei auf die eine oder andere Weise stilpr\u00e4gend!<\/p>\n<p>Zum Finale f\u00fchren wir eine gemeinsame Leidenschaft vor: Einen Stummfilm von vier Minuten Dauer, in dem Charlie Chaplin alles aufbietet, was ihn bis heute unvergleichbar macht.\u00a0Die Filmmusik ist top aktuell. Den Soundtrack zu gestalten, war ein gro\u00dfes Vergn\u00fcgen.<\/p>\n<p>Am Mittwoch (01. Mai) ist \u201eTag der Arbeit\u201c. F\u00fcr die meisten Feiertag. F\u00fcr manch andere, in diesem Fall dem Deutschen Gewerkschaftsbund (DGB), ist es der Tag der Mobilmachung.<\/p>\n<div id=\"attachment_74517\" class=\"wp-caption alignnone\" style=\"max-width: 437px;\"><img loading=\"lazy\" decoding=\"async\" class=\"wp-image-74517 size-full\" src=\"\/wp-content\/uploads\/2024\/04\/C_11_internet.jpeg\" alt=\"\" width=\"427\" height=\"323\" \/><span class=\"wp-caption-text\">Miss Ingwer Rogers und Charles Petersohn &#8211; \u00a9 Rogers\/Petersohn<\/span><\/div>\n<p>Um 10 Uhr startet der Demonstrationszug am Hauptbahnhof, ca. 11 Uhr ist Ankunft und Beginn Kundgebung auf dem Laurentius Platz. Ab ca. 12 Uhr bis 14 Uhr \u201eChill Out\u201c und \u201eDance\u201c f\u00fcr alle.<\/p>\n<p>Mittendrin sind Miss Ingwer Rogers und meine Wenigkeit als DJs eingeladen, um von Anfang bis Ende auf dem Laurentius Platz unseren Sound zu spielen.\u00a0Um 10 Uhr geht\u2019s los. Fr\u00fchst\u00fccksmusik der besonderen Art. Nach den Kundgebungen spielen wir weiter. Wir lassen uns \u00fcberraschen. Von der Demo, den Menschen und dem Wetter!<\/p>\n<p>Man sieht sich.&#8220;<\/p>\n<p><strong>Euer Charles Petersohn<\/strong><\/p>\n","protected":false},"excerpt":{"rendered":"<p>Charles Petersohn, Musiker, Komponist, DJ, Moderator, l\u00e4sst seine Fans in seiner Kolumne regelm\u00e4ssig an seiner k\u00fcnstlerischen und musikalischen Gef\u00fchlswelt teilhaben. Und er macht auch auf Veranstaltungen aufmerksam, bei denen er oder seine Musik-Kolleginnen und -Kollegen f\u00fcr das coole Feeling und den Groove sorgen. <\/p>\n","protected":false},"author":7,"featured_media":0,"comment_status":"open","ping_status":"open","sticky":false,"template":"","format":"standard","meta":{"footnotes":""},"categories":[29],"tags":[],"class_list":["post-74513","post","type-post","status-publish","format-standard","hentry","category-kultur"],"publishpress_future_action":{"enabled":false,"date":"2026-05-07 04:17:49","action":"change-status","newStatus":"draft","terms":[],"taxonomy":"category","extraData":[]},"publishpress_future_workflow_manual_trigger":{"enabledWorkflows":[]},"_links":{"self":[{"href":"https:\/\/www.die-stadtzeitung.de\/index.php\/wp-json\/wp\/v2\/posts\/74513","targetHints":{"allow":["GET"]}}],"collection":[{"href":"https:\/\/www.die-stadtzeitung.de\/index.php\/wp-json\/wp\/v2\/posts"}],"about":[{"href":"https:\/\/www.die-stadtzeitung.de\/index.php\/wp-json\/wp\/v2\/types\/post"}],"author":[{"embeddable":true,"href":"https:\/\/www.die-stadtzeitung.de\/index.php\/wp-json\/wp\/v2\/users\/7"}],"replies":[{"embeddable":true,"href":"https:\/\/www.die-stadtzeitung.de\/index.php\/wp-json\/wp\/v2\/comments?post=74513"}],"version-history":[{"count":7,"href":"https:\/\/www.die-stadtzeitung.de\/index.php\/wp-json\/wp\/v2\/posts\/74513\/revisions"}],"predecessor-version":[{"id":74533,"href":"https:\/\/www.die-stadtzeitung.de\/index.php\/wp-json\/wp\/v2\/posts\/74513\/revisions\/74533"}],"wp:attachment":[{"href":"https:\/\/www.die-stadtzeitung.de\/index.php\/wp-json\/wp\/v2\/media?parent=74513"}],"wp:term":[{"taxonomy":"category","embeddable":true,"href":"https:\/\/www.die-stadtzeitung.de\/index.php\/wp-json\/wp\/v2\/categories?post=74513"},{"taxonomy":"post_tag","embeddable":true,"href":"https:\/\/www.die-stadtzeitung.de\/index.php\/wp-json\/wp\/v2\/tags?post=74513"}],"curies":[{"name":"wp","href":"https:\/\/api.w.org\/{rel}","templated":true}]}}