{"id":74500,"date":"2024-04-23T15:14:34","date_gmt":"2024-04-23T13:14:34","guid":{"rendered":"https:\/\/www.die-stadtzeitung.de\/?p=74500"},"modified":"2024-04-24T05:14:56","modified_gmt":"2024-04-24T03:14:56","slug":"sparkasse-holger-iborg-macht-vorstand-wieder-zum-trio","status":"publish","type":"post","link":"https:\/\/www.die-stadtzeitung.de\/index.php\/2024\/04\/23\/sparkasse-holger-iborg-macht-vorstand-wieder-zum-trio\/","title":{"rendered":"Sparkasse: Holger Iborg macht Vorstand wieder zum Trio"},"content":{"rendered":"<div id=\"attachment_74502\" class=\"wp-caption alignnone\" style=\"max-width: 1907px;\"><img loading=\"lazy\" decoding=\"async\" class=\"size-full wp-image-74502\" src=\"\/wp-content\/uploads\/2024\/04\/Holger_Iborg.jpg\" alt=\"\" width=\"1897\" height=\"1247\" \/><span class=\"wp-caption-text\">Wird stellv. Vorstandsmitglied der Sparkasse Wuppertal: Holger Iborg &#8211; \u00a9 Sparkasse Wuppertal<\/span><\/div>\n<p>\u201eWir freuen uns sehr, Holger Iborg im Vorstand der Stadtsparkasse Wuppertal zu begr\u00fc\u00dfen. Er bringt umfangreiche F\u00fchrungserfahrung und gro\u00dfe fachliche Expertise mit. Wir gewinnen f\u00fcr unsere Sparkasse einen innovativen Kopf, der alle Facetten der finanziellen Versorgung f\u00fcr Unternehmen und Privatkunden kennt und unsere Sparkasse tatkr\u00e4ftig und mit eigenen Impulsen unterst\u00fctzen wird.\u201c, erkl\u00e4rt Ludger Kineke, der Vorsitzende des Verwaltungsrates der Sparkasse.<\/p>\n<p>Holger Iborg ist aktuell als stellvertretendes Vorstandsmitglied bei der Sparkasse Harburg-Buxtehude t\u00e4tig. Hier verantwortet er sehr erfolgreich das Firmenkundengesch\u00e4ft und das Private Banking. In Wuppertal soll Iborg unter anderem die Aktivit\u00e4ten der Sparkasse bei der Begleitung von Firmenkunden in der nachhaltigen und digitalen Transformation weiter forcieren.<\/p>\n<div id=\"attachment_60256\" class=\"wp-caption alignnone\" style=\"max-width: 554px;\"><img loading=\"lazy\" decoding=\"async\" class=\" wp-image-60256\" src=\"\/wp-content\/uploads\/2023\/02\/20230203-PM-Auskehrung_Vorstand-GSfW-2.jpg\" alt=\"\" width=\"544\" height=\"398\" \/><span class=\"wp-caption-text\">Der Sparkassen-Vorstandsvorsitzende Axel J\u00fctz (l.) und sein Vorg\u00e4nger Gunther W\u00f6lfges &#8211; \u00a9 Sparkasse Wuppertal<\/span><\/div>\n<p>\u201ePatrick Hahne und ich freuen uns sehr \u00fcber die Entscheidung unseres Verwaltungsrates. Wir haben Holger Iborg im Besetzungsprozess kennengelernt und sind \u00fcberzeugt, dass er fachlich und menschlich hervorragend in unser Team passt. Beste Voraussetzungen, um uns gemeinsam f\u00fcr unsere Sparkasse und f\u00fcr Wuppertal zu engagieren.\u201c, ist sich Axel J\u00fctz sicher.<\/p>\n<p>Die Bestellung wird nun noch dem Rat der Stadt Wuppertal vorgelegt. Danach ist der Besetzungsprozess abgeschlossen. Nach dem Ausscheiden des ehemaligen Vorstandsvorsitzenden Gunther W\u00f6lfges in den Ruhestand wird das Vorstandsteam damit zum 01.11.2024 wieder zu dritt zu sein.<\/p>\n<p><strong>Link zur Webseite der Sparkasse Wuppertal:<\/strong><\/p>\n<p><a href=\"http:\/\/www.sparkasse-wuppertal.de\">http:\/\/www.sparkasse-wuppertal.de<\/a><\/p>\n","protected":false},"excerpt":{"rendered":"<p>Der Vorstand der Stadtsparkasse Wuppertal ist bald wieder vollst\u00e4ndig. Der Verwaltungsrat hat Holger Iborg zum neuen stellvertretenden Vorstandsmitglied bestellt. Gemeinsam mit dem Vorstandsvorsitzenden Axel J\u00fctz und Vorstandsmitglied Patrick Hahne wird Holger Iborg ab dem 01.11.2024 die Zukunft der Sparkasse mit verantworten.<\/p>\n","protected":false},"author":7,"featured_media":0,"comment_status":"open","ping_status":"open","sticky":false,"template":"","format":"standard","meta":{"footnotes":""},"categories":[22],"tags":[],"class_list":["post-74500","post","type-post","status-publish","format-standard","hentry","category-wirtschaft"],"publishpress_future_action":{"enabled":false,"date":"2026-05-08 19:34:45","action":"change-status","newStatus":"draft","terms":[],"taxonomy":"category","extraData":[]},"publishpress_future_workflow_manual_trigger":{"enabledWorkflows":[]},"_links":{"self":[{"href":"https:\/\/www.die-stadtzeitung.de\/index.php\/wp-json\/wp\/v2\/posts\/74500","targetHints":{"allow":["GET"]}}],"collection":[{"href":"https:\/\/www.die-stadtzeitung.de\/index.php\/wp-json\/wp\/v2\/posts"}],"about":[{"href":"https:\/\/www.die-stadtzeitung.de\/index.php\/wp-json\/wp\/v2\/types\/post"}],"author":[{"embeddable":true,"href":"https:\/\/www.die-stadtzeitung.de\/index.php\/wp-json\/wp\/v2\/users\/7"}],"replies":[{"embeddable":true,"href":"https:\/\/www.die-stadtzeitung.de\/index.php\/wp-json\/wp\/v2\/comments?post=74500"}],"version-history":[{"count":3,"href":"https:\/\/www.die-stadtzeitung.de\/index.php\/wp-json\/wp\/v2\/posts\/74500\/revisions"}],"predecessor-version":[{"id":74504,"href":"https:\/\/www.die-stadtzeitung.de\/index.php\/wp-json\/wp\/v2\/posts\/74500\/revisions\/74504"}],"wp:attachment":[{"href":"https:\/\/www.die-stadtzeitung.de\/index.php\/wp-json\/wp\/v2\/media?parent=74500"}],"wp:term":[{"taxonomy":"category","embeddable":true,"href":"https:\/\/www.die-stadtzeitung.de\/index.php\/wp-json\/wp\/v2\/categories?post=74500"},{"taxonomy":"post_tag","embeddable":true,"href":"https:\/\/www.die-stadtzeitung.de\/index.php\/wp-json\/wp\/v2\/tags?post=74500"}],"curies":[{"name":"wp","href":"https:\/\/api.w.org\/{rel}","templated":true}]}}