{"id":74398,"date":"2024-04-19T13:32:17","date_gmt":"2024-04-19T11:32:17","guid":{"rendered":"https:\/\/www.die-stadtzeitung.de\/?p=74398"},"modified":"2024-04-19T13:32:17","modified_gmt":"2024-04-19T11:32:17","slug":"bayer-strom-liefervertrag-mit-wuppertaler-stadtwerken","status":"publish","type":"post","link":"https:\/\/www.die-stadtzeitung.de\/index.php\/2024\/04\/19\/bayer-strom-liefervertrag-mit-wuppertaler-stadtwerken\/","title":{"rendered":"Bayer: Strom-Liefervertrag mit Wuppertaler Stadtwerken"},"content":{"rendered":"<div id=\"attachment_74401\" class=\"wp-caption alignnone\" style=\"max-width: 2570px;\"><img loading=\"lazy\" decoding=\"async\" class=\"size-full wp-image-74401\" src=\"\/wp-content\/uploads\/2024\/04\/20240418_Vertragsunterzeichnung_WSW_Bayer01-scaled.jpg\" alt=\"\" width=\"2560\" height=\"1831\" \/><span class=\"wp-caption-text\">Gruppenbild unter der Schwebebahn nach der Vertragsunterzeichnung: (v.l.) Markus Hilkenbach (WSW), Maik Eckelmann (Bayer), Dennis Keienburg (WSW), Sabrina Ritterbach (Bayer), Lars Blietschau (WSW), Bert Lorenz (Bayer) und Jan Philipp Over (WSW) &#8211; \u00a9 WSW<\/span><\/div>\n<p>Die WSW werden im Rahmen dieses Liefervertrages \u00fcber 120 GWh Wind- und\/oder Solarstrom aus deutschen Wind- und Solarparks an Bayer liefern. Dies entspricht dem Jahresverbrauch von etwa 30.000 Haushalten. Dank dieser Vereinbarung werden die Standorte Darmstadt, Weimar, Bitterfeld, Bergkamen, Berlin und Wuppertal zu 100 Prozent Strom aus erneuerbaren Energien beziehen.<\/p>\n<p>Die Belieferung wird durch Power Purchase Agreements (PPAs) realisiert. Diese PPAs garantieren eine langfristige Belieferung mit Strom aus erneuerbaren Energien und bieten einen Anreiz f\u00fcr die Finanzierung und den Bau von neuen Erzeugungsanlagen.<\/p>\n<h4>Weitere Verringerung des CO2-Fu\u00dfabdrucks<\/h4>\n<p>\u201eDer Vertrag mit den Wuppertaler Stadtwerken ist ein weiterer Meilenstein auf dem Weg zur Verringerung unseres CO2-Fu\u00dfabdrucks\u201c, erkl\u00e4rt Matthias Berninger, Head of Public Affairs, Science, Sustainability &amp; HSE bei Bayer. \u201eBereits im vergangenen Jahr haben wir ein umfassendes Abkommen in den USA unterzeichnet, das uns erm\u00f6glichen wird, zuk\u00fcnftig 60 Prozent des in den USA eingekauften Stroms aus erneuerbaren Energiequellen zu beziehen. Es freut mich, dass wir jetzt mit den Wuppertaler Stadtwerken auch einen guten Partner in Deutschland gefunden haben.\u201c<\/p>\n<p>\u201eBayer arbeitet bereits seit vielen Jahren vertrauensvoll mit den WSW bei der Energieversorgung zusammen. Ich freue mich, dass wir diese Partnerschaft weiter ausbauen und uns die WSW in Zukunft auf dem Weg zu einer nachhaltigen Energieversorgung begleiten\u201c, sagt Maik Eckelmann, Leiter des Supply Centers Elberfeld.<\/p>\n<div id=\"attachment_71926\" class=\"wp-caption alignnone\" style=\"max-width: 591px;\"><img loading=\"lazy\" decoding=\"async\" class=\" wp-image-71926\" src=\"\/wp-content\/uploads\/2024\/01\/Bayer-site-in-Wuppertaldefault-1.jpg\" alt=\"\" width=\"581\" height=\"405\" \/><span class=\"wp-caption-text\">Der Bayer-Standort Wuppertal-Elberfeld &#8211; \u00a9 Bayer-Konzern<\/span><\/div>\n<p>Auch die WSW begr\u00fc\u00dfen den substanziellen Ausbau der Partnerschaft mit Bayer. \u201ePartnerschaften wie diese tragen dazu bei, die Gestaltung der Energiewende aktiv voranzutreiben\u201c, betont WSW-Vorstandsvorsitzender Markus Hilkenbach. \u201eIch bedanke mich ausdr\u00fccklich f\u00fcr das Vertrauen und die gute Zusammenarbeit. Als Wegbereiter der Energie- und Verkehrswende haben wir es uns zur Aufgabe gemacht, nachhaltige und innovative Produkte f\u00fcr die Zukunft zu entwickeln und damit Verantwortung f\u00fcr den Umwelt- und Klimaschutz zu \u00fcbernehmen.\u201c<\/p>\n<p>Bayer hat sich, im Einklang mit dem Pariser Klimaabkommen, den Zielen der Vereinten Nationen f\u00fcr nachhaltige Entwicklung zur Begrenzung der Erderw\u00e4rmung verpflichtet und wird seine eigenen Gesch\u00e4ftsaktivit\u00e4ten bis 2030 klimaneutral gestalten. Als wichtiger Beitrag soll eingekaufter Strom bis 2030 zu 100 Prozent aus erneuerbaren Energien stammen.<\/p>\n<p>Die Reduktionsziele von Bayer wurden durch die Science Based Targets Initiative best\u00e4tigt. Diese Initiative unterst\u00fctzt die Privatwirtschaft bei ihren ehrgeizigen Klimama\u00dfnahmen, indem sie den Unternehmen hilft, sich wissenschaftsbasierte Ziele zur Senkung ihrer Emissionen zu setzen. Dar\u00fcber hinaus hat sich Bayer \u2013\u00a0<a href=\"https:\/\/www.bayer.com\/de\/nachhaltigkeit\/klimaschutz\">basierend auf den Leitlinien des World Wide Fund for Nature (WWF)<\/a>\u00a0\u2013 verpflichtet, die h\u00f6chsten Standards f\u00fcr Strom aus erneuerbaren Energien einzuhalten.<\/p>\n<p>Li<strong>nk zur Webseite des Wuppertaler Stadtwerke (WSW):<\/strong><\/p>\n<p><a href=\"http:\/\/www.wsw-online.de\">http:\/\/www.wsw-online.de<\/a><\/p>\n<p><strong>Link zur Webseite der Bayer AG:<\/strong><\/p>\n<p><a href=\"http:\/\/www.bayer.de\">http:\/\/www.bayer.de<\/a><\/p>\n","protected":false},"excerpt":{"rendered":"<p>Ein gelungener Wuppertaler Doppelpa\u00df! Die Bayer AG hat einen langfristigen Liefervertrag f\u00fcr Strom aus erneuerbaren Energien mit den Wuppertaler Stadtwerken (WSW) unterzeichnet. Das Unternehmen unterstreicht durch diesen Vertrag das globale Engagement von Bayer f\u00fcr Nachhaltigkeit.\u00a0<\/p>\n","protected":false},"author":7,"featured_media":0,"comment_status":"open","ping_status":"open","sticky":false,"template":"","format":"standard","meta":{"footnotes":""},"categories":[22],"tags":[],"class_list":["post-74398","post","type-post","status-publish","format-standard","hentry","category-wirtschaft"],"publishpress_future_action":{"enabled":false,"date":"2026-05-09 01:01:59","action":"change-status","newStatus":"draft","terms":[],"taxonomy":"category","extraData":[]},"publishpress_future_workflow_manual_trigger":{"enabledWorkflows":[]},"_links":{"self":[{"href":"https:\/\/www.die-stadtzeitung.de\/index.php\/wp-json\/wp\/v2\/posts\/74398","targetHints":{"allow":["GET"]}}],"collection":[{"href":"https:\/\/www.die-stadtzeitung.de\/index.php\/wp-json\/wp\/v2\/posts"}],"about":[{"href":"https:\/\/www.die-stadtzeitung.de\/index.php\/wp-json\/wp\/v2\/types\/post"}],"author":[{"embeddable":true,"href":"https:\/\/www.die-stadtzeitung.de\/index.php\/wp-json\/wp\/v2\/users\/7"}],"replies":[{"embeddable":true,"href":"https:\/\/www.die-stadtzeitung.de\/index.php\/wp-json\/wp\/v2\/comments?post=74398"}],"version-history":[{"count":6,"href":"https:\/\/www.die-stadtzeitung.de\/index.php\/wp-json\/wp\/v2\/posts\/74398\/revisions"}],"predecessor-version":[{"id":74405,"href":"https:\/\/www.die-stadtzeitung.de\/index.php\/wp-json\/wp\/v2\/posts\/74398\/revisions\/74405"}],"wp:attachment":[{"href":"https:\/\/www.die-stadtzeitung.de\/index.php\/wp-json\/wp\/v2\/media?parent=74398"}],"wp:term":[{"taxonomy":"category","embeddable":true,"href":"https:\/\/www.die-stadtzeitung.de\/index.php\/wp-json\/wp\/v2\/categories?post=74398"},{"taxonomy":"post_tag","embeddable":true,"href":"https:\/\/www.die-stadtzeitung.de\/index.php\/wp-json\/wp\/v2\/tags?post=74398"}],"curies":[{"name":"wp","href":"https:\/\/api.w.org\/{rel}","templated":true}]}}