{"id":74348,"date":"2024-04-15T10:52:18","date_gmt":"2024-04-15T08:52:18","guid":{"rendered":"https:\/\/www.die-stadtzeitung.de\/?p=74348"},"modified":"2024-04-21T10:53:48","modified_gmt":"2024-04-21T08:53:48","slug":"tag-der-offenen-tuer-gewaehrt-einblick-ins-kinderhospiz","status":"publish","type":"post","link":"https:\/\/www.die-stadtzeitung.de\/index.php\/2024\/04\/15\/tag-der-offenen-tuer-gewaehrt-einblick-ins-kinderhospiz\/","title":{"rendered":"&#8222;Tag der offenen T\u00fcr&#8220; gew\u00e4hrt Einblick ins Kinderhospiz"},"content":{"rendered":"<div id=\"attachment_74393\" class=\"wp-caption alignnone\" style=\"max-width: 891px;\"><img loading=\"lazy\" decoding=\"async\" class=\"size-full wp-image-74393\" src=\"\/wp-content\/uploads\/2024\/04\/Bergisches-Kinderundjugendhospiz-1.jpg\" alt=\"\" width=\"881\" height=\"592\" \/><span class=\"wp-caption-text\">Hospiz-Leiterin Kerstin W\u00fclfing, ihr Team, Maskottchen Fuchs und bekannte Figuren aus fremden Galaxien erwarten die Besucherinnen und Besucher am Sonntag (28.04) &#8211; \u00a9 Kinder- und Jugendhospiz Burgholz<\/span><\/div>\n<p>Die Mitarbeiterinnen und Mitarbeiter freuen sich darauf, den Menschen aus ihrem Alltag zu berichten und ihnen einen Blick hinter die Kulissen zu erm\u00f6glichen. Um 11:00 Uhr wird mit einem \u00f6ffentlichen, \u00f6kumenischen Gottesdienst gestartet.<\/p>\n<p>Danach gibt es neben der M\u00f6glichkeit zur Hausbesichtigung, die Option auf dem Pfad der Kinderhospizarbeit viel Neues zu erfahren und an kleinen Aktionen teilzunehmen. Wie im Jahr zuvor ist auch die Kindertagesst\u00e4tte Zwergenburg wieder mit dabei. Die Kinder f\u00fchren ein eigenes Theaterst\u00fcck auf, um Besucher und Eltern zu begeistern.<\/p>\n<p>Neben Grillw\u00fcrstchen, Kaffee und Kuchen ist noch einiges andere zu entdecken. Zudem gibt es die M\u00f6glichkeit auf einem Parcours einmal auszuprobieren, wie es sich mit einem Rollstuhl f\u00e4hrt, Selfies mit Foxi, einem echten<br \/>\nGeorgsRitter und seinen Star Wars Idolen zu machen.<\/p>\n<p>\u201eDie Mitarbeitenden und ich freuen uns immer sehr auf den Tag der offenen T\u00fcr\u201c, sagt Hospizleitung Kerstin W\u00fclfing. \u201eDas gibt uns die Gelegenheit den Menschen pers\u00f6nlich von unserer Arbeit zu berichten und zugleich ist es eine<br \/>\ngute M\u00f6glichkeit sich bei allen Unterst\u00fctzenden zu bedanken!\u201c<\/p>\n<div id=\"attachment_74352\" class=\"wp-caption alignnone\" style=\"max-width: 560px;\"><img loading=\"lazy\" decoding=\"async\" class=\"wp-image-74352 size-full\" src=\"\/wp-content\/uploads\/2024\/04\/Foto-Plakat-2024.jpg\" alt=\"\" width=\"550\" height=\"389\" \/><span class=\"wp-caption-text\">Das Plakat zum &#8222;Tag der offenen T\u00fcr&#8220; &#8211; \u00a9 Kinder- und Jugendhospiz Burgholz<\/span><\/div>\n<p>Das Fest startet, nach dem Gottesdienst um 12:00 Uhr und endet um 16:00 Uhr. Am Schulzentrum S\u00fcd stehen Parkpl\u00e4tze zur Verf\u00fcgung. \u00dcber die Sambatrasse erreicht man den Verantaltungsort an der Kaisereiche 105.<br \/>\nDie Sambatrasse befindet sich wenige Gehminuten von dem Schulzentrum entfernt. Es stehen keine Shuttlebusse zur Verf\u00fcgung, die Zufahrt \u00fcber die Kaisereiche ist gesperrt!<\/p>\n<p><strong>Link zur Webseite des Kinderhospiz Burgholz:<\/strong><\/p>\n<p><a href=\"http:\/\/www.kinderhospiz-burgholz.de\">http:\/\/www.kinderhospiz-burgholz.de<\/a><\/p>\n","protected":false},"excerpt":{"rendered":"<p>Wie sieht es eigentlich im Kinder- und Jugendhospiz Burgholz aus? Was machen die Kinder da den ganzen Tag so? Wo wohnen die Eltern und Geschwister? All diese Fragen und noch viele mehr, beantwortet das Bergische Kinder- und Jugendhospiz Burgholz beim &#8222;Tag der offenen T\u00fcr&#8220; am Sonntag (28.04.) ab 11 Uhr.<\/p>\n","protected":false},"author":7,"featured_media":0,"comment_status":"open","ping_status":"open","sticky":false,"template":"","format":"standard","meta":{"footnotes":""},"categories":[24],"tags":[],"class_list":["post-74348","post","type-post","status-publish","format-standard","hentry","category-wuppertal"],"publishpress_future_action":{"enabled":false,"date":"2026-05-09 03:09:08","action":"change-status","newStatus":"draft","terms":[],"taxonomy":"category","extraData":[]},"publishpress_future_workflow_manual_trigger":{"enabledWorkflows":[]},"_links":{"self":[{"href":"https:\/\/www.die-stadtzeitung.de\/index.php\/wp-json\/wp\/v2\/posts\/74348","targetHints":{"allow":["GET"]}}],"collection":[{"href":"https:\/\/www.die-stadtzeitung.de\/index.php\/wp-json\/wp\/v2\/posts"}],"about":[{"href":"https:\/\/www.die-stadtzeitung.de\/index.php\/wp-json\/wp\/v2\/types\/post"}],"author":[{"embeddable":true,"href":"https:\/\/www.die-stadtzeitung.de\/index.php\/wp-json\/wp\/v2\/users\/7"}],"replies":[{"embeddable":true,"href":"https:\/\/www.die-stadtzeitung.de\/index.php\/wp-json\/wp\/v2\/comments?post=74348"}],"version-history":[{"count":5,"href":"https:\/\/www.die-stadtzeitung.de\/index.php\/wp-json\/wp\/v2\/posts\/74348\/revisions"}],"predecessor-version":[{"id":74394,"href":"https:\/\/www.die-stadtzeitung.de\/index.php\/wp-json\/wp\/v2\/posts\/74348\/revisions\/74394"}],"wp:attachment":[{"href":"https:\/\/www.die-stadtzeitung.de\/index.php\/wp-json\/wp\/v2\/media?parent=74348"}],"wp:term":[{"taxonomy":"category","embeddable":true,"href":"https:\/\/www.die-stadtzeitung.de\/index.php\/wp-json\/wp\/v2\/categories?post=74348"},{"taxonomy":"post_tag","embeddable":true,"href":"https:\/\/www.die-stadtzeitung.de\/index.php\/wp-json\/wp\/v2\/tags?post=74348"}],"curies":[{"name":"wp","href":"https:\/\/api.w.org\/{rel}","templated":true}]}}