{"id":74322,"date":"2024-04-12T09:23:43","date_gmt":"2024-04-12T07:23:43","guid":{"rendered":"https:\/\/www.die-stadtzeitung.de\/?p=74322"},"modified":"2024-04-18T09:50:45","modified_gmt":"2024-04-18T07:50:45","slug":"i","status":"publish","type":"post","link":"https:\/\/www.die-stadtzeitung.de\/index.php\/2024\/04\/12\/i\/","title":{"rendered":"&#8222;Max und Moritz&#8220; spielen Streiche auf der B\u00fchne"},"content":{"rendered":"<div id=\"attachment_74326\" class=\"wp-caption alignnone\" style=\"max-width: 1930px;\"><img loading=\"lazy\" decoding=\"async\" class=\"wp-image-74326 size-full\" src=\"\/wp-content\/uploads\/2024\/04\/Max-Moritz2024-04-02-0002.jpg\" alt=\"\" width=\"1920\" height=\"1451\" \/><span class=\"wp-caption-text\">&#8222;Max und Moritz&#8220; alias Thorsten Strunk und Markus Veith toben sich auf der B\u00fchne des &#8222;Theaters Kammerspielchen&#8220; in der Kom\u00f6die am Karlsplatz aus &#8211; \u00a9 Thorsten Strunk &amp; Markus Veith<\/span><\/div>\n<p>Hinter \u201eMax und Moritz\u201c stehen Thorsten Strunk &amp; Markus Veith. Sie verk\u00f6rpern die beiden Lausbuben, die es tats\u00e4chlich gegeben hat und die heute \u00fcber 160 Jahre \u00a0alt w\u00e4ren.<\/p>\n<p>Die Geschichte hinter \u201eMax und Moritz\u201c: Die beiden sind immer noch dem Zeitgeist entsprechend agil und wortgewandt. In all den Dekaden haben sie nie aufgeh\u00f6rt, Unfug zu treiben. In Gastst\u00e4tten, Einkaufsh\u00e4usern und auf Gemeindefesten. Sogar auf dem Friedhof, bei der Bundeswehr und nat\u00fcrlich in ihrem Seniorenstift.<\/p>\n<p>Bisweilen musste auch so manche Prominenz f\u00fcr ihren Schabernack herhalten. Die beiden Freunde treffen sich regelm\u00e4\u00dfig auf einer Bank im Park und sind stets bereit, von ihrem bewegten Leben zu berichten. Doch nun planen sie ihren allerletzten Streich\u2026<\/p>\n<div id=\"attachment_74327\" class=\"wp-caption alignnone\" style=\"max-width: 310px;\"><img loading=\"lazy\" decoding=\"async\" class=\"wp-image-74327 size-full\" src=\"\/wp-content\/uploads\/2024\/04\/Max-Moritz2024-04-02-0002-Kopie.jpg\" alt=\"\" width=\"300\" height=\"515\" \/><span class=\"wp-caption-text\">Das Plakat zur Veranstaltung &#8211; \u00a9 Thorsten Strunk &amp; Markus Veith<\/span><\/div>\n<p><strong>Termin:<\/strong><\/p>\n<h4>\u201eMax und Moritz\u201c<\/h4>\n<p>Gastspiel<\/p>\n<p><strong>Darsteller:<\/strong> Thorsten Strunk &amp; Markus Veith<\/p>\n<p><strong>Texte:<\/strong> Markus Veith \u2013 Wilhelm Busch<\/p>\n<p><strong>Regie:<\/strong> Christian Quitschke<\/p>\n<p><strong>Freitag \u2013 19.04.2024 \u2013 20:00 Uhr<\/strong><\/p>\n<p>Theater Kammerspielchen\u00a0in der Kom\u00f6die am Karlsplatz &#8211; Friedrichstra\u00dfe 39 &#8211; 42105 Wuppertal<\/p>\n<p><strong>Tickets<\/strong> unter: Telefon 0174-9072995 &#8211; <a href=\"http:\/\/www.kammerspielchen.com\">http:\/\/www.kammerspielchen.com<\/a><\/p>\n<p>oder unter\u00a0 <a href=\"http:\/\/www.wuppertal-live.de\">http:\/\/www.wuppertal-live.de<\/a><\/p>\n","protected":false},"excerpt":{"rendered":"<p>\u201eMax und Moritz\u201c leben noch &#8211; zumindest auf der B\u00fchne! Die beiden Figuren des Dichters Wilhelm Busch spielen am Freitag (19.04.) um 20 Uhr als Gastspiel im Theater Kammerspielchen in der Kom\u00f6die am Karlsplatz ihre Streiche.<\/p>\n","protected":false},"author":7,"featured_media":0,"comment_status":"open","ping_status":"open","sticky":false,"template":"","format":"standard","meta":{"footnotes":""},"categories":[29],"tags":[],"class_list":["post-74322","post","type-post","status-publish","format-standard","hentry","category-kultur"],"publishpress_future_action":{"enabled":false,"date":"2026-05-06 10:53:11","action":"change-status","newStatus":"draft","terms":[],"taxonomy":"category","extraData":[]},"publishpress_future_workflow_manual_trigger":{"enabledWorkflows":[]},"_links":{"self":[{"href":"https:\/\/www.die-stadtzeitung.de\/index.php\/wp-json\/wp\/v2\/posts\/74322","targetHints":{"allow":["GET"]}}],"collection":[{"href":"https:\/\/www.die-stadtzeitung.de\/index.php\/wp-json\/wp\/v2\/posts"}],"about":[{"href":"https:\/\/www.die-stadtzeitung.de\/index.php\/wp-json\/wp\/v2\/types\/post"}],"author":[{"embeddable":true,"href":"https:\/\/www.die-stadtzeitung.de\/index.php\/wp-json\/wp\/v2\/users\/7"}],"replies":[{"embeddable":true,"href":"https:\/\/www.die-stadtzeitung.de\/index.php\/wp-json\/wp\/v2\/comments?post=74322"}],"version-history":[{"count":5,"href":"https:\/\/www.die-stadtzeitung.de\/index.php\/wp-json\/wp\/v2\/posts\/74322\/revisions"}],"predecessor-version":[{"id":74372,"href":"https:\/\/www.die-stadtzeitung.de\/index.php\/wp-json\/wp\/v2\/posts\/74322\/revisions\/74372"}],"wp:attachment":[{"href":"https:\/\/www.die-stadtzeitung.de\/index.php\/wp-json\/wp\/v2\/media?parent=74322"}],"wp:term":[{"taxonomy":"category","embeddable":true,"href":"https:\/\/www.die-stadtzeitung.de\/index.php\/wp-json\/wp\/v2\/categories?post=74322"},{"taxonomy":"post_tag","embeddable":true,"href":"https:\/\/www.die-stadtzeitung.de\/index.php\/wp-json\/wp\/v2\/tags?post=74322"}],"curies":[{"name":"wp","href":"https:\/\/api.w.org\/{rel}","templated":true}]}}