{"id":74304,"date":"2024-04-12T09:33:36","date_gmt":"2024-04-12T07:33:36","guid":{"rendered":"https:\/\/www.die-stadtzeitung.de\/?p=74304"},"modified":"2024-04-18T09:46:38","modified_gmt":"2024-04-18T07:46:38","slug":"dr-wolf-neuer-chefarzt-fuer-strukturelle-herzerkrankungen","status":"publish","type":"post","link":"https:\/\/www.die-stadtzeitung.de\/index.php\/2024\/04\/12\/dr-wolf-neuer-chefarzt-fuer-strukturelle-herzerkrankungen\/","title":{"rendered":"Dr. Wolf neuer Chefarzt f\u00fcr \u00a0Strukturelle Herzerkrankungen"},"content":{"rendered":"<div id=\"attachment_74306\" class=\"wp-caption alignnone\" style=\"max-width: 1811px;\"><img loading=\"lazy\" decoding=\"async\" class=\"size-full wp-image-74306\" src=\"\/wp-content\/uploads\/2024\/04\/Helios_Dr.-Wolf-Begruessung.jpg\" alt=\"\" width=\"1801\" height=\"1236\" \/><span class=\"wp-caption-text\">Begr\u00fc\u00dfung von Dr. Alexander Wolf durch die Gesch\u00e4dtsleitung, Herzentrum: (v.l.) Prof. Dr. Patrick Haage, Dr. Armin Sause, Dr. Alexander Wolf, Prof. Dr. Melchior Seyfarth, Lisa Sippel, Dr. Holger Raphael &#8211; \u00a9 Helios Klinikum Wuppertal \/ Michael Mutzberg<\/span><\/div>\n<p>\u201eIch freue mich darauf, in einem starken Team zu arbeiten, das nahezu alle Erkrankungen des Herzens behandeln kann\u201c, so der 47j\u00e4hrige Familienvater, der zuletzt am Contilia Herz- und Gef\u00e4\u00dfzentrum des Elisabeth Krankenhauses Essen als Leitender Oberarzt t\u00e4tig war.<\/p>\n<p>Schwerpunkt des Facharztes f\u00fcr Innere Medizin und Kardiologie ist die interventionelle Kardiologie, die minimal-invasive Therapieverfahren mittels Kathetertechnik umfasst. Hierbei erfolgt die Behandlung \u00fcber einen kleinen Gef\u00e4\u00dfzugang, meist unter \u00f6rtlicher Bet\u00e4ubung.<\/p>\n<p>Dr. med. Alexander Wolf: \u201eDie Belastung ist f\u00fcr den K\u00f6rper deutlich geringer und die Patientinnen und Patienten sind schneller wieder auf den Beinen.\u201c Dieses Verfahren wenden Dr. Wolf und sein Team insbesondere bei Herzklappenerkrankungen an. Aber auch komplexe Kathetereingriffe bei Engstellen an den Herzkranzgef\u00e4\u00dfen f\u00fchrt der neue Chefarzt routiniert durch.<\/p>\n<p>&nbsp;<\/p>\n","protected":false},"excerpt":{"rendered":"<p>Das \u00c4rzte-Team im Helios Herzzentrum Wuppertal hat ab sofort wieder einen Chefarzt f\u00fcr Strukturelle Herzerkrankungen: Dr. med. Alexander Wolf komplettiert die F\u00fchrung im Herzzentrum mit Prof. Dr. med. Melchior Seyfarth und Dr. med. Armin Sause.\u00a0<\/p>\n","protected":false},"author":7,"featured_media":0,"comment_status":"open","ping_status":"open","sticky":false,"template":"","format":"standard","meta":{"footnotes":""},"categories":[27],"tags":[],"class_list":["post-74304","post","type-post","status-publish","format-standard","hentry","category-wissen"],"publishpress_future_action":{"enabled":false,"date":"2026-05-07 18:01:46","action":"change-status","newStatus":"draft","terms":[],"taxonomy":"category","extraData":[]},"publishpress_future_workflow_manual_trigger":{"enabledWorkflows":[]},"_links":{"self":[{"href":"https:\/\/www.die-stadtzeitung.de\/index.php\/wp-json\/wp\/v2\/posts\/74304","targetHints":{"allow":["GET"]}}],"collection":[{"href":"https:\/\/www.die-stadtzeitung.de\/index.php\/wp-json\/wp\/v2\/posts"}],"about":[{"href":"https:\/\/www.die-stadtzeitung.de\/index.php\/wp-json\/wp\/v2\/types\/post"}],"author":[{"embeddable":true,"href":"https:\/\/www.die-stadtzeitung.de\/index.php\/wp-json\/wp\/v2\/users\/7"}],"replies":[{"embeddable":true,"href":"https:\/\/www.die-stadtzeitung.de\/index.php\/wp-json\/wp\/v2\/comments?post=74304"}],"version-history":[{"count":2,"href":"https:\/\/www.die-stadtzeitung.de\/index.php\/wp-json\/wp\/v2\/posts\/74304\/revisions"}],"predecessor-version":[{"id":74307,"href":"https:\/\/www.die-stadtzeitung.de\/index.php\/wp-json\/wp\/v2\/posts\/74304\/revisions\/74307"}],"wp:attachment":[{"href":"https:\/\/www.die-stadtzeitung.de\/index.php\/wp-json\/wp\/v2\/media?parent=74304"}],"wp:term":[{"taxonomy":"category","embeddable":true,"href":"https:\/\/www.die-stadtzeitung.de\/index.php\/wp-json\/wp\/v2\/categories?post=74304"},{"taxonomy":"post_tag","embeddable":true,"href":"https:\/\/www.die-stadtzeitung.de\/index.php\/wp-json\/wp\/v2\/tags?post=74304"}],"curies":[{"name":"wp","href":"https:\/\/api.w.org\/{rel}","templated":true}]}}