{"id":74233,"date":"2024-04-16T10:17:23","date_gmt":"2024-04-16T08:17:23","guid":{"rendered":"https:\/\/www.die-stadtzeitung.de\/?p=74233"},"modified":"2024-04-19T17:30:16","modified_gmt":"2024-04-19T15:30:16","slug":"marlene-wirt-tot-trauer-um-kult-diva-uwe-dresen","status":"publish","type":"post","link":"https:\/\/www.die-stadtzeitung.de\/index.php\/2024\/04\/16\/marlene-wirt-tot-trauer-um-kult-diva-uwe-dresen\/","title":{"rendered":"&#8222;Marlene\u201c-Wirt tot: Trauer um Kult-Diva Uwe Dresen"},"content":{"rendered":"<div id=\"attachment_74235\" class=\"wp-caption alignnone\" style=\"max-width: 442px;\"><img loading=\"lazy\" decoding=\"async\" class=\"size-full wp-image-74235\" src=\"\/wp-content\/uploads\/2024\/04\/79399542_2395234014071345_6205984484362289152_n.jpg\" alt=\"\" width=\"432\" height=\"261\" \/><span class=\"wp-caption-text\">Uwe Dresen in seiner Kneipe &#8222;Marlene&#8220; am Zapfhahn &#8211; \u00a9 Archivfoto Thomas S\u00e4nger<\/span><\/div>\n<p>Seit 1986 f\u00fchrte Uwe Dresen die Schankwirtschaft auf der Hochstra\u00dfe in Elberfeld, eine Mischung aus Kneipe, Treffpunkt und Museum. Der Mann, der immer in Frauenklamotten hinter der Theke stand, hatte stets ein offenes Ohr f\u00fcr die Problemchen und Probleme seiner G\u00e4ste. Er war das Herz der \u201eMarlene\u201c. Vorher hatte Uwe Dresen \u00fcbrigens Biologie, Chemie und Erziehungswissenschaften auf Lehramt studiert. Sp\u00e4ter machte er noch sein Dipolm in Biologie.<\/p>\n<p>Doch er selbst scheint gar nicht mit einem so schnellen Ableben gerechnet zu haben. H\u00e4tte er sonst noch vor kurzem den Nachlass des geschlossenen Kult-Restaurants \u201eM\u00fcllmuseum\u201c gekauft?<\/p>\n<p>So oder so: \u201eDiva\u201c Uwe Dresen hinterl\u00e4sst eine gro\u00dfe L\u00fccke in der Wuppertaler Kneipen-Szene. Viele werden ihn und seine lockeren Spr\u00fcche vermissen. Doch seine Schankwirtschaft wird \u201eweiterleben\u201c.<\/p>\n<p>Die \u201eMarlene\u201c mit ihrer Wohnzimmer-Atmosph\u00e4re auf der Hochstra\u00dfe bleibt \u00fcbrigens ge\u00f6ffnet, wie Sascha Sch\u00e4fner ank\u00fcndigte. Der Montag ist \u00fcbrigens auch in Zukunft Ruhetag \u2013 wie seit 38 Jahren. \u201eAlle Museen haben montags immer geschlossen\u201c, hatte Uwe Dresen das immer mit einem schelmischen L\u00e4cheln begr\u00fcndet. <strong>(pp)<\/strong><\/p>\n<p><strong>Link zur Webseite der Schankwirtschaft &#8222;Marlene&#8220;:<\/strong><\/p>\n<p><a href=\"http:\/\/www.salla-kazan.com\/marlene-wuppertal\/\">http:\/\/www.salla-kazan.com\/marlene-wuppertal\/<\/a><\/p>\n","protected":false},"excerpt":{"rendered":"<p>Er war ein liebenswerter Paradiesvogel: schrill, warmherzig und ein wenig verr\u00fcckt. Jetzt trauern viele Stammg\u00e4ste um Uwe Dresen, Kult-Diva der Wuppertaler Gastronomie-Szene. Der Wirt der Gastst\u00e4tte \u201eMarlene\u201c ist tot. Er starb am Donnerstag (10.04.) und mit ihm ein St\u00fcck weit Wuppertaler Kneipen-Kultur.<\/p>\n","protected":false},"author":7,"featured_media":0,"comment_status":"open","ping_status":"open","sticky":false,"template":"","format":"standard","meta":{"footnotes":""},"categories":[24],"tags":[],"class_list":["post-74233","post","type-post","status-publish","format-standard","hentry","category-wuppertal"],"publishpress_future_action":{"enabled":false,"date":"2026-05-05 05:01:09","action":"change-status","newStatus":"draft","terms":[],"taxonomy":"category","extraData":[]},"publishpress_future_workflow_manual_trigger":{"enabledWorkflows":[]},"_links":{"self":[{"href":"https:\/\/www.die-stadtzeitung.de\/index.php\/wp-json\/wp\/v2\/posts\/74233","targetHints":{"allow":["GET"]}}],"collection":[{"href":"https:\/\/www.die-stadtzeitung.de\/index.php\/wp-json\/wp\/v2\/posts"}],"about":[{"href":"https:\/\/www.die-stadtzeitung.de\/index.php\/wp-json\/wp\/v2\/types\/post"}],"author":[{"embeddable":true,"href":"https:\/\/www.die-stadtzeitung.de\/index.php\/wp-json\/wp\/v2\/users\/7"}],"replies":[{"embeddable":true,"href":"https:\/\/www.die-stadtzeitung.de\/index.php\/wp-json\/wp\/v2\/comments?post=74233"}],"version-history":[{"count":8,"href":"https:\/\/www.die-stadtzeitung.de\/index.php\/wp-json\/wp\/v2\/posts\/74233\/revisions"}],"predecessor-version":[{"id":74358,"href":"https:\/\/www.die-stadtzeitung.de\/index.php\/wp-json\/wp\/v2\/posts\/74233\/revisions\/74358"}],"wp:attachment":[{"href":"https:\/\/www.die-stadtzeitung.de\/index.php\/wp-json\/wp\/v2\/media?parent=74233"}],"wp:term":[{"taxonomy":"category","embeddable":true,"href":"https:\/\/www.die-stadtzeitung.de\/index.php\/wp-json\/wp\/v2\/categories?post=74233"},{"taxonomy":"post_tag","embeddable":true,"href":"https:\/\/www.die-stadtzeitung.de\/index.php\/wp-json\/wp\/v2\/tags?post=74233"}],"curies":[{"name":"wp","href":"https:\/\/api.w.org\/{rel}","templated":true}]}}