{"id":74212,"date":"2024-04-10T11:02:43","date_gmt":"2024-04-10T09:02:43","guid":{"rendered":"https:\/\/www.die-stadtzeitung.de\/?p=74212"},"modified":"2024-04-16T20:37:06","modified_gmt":"2024-04-16T18:37:06","slug":"bhc-kehrt-auch-aus-mannheim-ohne-punkte-zurueck","status":"publish","type":"post","link":"https:\/\/www.die-stadtzeitung.de\/index.php\/2024\/04\/10\/bhc-kehrt-auch-aus-mannheim-ohne-punkte-zurueck\/","title":{"rendered":"BHC kehrt auch aus Mannheim ohne Punkte zur\u00fcck"},"content":{"rendered":"<div id=\"attachment_56185\" class=\"wp-caption alignnone\" style=\"max-width: 2570px;\"><img loading=\"lazy\" decoding=\"async\" class=\"size-full wp-image-56185\" src=\"\/wp-content\/uploads\/2022\/10\/Classen-20-10-2022-052-2-scaled.jpg\" alt=\"\" width=\"2560\" height=\"1807\" \/><span class=\"wp-caption-text\">Torh\u00fcter Peter Johannesson musste sich nach dem Spiel in Mannhem herbe Kritik von BHC-Gesch\u00e4ftsf\u00fchrer J\u00f6rg F\u00f6ste gefallen lassen &#8211; \u00a9 Archivfoto Jochen Classen<\/span><\/div>\n<p>Eine Torwartparade stand nach 30 Minuten auf dem BHC-Konto. Peter Johannesson hatte zwischen den Pfosten begonnen, nach 13 Minuten \u00fcbernahm Christopher Rudeck und entsch\u00e4rfte zumindest einen Wurf. Davon abgesehen landete jeder Versuch der Rhein-Neckar L\u00f6wen im Netz. Die Abwehr agierte zwar nicht herausragend, hatte aber doch einige W\u00fcrfe kreiert, die in den F\u00e4ngen der Schlussleute h\u00e4tten landen d\u00fcrfen.<\/p>\n<p>Auf der anderen Seite des Feldes kamen die Bergischen recht einfach zu 16 Toren. Mit Ausnahme einer Phase griffen die G\u00e4ste recht gef\u00e4llig an und trafen aus vielen Positionen. Anspiele an den Kreis gelangen, Tomas Babak machte in Abwesenheit seiner kurzfristig verletzten Positionskollegen, Linus Arnesson (Daumenverletzung) und Eloy Morante Maldonado (Reizung der Plantarfaszie unter dem Fu\u00df), einen ordentlichen Job im R\u00fcckraum.<\/p>\n<p>Nach Wiederbeginn gelangen durch Rudeck zwar ein paar Torh\u00fcter-Paraden mehr, doch in einer Phase verloren die Bergischen reihenweise B\u00e4lle, so dass die Mannheimer leichtes Spiel hatten und per Gegensto\u00df bis auf 30:21 davonzogen. Damit war die Partie entschieden, obwohl die Bergischen das Ergebnis noch ein bisschen verbesserten.<\/p>\n<p>Immerhin schafften sie vier Tore in\u00a0 Serie. Grega Krecic traf in der Schlussphase noch vier Mal, doch das 29:35 bedeutete trotzdem, dass die Niederlagen-Serie des BHC in der LIQUI MOLY HBL auf zw\u00f6lf Spiele anwuchs.<\/p>\n<h4>Stimmen zum Spiel<\/h4>\n<p><strong>Jamal Naji:<\/strong> \u201eIch finde, es ist ein ganz komisches Spiel gewesen. Das Spielniveau war nicht au\u00dferordentlich gut. In die Halbzeit d\u00fcrfen wir nicht mit minus drei gehen, weil wir daf\u00fcr zu gut verteidigen. Wir schaffen es eigentlich, die Rhein Neckar L\u00f6wen \u00fcberwiegend zu den W\u00fcrfen zu bewegen, die wir wollen. Alles in allem l\u00e4uft es in den ersten 30 Minuten gut. Nur das Gef\u00fchl, dass wir mit drei hinten liegen, ist f\u00fcr mein Empfinden nicht richtig. Dann geht es in die zweite Halbzeit und ziehen die L\u00f6wen schnell davon. Sie kommen in ihre erste Welle, wir nicht in unserenR\u00fcckzug und dann\u00a0 ist gef\u00fchlt so ein bisschen die Messe gelesen. Bei 30:26 hatte ich noch einmal Hoffnung, aber uns unterl\u00e4uft dann ein kolossaler Fehler, der so nicht passieren darf. Vielleicht h\u00e4tten wir sie noch einmal zum Nachdenken kriegen k\u00f6nnen, aber alles in allem ist es insbesondere aufgrund der zweiten H\u00e4lfte ein verdienter Sieg f\u00fcr die L\u00f6wen.\u201c<\/p>\n<div id=\"attachment_71348\" class=\"wp-caption alignnone\" style=\"max-width: 649px;\"><img loading=\"lazy\" decoding=\"async\" class=\" wp-image-71348\" src=\"\/wp-content\/uploads\/2023\/12\/Classen-23-12-2023-187-1.jpg\" alt=\"\" width=\"639\" height=\"420\" \/><span class=\"wp-caption-text\">Gesichter sprechen B\u00e4nde: BHC-Gesch\u00e4ftsf\u00fchrer J\u00f6rg F\u00f6ste war insbesondere mit der Torh\u00fcterleistung unzufrieden &#8211; \u00a9 Jochen Classen<\/span><\/div>\n<p><strong>Sebastian Hinze:<\/strong> \u201eGerade zu Beginn sehe ich zwei Mannschaften, die viele Tore machen. Beim Stand von 9:9 nach gut 12 Minuten hatten wir schon einige Fehler in unserem Spiel und haben ein bisschen Gl\u00fcck, dass der BHC im Tempospiel auch ein, zwei B\u00e4lle liegen l\u00e4sst. Sie machen es wirklich gut zu Beginn, erzeugen immer wieder Druck \u00fcber den Innenblock und finden ihre L\u00f6sungen im Positionsangriff. Anfang der zweiten Halbzeit haben wir das besser in den Griff bekommen und ziehen dann \u00fcber eine gute Angriffsleistung weg. Wir sind sieben, acht Tore vor und dann habe ich \u2013 und das ist das Wichtige heute \u2013 uns heute auch mal wieder auf dem Feld l\u00e4cheln sehen. Wir haben uns viel erk\u00e4mpft in den letzten Wochen. Und klar kommen wir gegen Ende auch wieder in eine Phase, wo es nicht so gut l\u00e4uft. F\u00fcr mich z\u00e4hlt aber, dass wir die zwei Punkte behalten. Den Punkten, denen wir hinterherlaufen, werden wir wohl auch bis zum Ende hinterherlaufen. Und trotzdem: Wir wollen so viele Punkte holen, wie geht und die zehn Minuten, wo die Jungs auf der Platte heute frei waren und gel\u00e4chelt haben, ausbauen.\u201c<\/p>\n<p><strong>J\u00f6rg F\u00f6ste:<\/strong> \u201eEs war nicht allein das klare Minus auf der Torh\u00fcterposition, das zur heutigen klaren Niederlage f\u00fchrte. Aber es war ohne Frage der Hauptgrund. In unserer Situation ben\u00f6tigt man vor allem in den ersten 15, 20 Minuten sp\u00fcrbaren R\u00fcckhalt zwischen den Pfosten. Das Gegenteil war der Fall.\u201c<\/p>\n<h4>Rhein-Neckar L\u00f6wen \u2013 Bergischer HC 35:29 (19:16)<\/h4>\n<p><strong>Rhein-Neckar L\u00f6wen:<\/strong> Appelgren, Sp\u00e4th, Birlehm \u2013 Kirkelokke (3), Jacobsen, Knorr (10\/1), M\u00f3r\u00e9 (4), Jensen (2), Groetzki, Forsell Schefvert (2), Reichmann (9\/3), Gislason, Lindenchrone (1), Zacharias, Kohlbacher (4). Trainer: Sebastian Hinze<\/p>\n<p><strong>Bergischer HC:<\/strong> Rudeck, Johannesson \u2013 Beyer (4\/2), Nothdurft (3), Andersen (4), Stutzke (4), Babak (1), Ladefoged (4), Doniecki, M\u00b4Bengue (2), Krecic (4), Fraatz (2), Persson (1). Trainer: Jamal Naji<br \/>\nSchiedsrichter: Thomas Kern und Thorsten Kuschel<br \/>\nSiebenmeter: 4\/6 \u2013 2\/4<br \/>\nZeitstrafen: 2 \u2013 2 (Jacobsen, Lindenchrone \u2013 Ladefoged, Stutzke)<\/p>\n","protected":false},"excerpt":{"rendered":"<p>Auch im Nachholspiel bei den Rhein-Neckar L\u00f6wen gab es f\u00fcr den Bergischen HC nichts zu holen. Beim 29:35 (16:19) stimmte die Angriffsleistung oft, doch in der zweiten Halbzeit kosteten Ballverluste und daraus resultierende Mannheimer Gegenst\u00f6\u00dfe die kleine Chance. Zuvor hatten die Gastgeber fast jede Wurfchance nutzen k\u00f6nnen. Die Hoffnung, den Abstand zum rettenten Ufer von f\u00fcnf auf drei Punkte zu verringern, war nach 60 Minuten dahin.<\/p>\n","protected":false},"author":7,"featured_media":0,"comment_status":"open","ping_status":"open","sticky":false,"template":"","format":"standard","meta":{"footnotes":""},"categories":[20],"tags":[],"class_list":["post-74212","post","type-post","status-publish","format-standard","hentry","category-sport"],"publishpress_future_action":{"enabled":false,"date":"2026-05-08 19:28:42","action":"change-status","newStatus":"draft","terms":[],"taxonomy":"category","extraData":[]},"publishpress_future_workflow_manual_trigger":{"enabledWorkflows":[]},"_links":{"self":[{"href":"https:\/\/www.die-stadtzeitung.de\/index.php\/wp-json\/wp\/v2\/posts\/74212","targetHints":{"allow":["GET"]}}],"collection":[{"href":"https:\/\/www.die-stadtzeitung.de\/index.php\/wp-json\/wp\/v2\/posts"}],"about":[{"href":"https:\/\/www.die-stadtzeitung.de\/index.php\/wp-json\/wp\/v2\/types\/post"}],"author":[{"embeddable":true,"href":"https:\/\/www.die-stadtzeitung.de\/index.php\/wp-json\/wp\/v2\/users\/7"}],"replies":[{"embeddable":true,"href":"https:\/\/www.die-stadtzeitung.de\/index.php\/wp-json\/wp\/v2\/comments?post=74212"}],"version-history":[{"count":2,"href":"https:\/\/www.die-stadtzeitung.de\/index.php\/wp-json\/wp\/v2\/posts\/74212\/revisions"}],"predecessor-version":[{"id":74214,"href":"https:\/\/www.die-stadtzeitung.de\/index.php\/wp-json\/wp\/v2\/posts\/74212\/revisions\/74214"}],"wp:attachment":[{"href":"https:\/\/www.die-stadtzeitung.de\/index.php\/wp-json\/wp\/v2\/media?parent=74212"}],"wp:term":[{"taxonomy":"category","embeddable":true,"href":"https:\/\/www.die-stadtzeitung.de\/index.php\/wp-json\/wp\/v2\/categories?post=74212"},{"taxonomy":"post_tag","embeddable":true,"href":"https:\/\/www.die-stadtzeitung.de\/index.php\/wp-json\/wp\/v2\/tags?post=74212"}],"curies":[{"name":"wp","href":"https:\/\/api.w.org\/{rel}","templated":true}]}}