{"id":74156,"date":"2024-04-15T13:46:06","date_gmt":"2024-04-15T11:46:06","guid":{"rendered":"https:\/\/www.die-stadtzeitung.de\/?p=74156"},"modified":"2024-04-19T17:31:01","modified_gmt":"2024-04-19T15:31:01","slug":"phaedra-ein-drama-das-mit-dem-koerper-erzaehlt-wird","status":"publish","type":"post","link":"https:\/\/www.die-stadtzeitung.de\/index.php\/2024\/04\/15\/phaedra-ein-drama-das-mit-dem-koerper-erzaehlt-wird\/","title":{"rendered":"Phaedra: Ein Drama, das mit dem K\u00f6rper erz\u00e4hlt wird"},"content":{"rendered":"<div id=\"attachment_55376\" class=\"wp-caption alignnone\" style=\"max-width: 1803px;\"><img loading=\"lazy\" decoding=\"async\" class=\"size-full wp-image-55376\" src=\"\/wp-content\/uploads\/2022\/09\/6356-2.jpg\" alt=\"\" width=\"1793\" height=\"1308\" \/><span class=\"wp-caption-text\">Thusnelda Mercy und Pascal Merighi &#8211; \u00a9 Ralf Silberkuhl<\/span><\/div>\n<p>Bereits seit einigen Jahren arbeitet das Schauspiel Wuppertal mit Thusnelda Mercy und Pascal Merighi zusammen, um gemeinsam neue, k\u00f6rperliche Ans\u00e4tze zum Umgang mit Sprache auf der B\u00fchne zu entwickeln.<\/p>\n<p>Seit der Spielzeit 2023 \/24 sind das Schauspiel Wuppertal und die Tanz Station \u2013 Barmer Bahnhof, die von Thusnelda Mercy und Pascal Merighi, beide ehemalige Ensemble-Mitglieder des Tanztheater Wuppertal Pina Bausch, betrieben wird, offiziell Kooperationspartner. Die Produktion \u201ePhaedra\u201c ist ein weiterer Meilenstein.<\/p>\n<p>\u201eBewegung und Text, K\u00f6rper und Sprache geh\u00f6ren f\u00fcr mich unabdingbar zusammen, daraus kann im Theater eine v\u00f6llig neue Form entstehen, in der bestimmte Dinge gar nicht mehr mit Sprache, sondern mit dem K\u00f6rper erz\u00e4hlt werden\u201c, erkl\u00e4rt Thomas Braus, Intendant des Wuppertaler Schauspiels und selbst ein begnadeter Darsteller.<\/p>\n<div id=\"attachment_74166\" class=\"wp-caption alignnone\" style=\"max-width: 560px;\"><img loading=\"lazy\" decoding=\"async\" class=\"wp-image-74166 size-full\" src=\"\/wp-content\/uploads\/2024\/04\/Thomas-Braus_UweSchinkel-1024x683-2.jpg\" alt=\"\" width=\"550\" height=\"287\" \/><span class=\"wp-caption-text\">Thomas Braus &#8211; Intendant und Schauspieler &#8211; \u00a9 Uwe Schinkel<\/span><\/div>\n<p>Die Story von &#8222;Phaedra&#8220;, einem Drama des r\u00f6mischen Philosophen und Dramatikers Seneca (geboren: ca. im Jahr 1 n. Chr. &#8211; gestorben 65 n. Chr.): Phaedra begehrt Hippolyt. Dabei ist sie die Frau des K\u00f6nigs Theseus von Athen. Und Hippolyt des K\u00f6nigs Sohn und Phaedras Stiefsohn. Da ist die Trag\u00f6die programmiert. K\u00f6nig Theseus ist in der Unterwelt verschwunden. Phaedra hat den Glauben an die R\u00fcckkehr des K\u00f6nigs verloren. Ihre Einsamkeit wandelt sich in unkontrollierbare Begierde: Hippolyt soll den Platz des K\u00f6nigs einnehmen.<\/p>\n<p>Doch der macht sich nichts daraus. Das Einzige, das er liebt, ist die Natur. Die Zur\u00fcckweisung treibt Phaedra in den Wahnsinn. Mithilfe ihrer Amme schmiedet sie einen Plan: Als wider Erwarten K\u00f6nig Theseus im Palast erscheint, droht Phaedra sich umzubringen und beschuldigt Hippolyt der Vergewaltigung. Theseus beschw\u00f6rt daraufhin seinen Vater Neptun, Hippolyt umzubringen. Als Phaedra ihren leblosen Stiefsohn sieht, legt sie ihre L\u00fcge offen und st\u00fcrzt sich vor Ungl\u00fcck und Gewissensbissen in ihr Schwert.<\/p>\n<p>Das Ensemble aus T\u00e4nzerinnen und T\u00e4nzern sowie und Schauspielerinnen und Schauspielern hinterfragt mit starken physischen wie sprachlichen Bildern die Konsequenzen die Taten der Menschen und richtet den Fokus insbesondere auf den Naturaspekt \u2013 ein Versuch, die Antike als lebendiges Laboratorium erlebbar zu machen.<\/p>\n<div id=\"attachment_74167\" class=\"wp-caption alignnone\" style=\"max-width: 560px;\"><img loading=\"lazy\" decoding=\"async\" class=\"wp-image-74167 size-full\" src=\"\/wp-content\/uploads\/2024\/04\/23-05-12-SCHAUSPIEL-1200x720px-Phaedra-646b41b32c903-1.jpg\" alt=\"\" width=\"550\" height=\"330\" \/><span class=\"wp-caption-text\">&#8222;Phaedra&#8220; &#8211; \u00a9 Federico Sette<\/span><\/div>\n<p><strong>Termin:<\/strong><\/p>\n<h4>PHAEDRA<\/h4>\n<p><strong>frei nach Seneca<\/strong><\/p>\n<p>Theater am Engelsgarten \u2013 Engelsstr. 18 \u2013 42283 Wuppertal<br \/>\n<strong>Premiere: Samstag &#8211; 27. April 2024 &#8211; 19:30 Uhr<\/strong><\/p>\n<p>Mit: Thomas Braus &#8211; Cl\u00e9mentine Deluy &#8211;\u00a0 Silvia Muz\u00f3n L\u00f3pez &#8211; Kenji Takagi<\/p>\n<p><strong>Inszenierung: Pascal Merighi &#8211; Thusnelda Mercy<\/strong><\/p>\n<p>B\u00fchne &amp; Kost\u00fcme: Chlo\u00e9 Wasselin-Dandre<\/p>\n<p>Sounddesign: Julio C\u00e9sar Iglesias Ungo;<\/p>\n<p>Videodesign: Tal Rosner<\/p>\n<p><strong>Weitere Termine:<\/strong><\/p>\n<p>Sonntag \u2013 28.04.2024 \u2013 18:00 Uhr<\/p>\n<p>Donnerstag \u2013 02.05.2024 \u2013 19:30 Uhr<\/p>\n<p>Freitag \u2013 31.05.2024 \u2013 19:30 Uhr<\/p>\n<p>Samstag \u2013 01.06.2024 \u2013 19:30 Uhr<\/p>\n<p>Sonntag \u2013 16.06.2024 \u2013 18:00 Uhr<\/p>\n<p>Freitag \u2013 05.07.2024 \u2013 19:30 Uhr<\/p>\n<p>Weitere Infos unter <a href=\"http:\/\/schauspiel-wuppertal.de\/phaedra\">http:\/\/schauspiel-wuppertal.de\/phaedra<\/a><\/p>\n","protected":false},"excerpt":{"rendered":"<p>Die gemeinsame Produktion &#8222;Phaedra&#8220; frei nach Seneca ist der vorl\u00e4ufige H\u00f6hepunkt der Zusammenarbeit des Schauspiels Wuppertal mit Thusnelda Mercy und Pascal Merighi (Tanz Station Barmer Bahnhof). Die Premiere findet am Samstag (27.04.) um 19:30 Uhr im Theater am Engelsgarten statt. <\/p>\n","protected":false},"author":7,"featured_media":0,"comment_status":"open","ping_status":"open","sticky":false,"template":"","format":"standard","meta":{"footnotes":""},"categories":[29],"tags":[],"class_list":["post-74156","post","type-post","status-publish","format-standard","hentry","category-kultur"],"publishpress_future_action":{"enabled":false,"date":"2026-05-08 19:27:48","action":"change-status","newStatus":"draft","terms":[],"taxonomy":"category","extraData":[]},"publishpress_future_workflow_manual_trigger":{"enabledWorkflows":[]},"_links":{"self":[{"href":"https:\/\/www.die-stadtzeitung.de\/index.php\/wp-json\/wp\/v2\/posts\/74156","targetHints":{"allow":["GET"]}}],"collection":[{"href":"https:\/\/www.die-stadtzeitung.de\/index.php\/wp-json\/wp\/v2\/posts"}],"about":[{"href":"https:\/\/www.die-stadtzeitung.de\/index.php\/wp-json\/wp\/v2\/types\/post"}],"author":[{"embeddable":true,"href":"https:\/\/www.die-stadtzeitung.de\/index.php\/wp-json\/wp\/v2\/users\/7"}],"replies":[{"embeddable":true,"href":"https:\/\/www.die-stadtzeitung.de\/index.php\/wp-json\/wp\/v2\/comments?post=74156"}],"version-history":[{"count":7,"href":"https:\/\/www.die-stadtzeitung.de\/index.php\/wp-json\/wp\/v2\/posts\/74156\/revisions"}],"predecessor-version":[{"id":74169,"href":"https:\/\/www.die-stadtzeitung.de\/index.php\/wp-json\/wp\/v2\/posts\/74156\/revisions\/74169"}],"wp:attachment":[{"href":"https:\/\/www.die-stadtzeitung.de\/index.php\/wp-json\/wp\/v2\/media?parent=74156"}],"wp:term":[{"taxonomy":"category","embeddable":true,"href":"https:\/\/www.die-stadtzeitung.de\/index.php\/wp-json\/wp\/v2\/categories?post=74156"},{"taxonomy":"post_tag","embeddable":true,"href":"https:\/\/www.die-stadtzeitung.de\/index.php\/wp-json\/wp\/v2\/tags?post=74156"}],"curies":[{"name":"wp","href":"https:\/\/api.w.org\/{rel}","templated":true}]}}