{"id":73989,"date":"2024-04-03T21:47:34","date_gmt":"2024-04-03T19:47:34","guid":{"rendered":"https:\/\/www.die-stadtzeitung.de\/?p=73989"},"modified":"2024-04-04T09:17:17","modified_gmt":"2024-04-04T07:17:17","slug":"73989","status":"publish","type":"post","link":"https:\/\/www.die-stadtzeitung.de\/index.php\/2024\/04\/03\/73989\/","title":{"rendered":"Boris Charmatz &#038; Tanztheater: 3 Projekte beim Festival in Avignon"},"content":{"rendered":"<div id=\"attachment_73993\" class=\"wp-caption alignnone\" style=\"max-width: 2570px;\"><img loading=\"lazy\" decoding=\"async\" class=\"wp-image-73993 size-full\" src=\"\/wp-content\/uploads\/2024\/04\/MG_5029-scaled.jpg\" alt=\"\" width=\"2560\" height=\"1707\" \/><span class=\"wp-caption-text\">Boris Charmatz, k\u00fcnstlerrischer Leiter des Tanztheaters Wuppertal Pina Bausch &#8211; \u00a9 C\u00e9sar Vayssi\u00e9<\/span><\/div>\n<p>Das Festival setzt \u00fcber die gesamte Laufzeit einen programmatischen Schwerpunkt auf die Arbeit des Choreografen mit dem Ensemble des Tanztheater Wuppertal und seiner franz\u00f6sischen Struktur Terrain.<\/p>\n<p>1947 gegr\u00fcndet von Jean Vilar z\u00e4hlt das Festival heute zu den bedeutendsten Events f\u00fcr zeitgen\u00f6ssische Theater-, Tanz- und Performancekunst weltweit und erfreut sich enormer Publikums- und Medienresonanz aus dem In- und Ausland, mit zahlreichen Auff\u00fchrungen, Ausstellungen, Lesungen, Filmen, diskursiven und partizipativen Projekten, Debatten und mehr.<\/p>\n<p>\u201e Jedes Jahr wollen wir, dass ein K\u00fcnstler oder eine K\u00fcnstlerin an unserer Seite an der Gestaltung des Festivals teilnimmt, uns seine oder ihre Weltanschauung und Affinit\u00e4ten entdecken l\u00e4sst, mit seinen oder ihren Gedanken zur Programmauswahl beitr\u00e4gt oder seine oder ihre neuen Kreationen vorstellt. Und jedes Jahr wird diese Komplizenschaft anders aufgebaut und umgesetzt,\u201c erkl\u00e4rt Tiago Rodrigues.<\/p>\n<p>Boris Charmatz und die Kompanie werden vom ersten bis zum letzten Tag des Festivals in Avignon mit drei Projekten vertreten sein, die von einem Workshop unter freiem Himmel bis hin zu einer Kreation f\u00fcr Avignon reichen. Ein ganzes Festival, um das Feld der M\u00f6glichkeiten des Tanzes zu erkunden&#8220;, so Tiago Rodrigues.<\/p>\n<div id=\"attachment_73994\" class=\"wp-caption alignnone\" style=\"max-width: 2570px;\"><img loading=\"lazy\" decoding=\"async\" class=\"wp-image-73994 size-full\" src=\"\/wp-content\/uploads\/2024\/04\/9S_8676-scaled.jpg\" alt=\"\" width=\"2560\" height=\"1457\" \/><span class=\"wp-caption-text\">Das Ensemble Libert\u00e9 Cath\u00e9drale &#8211; \u00a9 Uwe Stratmann<\/span><\/div>\n<p><strong>CERCLES\u00a0 &#8211; Partizipatives Zwei-L\u00e4nder-Projekt <\/strong><\/p>\n<p><strong>Kreation im Rahmen des Festival d\u00b4Avignon<\/strong><\/p>\n<p><strong>Konzept Boris Charmatz<\/strong><\/p>\n<p>30. Juni und 1. Juli 2024 &#8211; Stade de Bagatelle (Fu\u00dfballplatz)<\/p>\n<p>Mit CERCLES konzipiert Boris Charmatz in Avignon und danach mit dem gleichen choreografischen Material in Wuppertal ein gro\u00dfangelegtes partizipatives Projekt im Rahmen der Vorlaufphase des Pina Bausch Zentrums. Boris Charmatz erarbeitet mit einer Gruppe von 200 tanzbegeisterten und gecasteten Teilnehmerinnen und Teilnehmer aus unterschiedlichen Kontexten in Avignon im Rahmen eines \u00f6ffentlich zug\u00e4nglichen dreit\u00e4gigen Open-Air Workshops eine Partitur aus Kreist\u00e4nzen. In Wuppertal findet die Premiere mit den Wuppertaler Teilnehmer*innen am 22. September 2024 statt.<\/p>\n<p><strong>Libert\u00e9 Cath\u00e9drale\u00a0 &#8211; Kreation 2023 Boris Charmatz mit dem Ensemble des Tanztheater Wuppertal Pina Bausch + G\u00e4sten<\/strong><\/p>\n<p>6. 8. 9. Juli 2024 &#8211; Stade de Bagatelle (Fu\u00dfballplatz)<\/p>\n<p>Ein choreografischer Sturm, getanzt und gesungen von Darstellerinnen und Darstellern des Tanztheater Wuppertal und Terrain, durchzogen von der Kraft der Orgel, von Glockenschl\u00e4gen und Stille.<\/p>\n<p>Urauff\u00fchrung 8. September 2023 &#8211; Mariendom \/ Neviges<\/p>\n<div id=\"attachment_70502\" class=\"wp-caption alignnone\" style=\"max-width: 2570px;\"><img loading=\"lazy\" decoding=\"async\" class=\"wp-image-70502 size-full\" src=\"\/wp-content\/uploads\/2023\/11\/nelken2013-39-scaled.jpg\" alt=\"\" width=\"2560\" height=\"1862\" \/><span class=\"wp-caption-text\">Das Ensemble des Tanztheater Wuppertal in dem Pina-Bausch-St\u00fcck &#8222;Nelken&#8220;- \u00a9 Tanztheater Wuppertal Pina Bausch \/ <span class=\"wp-caption-text\">Jochen Viehoff<\/span><\/span><\/div>\n<p><strong>Forever<\/strong><\/p>\n<p><strong>(Immersion dans &#8222;Caf\u00e9 M\u00fcller&#8220; de Pina Bausch)<\/strong><\/p>\n<p>15. 17. 18. 20. 21. Juli 2024 La FabricA<\/p>\n<p>Jeweils 13:00 bis 20:00 Uhr &#8211; empfohlene Verweildauer 2 Stunden<\/p>\n<p>Ein anderes Verh\u00e4ltnis zu Zeit und Raum, um in eines der ber\u00fchmtesten Werke der Choreografin Pina Bausch einzutauchen: Eine Auff\u00fchrung wie ein Labor, in dem pluralistische Lesarten von <em>&#8222;<\/em>Caf\u00e9 M\u00fcller&#8220;entwickelt werden.<\/p>\n<p>&nbsp;<\/p>\n<p><strong>Au\u00dferdem Filmprojektionen, diskursive Formate und mehr <\/strong><\/p>\n<ol start=\"3\">\n<li>Juli 2024 Territoires cin\u00e9matographiques, Kino Utopia; Projektion von zwei Filmen,realisiert von Boris\u00a0Charmatz\u00a0und\u00a0C\u00e9sar\u00a0Vayssi\u00e9:\u00a0<em>Les Disparates<\/em>\u00a0&amp;\u00a0<em>Transept<\/em><\/li>\n<li>Juli\u00a0 des id\u00e9es (\u00f6ffentliche Diskussion) mit Emma Big\u00e9, EmanueleCoccia\u00a0und Elizabeth\u00a0Diller<\/li>\n<li>Juli\u00a02024 Teilnahme im Rahmen von Rencontres (Begegnungen) an Recherche und Kreationmit der Agence Nationale pour la Recherche<\/li>\n<li>Juli Cin\u00e9-Marathon Pina Bausch &#8211; Kino Utopia<\/li>\n<\/ol>\n<p>Mit freundlicher Genehmigung der Pina Bausch Foundation<\/p>\n<p><a href=\"https:\/\/festival-avignon.com\">https:\/\/festival-avignon.com<\/a><\/p>\n<p>In der Vergangenheit gastierte das Tanztheater Wuppertal Pina Bausch beim Festival d\u2018Avignon 1981 mit &#8222;Nelken&#8220; und mit &#8222;Kontaktho&#8220;f\u00a0 im Cour d\u2018honneur du Palais de Papes, 1993 mit &#8222;Walzer&#8220;, 1995 mit &#8222;Caf\u00e9 M\u00fcller&#8220; und &#8222;Das Fr\u00fchlingsopfer&#8220; und 2000 mit &#8222;Der Fensterputzer&#8220;. Boris Charmatz, damals Direktor des Mus\u00e9e de la danse in Rennes (2009-2018), pr\u00e4sentierte 2010 &#8222;Flip book&#8220;sowie &#8222;La danseuse malade&#8220;, 2011 als \u201eArtiste associ\u00e9\u201c des Festivals enfant, Improvisation, Lev\u00e9e des conflits, Petit projet de la mati\u00e8re, Session poster und 2013 \u00e9trangler le temps und Partita 2 (ein St\u00fcck von Rosas \/ Anne Teresa De Keersmaeker).<\/p>\n<p>&nbsp;<\/p>\n<p>&nbsp;<\/p>\n","protected":false},"excerpt":{"rendered":"<p>Das &#8222;Festival d`Avignon&#8220; hat das Programm f\u00fcr die 78. Ausgabe des Festivals unter der Direktion von Tiago Rodrigues bekannt gegen. Das Festival findet von 29. Juni bis 21. Juli in Avignon (Frankreich)\u00a0 in mehr als 20 Spielst\u00e4tten in- und outdoor statt. 2024 ist Boris Charmatz &#8211;\u00a0 Intendant des Tanztheater Wuppertal Pina Bausch und k\u00fcnstlerischer Leiter von Terrain &#8211; \u201eArtiste Complice\u201c des Festivals.<\/p>\n","protected":false},"author":7,"featured_media":0,"comment_status":"open","ping_status":"open","sticky":false,"template":"","format":"standard","meta":{"footnotes":""},"categories":[29],"tags":[],"class_list":["post-73989","post","type-post","status-publish","format-standard","hentry","category-kultur"],"publishpress_future_action":{"enabled":false,"date":"2026-05-07 12:19:51","action":"change-status","newStatus":"draft","terms":[],"taxonomy":"category","extraData":[]},"publishpress_future_workflow_manual_trigger":{"enabledWorkflows":[]},"_links":{"self":[{"href":"https:\/\/www.die-stadtzeitung.de\/index.php\/wp-json\/wp\/v2\/posts\/73989","targetHints":{"allow":["GET"]}}],"collection":[{"href":"https:\/\/www.die-stadtzeitung.de\/index.php\/wp-json\/wp\/v2\/posts"}],"about":[{"href":"https:\/\/www.die-stadtzeitung.de\/index.php\/wp-json\/wp\/v2\/types\/post"}],"author":[{"embeddable":true,"href":"https:\/\/www.die-stadtzeitung.de\/index.php\/wp-json\/wp\/v2\/users\/7"}],"replies":[{"embeddable":true,"href":"https:\/\/www.die-stadtzeitung.de\/index.php\/wp-json\/wp\/v2\/comments?post=73989"}],"version-history":[{"count":7,"href":"https:\/\/www.die-stadtzeitung.de\/index.php\/wp-json\/wp\/v2\/posts\/73989\/revisions"}],"predecessor-version":[{"id":73998,"href":"https:\/\/www.die-stadtzeitung.de\/index.php\/wp-json\/wp\/v2\/posts\/73989\/revisions\/73998"}],"wp:attachment":[{"href":"https:\/\/www.die-stadtzeitung.de\/index.php\/wp-json\/wp\/v2\/media?parent=73989"}],"wp:term":[{"taxonomy":"category","embeddable":true,"href":"https:\/\/www.die-stadtzeitung.de\/index.php\/wp-json\/wp\/v2\/categories?post=73989"},{"taxonomy":"post_tag","embeddable":true,"href":"https:\/\/www.die-stadtzeitung.de\/index.php\/wp-json\/wp\/v2\/tags?post=73989"}],"curies":[{"name":"wp","href":"https:\/\/api.w.org\/{rel}","templated":true}]}}