{"id":73974,"date":"2024-03-20T15:45:28","date_gmt":"2024-03-20T14:45:28","guid":{"rendered":"https:\/\/www.die-stadtzeitung.de\/?p=73974"},"modified":"2024-04-02T15:45:47","modified_gmt":"2024-04-02T13:45:47","slug":"aninova-rettet-sieben-legehennen-aus-huehnerfarm","status":"publish","type":"post","link":"https:\/\/www.die-stadtzeitung.de\/index.php\/2024\/03\/20\/aninova-rettet-sieben-legehennen-aus-huehnerfarm\/","title":{"rendered":"ANINOVA rettet sieben Legehennen aus H\u00fchnerfarm"},"content":{"rendered":"<div id=\"attachment_73972\" class=\"wp-caption alignnone\" style=\"max-width: 1605px;\"><img loading=\"lazy\" decoding=\"async\" class=\"size-full wp-image-73972\" src=\"\/wp-content\/uploads\/2024\/03\/lisa-malte-im-eierbetrieb-1.jpg\" alt=\"\" width=\"1595\" height=\"1080\" \/><span class=\"wp-caption-text\">Malte Zierden und ANINOVA-Tiersch\u00fctzerin Lisa in der riesigen Legebatterie in Deutschland &#8211; \u00a9 ANINOVA<\/span><\/div>\n<p>Nach einer letzten Einsatzbesprechung ging es los. Bisher wusste Malte nur, dass es um Hennen geht, die Ostereier legen, jedoch nicht, wo genau der Betrieb liegt und was ihn dort erwartet. Das Undercover-Team kennt den Betrieb dagegen bereits.<\/p>\n<p>Die Tierretter von ANINOVA haben ihn im Vorfeld ausgekundschaftet. Der Betrieb sorgte bereits einmal f\u00fcr Schlagzeilen, weil gegen den Betreiber schon einmal wegen Tierqu\u00e4lerei ermittelt wurde. Auch das Veterin\u00e4ramt hatte bereits mehrfach Kontrollen durchgef\u00fchrt \u2013 bislang aber ohne wirkliche Konsequenzen f\u00fcr den H\u00fchnerz\u00fcchter.<\/p>\n<p>Es war weit nach Mitternacht, als Malte die Stallt\u00fcr \u00f6ffnete und schockiert aussprach, was sicher die meisten B\u00fcrger glauben: \u201eIch dachte, so etwas w\u00fcrde es in Deutschland nicht mehr geben\u201c. Vor ihm erstreckten sich drei Hallen, in denen auf mehreren Etagen Hennen in winzigen K\u00e4figen leben. Alleine in diesem Betrieb sind es rund 250.000 Hennen, die beinahe t\u00e4glich Ostereier produzieren m\u00fcssen.<\/p>\n<div id=\"attachment_73700\" class=\"wp-caption alignnone\" style=\"max-width: 660px;\"><img loading=\"lazy\" decoding=\"async\" class=\"wp-image-73700 size-full\" src=\"\/wp-content\/uploads\/2024\/03\/huehner-im-kaefig.jpg\" alt=\"\" width=\"650\" height=\"366\" \/><span class=\"wp-caption-text\">Eng zusammengepfercht fristen die Legehennen ihr kurzes Leben &#8211; \u00a9 ANINOVA<\/span><\/div>\n<p>Bei den meisten bunt gef\u00e4rbten Eiern ist der Eier-Code nicht (mehr) zu sehen, daher ist f\u00fcr niemanden nachvollziehbar, ob sie aus K\u00e4fighaltung stammen oder nicht. F\u00fcr die empfindsamen Federtiere bedeutet die Haltung im K\u00e4fig H\u00f6llenqualen: keinen Auslauf, kein Tageslicht, keine frische Luft.<\/p>\n<p>Stattdessen nichts als Gitterst\u00e4be, die sich in die Fu\u00dfballen der H\u00fchner dr\u00fccken. Die meisten Menschen denken, dass K\u00e4fighaltung l\u00e4ngst verboten sei. Tatsache ist jedoch, dass nach wie vor rund zwei Millionen Hennen in Deutschland in engen K\u00e4figen gehalten werden. Ein endg\u00fcltiges Verbot kommt erst im Jahr 2028. Bis dahin leiden Millionen Hennen weiter im Verborgenen und kaum ein Mensch bekommt es mit.<\/p>\n<div id=\"attachment_73701\" class=\"wp-caption alignnone\" style=\"max-width: 660px;\"><img loading=\"lazy\" decoding=\"async\" class=\"wp-image-73701 size-full\" src=\"\/wp-content\/uploads\/2024\/03\/huehner-hinter-gitterstangen.jpg\" alt=\"\" width=\"650\" height=\"366\" \/><span class=\"wp-caption-text\">Die Hennen in den Legebatterien sehr im ganzen Leben nicht das Tageslicht &#8211; \u00a9 ANINOVA<\/span><\/div>\n<p>Nachdem das Undercover-Team und Malte Zierden die Zust\u00e4nde in dem Betrieb dokumentiert haben, entschlie\u00dfen sie sich, sieben Hennen aus dem Elend zu retten. \u201cDiese Hennen stehen symbolisch f\u00fcr alle Hennen, die gerade zu Ostern gequ\u00e4lt werden\u201c, sagt Malte.<\/p>\n<p>Allen ist klar, dass man mit dieser Tierrettung nicht das Leid von Millionen Leghennen lindern wird. Aber f\u00fcr diese sieben Hennen ver\u00e4ndert sich das ganze Leben. Sie sind jetzt auf einem Lebenshof in Nordrhein-Westfalen und h\u00f6ren auf die sch\u00f6nen Namen Mathilda, Gudrun, Sybille, Bertha, Henriette, Gertrude und Elfriede. Sie werden von engagierten, tierfreundlichen \u00a0Menschen liebevoll versorgt und k\u00f6nnen sich von den Strapazen der K\u00e4fighaltung erholen.<\/p>\n<div id=\"attachment_73702\" class=\"wp-caption alignnone\" style=\"max-width: 310px;\"><img loading=\"lazy\" decoding=\"async\" class=\"wp-image-73702 size-full\" src=\"\/wp-content\/uploads\/2024\/03\/huhn-erholt-sich-300x248-1.jpg\" alt=\"\" width=\"300\" height=\"248\" \/><span class=\"wp-caption-text\">Gerettet: Eine der befreiten Hennen &#8211; \u00a9 ANINOVA<\/span><\/div>\n<p><strong>Link zur Webseite von ANINOVA e.V.:<\/strong><\/p>\n<p><a href=\"http:\/\/www.aninova.org\">http:\/\/www.aninova.org<\/a><\/p>\n<p><strong>Link zum Video: Sieben Legehennen in Undercover-Aktion befreit:<\/strong><\/p>\n<p><a href=\"https:\/\/aninova.org\/aufdeckung\/im-eierbetrieb-mit-malte-zierden\/\">https:\/\/aninova.org\/aufdeckung\/im-eierbetrieb-mit-malte-zierden\/<\/a><\/p>\n","protected":false},"excerpt":{"rendered":"<p>Sein Herz pochte laut, Malte Zierden war total aufgeregt. Schon l\u00e4nger nutzt der Content Creator seine enorme Reichweite vor allem auf Instagram (\u00fcber 870.000 Follower), um auf Tierschutzthemen aufmerksam zu machen. Doch jetzt war er zum ersten Mal bei einem Undercover-Einsatz der Tierschutzorganisation\u00a0 ANINOVA in einer H\u00fchnerfarm dabei.<\/p>\n","protected":false},"author":7,"featured_media":0,"comment_status":"open","ping_status":"open","sticky":false,"template":"","format":"standard","meta":{"footnotes":""},"categories":[19],"tags":[],"class_list":["post-73974","post","type-post","status-publish","format-standard","hentry","category-weitblick"],"publishpress_future_action":{"enabled":false,"date":"2026-05-09 06:58:58","action":"change-status","newStatus":"draft","terms":[],"taxonomy":"category","extraData":[]},"publishpress_future_workflow_manual_trigger":{"enabledWorkflows":[]},"_links":{"self":[{"href":"https:\/\/www.die-stadtzeitung.de\/index.php\/wp-json\/wp\/v2\/posts\/73974","targetHints":{"allow":["GET"]}}],"collection":[{"href":"https:\/\/www.die-stadtzeitung.de\/index.php\/wp-json\/wp\/v2\/posts"}],"about":[{"href":"https:\/\/www.die-stadtzeitung.de\/index.php\/wp-json\/wp\/v2\/types\/post"}],"author":[{"embeddable":true,"href":"https:\/\/www.die-stadtzeitung.de\/index.php\/wp-json\/wp\/v2\/users\/7"}],"replies":[{"embeddable":true,"href":"https:\/\/www.die-stadtzeitung.de\/index.php\/wp-json\/wp\/v2\/comments?post=73974"}],"version-history":[{"count":3,"href":"https:\/\/www.die-stadtzeitung.de\/index.php\/wp-json\/wp\/v2\/posts\/73974\/revisions"}],"predecessor-version":[{"id":73977,"href":"https:\/\/www.die-stadtzeitung.de\/index.php\/wp-json\/wp\/v2\/posts\/73974\/revisions\/73977"}],"wp:attachment":[{"href":"https:\/\/www.die-stadtzeitung.de\/index.php\/wp-json\/wp\/v2\/media?parent=73974"}],"wp:term":[{"taxonomy":"category","embeddable":true,"href":"https:\/\/www.die-stadtzeitung.de\/index.php\/wp-json\/wp\/v2\/categories?post=73974"},{"taxonomy":"post_tag","embeddable":true,"href":"https:\/\/www.die-stadtzeitung.de\/index.php\/wp-json\/wp\/v2\/tags?post=73974"}],"curies":[{"name":"wp","href":"https:\/\/api.w.org\/{rel}","templated":true}]}}