{"id":73936,"date":"2024-04-01T10:28:21","date_gmt":"2024-04-01T08:28:21","guid":{"rendered":"https:\/\/www.die-stadtzeitung.de\/?p=73936"},"modified":"2024-04-07T09:46:41","modified_gmt":"2024-04-07T07:46:41","slug":"oper-belebt-music-drama-der-wald-von-ethel-smyth-wieder","status":"publish","type":"post","link":"https:\/\/www.die-stadtzeitung.de\/index.php\/2024\/04\/01\/oper-belebt-music-drama-der-wald-von-ethel-smyth-wieder\/","title":{"rendered":"Oper belebt Music-Drama &#8222;Der Wald&#8220; von Ethel Smyth wieder"},"content":{"rendered":"<div id=\"attachment_44207\" class=\"wp-caption alignnone\" style=\"max-width: 2570px;\"><img loading=\"lazy\" decoding=\"async\" class=\"size-full wp-image-44207\" src=\"\/wp-content\/uploads\/2021\/12\/Patrick-Hahn_Sinfonieorchester-Wuppertal-c-Uwe-Schinkel-scaled.jpg\" alt=\"\" width=\"2560\" height=\"1703\" \/><span class=\"wp-caption-text\">Generalmusikdirektor Patrick Hahn am Dirigenten-Pult &#8211; \u00a9 Uwe Schinkel<\/span><\/div>\n<p>In einem spannungsgeladenen Thriller-Doppel-Opernabend wird in Kombination mit Arnold Sch\u00f6nbergs \u201eErwartung\u201c das Motiv des Waldes zur Projektionsfl\u00e4che f\u00fcr die Abgr\u00fcnde der menschlichen Seele.<\/p>\n<p>Mit der Wiederentdeckung von Ethel Smyth setzt das Haus seinen Fokus auf die Etablierung von Komponistinnen, die in der Vergangenheit aufgrund ihres Geschlechts weniger Beachtung fanden.<\/p>\n<p>Die britische Komponistin Ethel Smyth erreichte erst durch einen Hungerstreik, dass ihr Vater ein Studium in Deutschland erlaubte. Daraufhin studierte sie als erste Frau Komposition am Leipziger Konservatorium. Mit \u201eDer Wald\u201c schrieb sie eine deutsche Oper, die es 1903 als erstes Werk einer Frau auf die B\u00fchne der Metropolitan Opera New York geschafft hat. Jetzt, nach \u00fcber 100 Jahren, \u00a0kehrt das Music-Drama erstmalig wieder nach Deutschland zur\u00fcckkehrt.<\/p>\n<div id=\"attachment_73077\" class=\"wp-caption alignnone\" style=\"max-width: 360px;\"><img loading=\"lazy\" decoding=\"async\" class=\"wp-image-73077 size-full\" src=\"\/wp-content\/uploads\/2024\/03\/Erik-Rousi-C-Frans-Rinne-Kopie.jpg\" alt=\"\" width=\"350\" height=\"480\" \/><span class=\"wp-caption-text\">Erik Rousi stellt die Figur &#8222;Peter&#8220; dar &#8211; \u00a9 Frans Rinne<\/span><\/div>\n<p>Im Monodrama \u201eErwartung\u2039\u201c(1909) von Arnold Sch\u00f6nberg irrt eine Frau auf der verzweifelten Suche nach dem Geliebten durch den n\u00e4chtlichen Wald. Das Werk \u201eDer Wald\u201c (1902) erz\u00e4hlt die Geschichte von R\u00f6schen und dem Holzf\u00e4ller Heinrich, deren Schicksal am Vorabend ihrer Hochzeit eine dramatische Wendung nimmt.<\/p>\n<p>Regisseur Manuel Schmitt verbindet die beiden St\u00fccke im d\u00fcsteren Wald-Setting zu einer miteinander verwobenen Geschichte, die den Wald als Metapher f\u00fcr die Vielschichtigkeit der menschlichen Seele interpretiert.<\/p>\n<p>In \u201eErwartung\u201c, umgesetzt von Hanna Larissa Naujoks, wird die Tiefe des Waldes zum Spiegel der d\u00fcsteren Abgr\u00fcnde der menschlichen Seele, w\u00e4hrend in \u201eDer Wald\u201c die Best\u00e4ndigkeit der Natur im Kontrast zur Verg\u00e4nglichkeit des Lebens thematisiert wird. Die musikalische Leitung \u00fcbernimmt Generalmusikdirektor Patrick Hahn.<\/p>\n<div id=\"attachment_73942\" class=\"wp-caption alignnone\" style=\"max-width: 357px;\"><img loading=\"lazy\" decoding=\"async\" class=\"wp-image-73942\" src=\"\/wp-content\/uploads\/2024\/04\/Grossman-Edith-C-Adam-Griffith-Kopie.jpg\" alt=\"\" width=\"347\" height=\"486\" \/><span class=\"wp-caption-text\">Edith Grossman, Darstellerin der &#8222;Jolanthe&#8220; &#8211; \u00a9 Adam Griffith<\/span><\/div>\n<p>Mit dem Doppelabend werden in der eindrucksvollen und kontrastreichen Inszenierung neue Pfade in der Oper Wuppertal beschritten, der die Zuschauer zu einer Reise auf die geheimnisvollen und d\u00fcsteren Seiten der menschlichen Seele einl\u00e4dt.<\/p>\n<p><strong>Termine:<\/strong><\/p>\n<h4>ERWARTUNG \/ DER WALD<\/h4>\n<p><strong>Premiere:<\/strong> Sonntag &#8211; 07.04.2024 &#8211; 18:00 Uhr &#8211; Opernhaus Wuppertal &#8211; Kurt-Drees-Stra\u00dfe 4<\/p>\n<p><strong>Weitere Termine:<\/strong><\/p>\n<p>Sonntag &#8211; .28.04.2024<\/p>\n<p>Samstag &#8211; 04.05.2024<\/p>\n<p>Freitag &#8211; 10.05.2024<\/p>\n<p>Samstag &#8211; 18.05.2024<\/p>\n<div id=\"attachment_67726\" class=\"wp-caption alignnone\" style=\"max-width: 346px;\"><img loading=\"lazy\" decoding=\"async\" class=\" wp-image-67726\" src=\"\/wp-content\/uploads\/2023\/08\/Johannes_Witt_1_Kapellmeister_\u00a9_Sarah_Wijzen-beek-2-scaled.jpg\" alt=\"\" width=\"336\" height=\"403\" \/><span class=\"wp-caption-text\">Johannes Witt, 1. Kapellmeister &#8211; \u00a9 Sarah Wilzenbeek<\/span><\/div>\n<p><strong>K\u00fcnstlerisches Team:<\/strong><\/p>\n<p>Musikalische Leitung: PATRICK HAHN<br \/>\nNachdirigat (28.04.\/18.05.2024):\u00a0\u00a0JOHANNES WITT<br \/>\nInszenierung: MANUEL SCHMITT<br \/>\nB\u00fchne &amp; Kost\u00fcme: JULIA KATHARINA BERNDT<br \/>\nChoreinstudierung: ULRICH ZIPPELIUS<br \/>\nOpernClub-Kids: EVA CASPARI<br \/>\nDramaturgie: LAURA KNOLL<\/p>\n<p><strong>Besetzung:<\/strong><\/p>\n<p><strong>ERWARTUNG<\/strong><\/p>\n<p>Musikalisches Monodrama in einem Akt von Arnold Sch\u00f6nberg. Libretto von Marie Pappenheim. In deutscher Sprache mit deutschen und englischen \u00dcbertiteln.<\/p>\n<p>Eine Frau\u00a0&#8211; HANNA LARISSA NAUJOKS a. G.<\/p>\n<p><strong>DER WALD<\/strong><\/p>\n<p>Oper und Libretto von Ethel Smyth. In deutscher Sprache mit deutschen und englischen \u00dcbertiteln.<\/p>\n<p>Landgraf Rudolf &#8211; SAMUEOL PARK &#8211; als Gast<br \/>\nJolanthe &#8211; EDITH GROSSMAN<br \/>\nHeinrich &#8211; SANGMIN JEON<br \/>\nPeter\u00a0&#8211; ERIK ROUSI<br \/>\nR\u00f6schen &#8211; MARIYA TANIGUCHI &#8211; als Gast<br \/>\nEin Hausierer &#8211; ZACHARY WILSON<br \/>\nEin Bursche &#8211; NIKA D\u00d6NGES* \/ MIRA ILINA*<br \/>\nEin J\u00e4ger &#8211; HAK-YOUNG LEE<\/p>\n<p>Opernchor der Wuppertaler B\u00fchnen<\/p>\n<p>Extrachor der Wuppertaler B\u00fchnen<\/p>\n<p>Sinfonieorchester Wuppertal<\/p>\n<p>Opernclub Kids<\/p>\n<p>Dauer: ca. 1,5 Stunden &#8211; ohne Pause<\/p>\n<p><strong>Weitere Informationen unter:<\/strong> <a href=\"http:\/\/oper-wuppertal.de\/erwartung\">http:\/\/oper-wuppertal.de\/erwartung<\/a><\/p>\n<p><strong>Ticket- und Abo-Hotline:<\/strong> +49 202 563 7666<br \/>\nKulturKarte &#8211; Kirchplatz &#8211; Wuppertal<\/p>\n<p>&nbsp;<\/p>\n<p>&nbsp;<\/p>\n","protected":false},"excerpt":{"rendered":"<p>Die Oper Wuppertal entdeckt kaum beachtete K\u00fcnstlerinnen und K\u00fcnstler wieder.\u00a0 Am Sonntag (07.04.) wird Ethel Smyths Music-Drama \u201eDer Wald\u201c um 18 Uhr im Opernhaus Wuppertal seit \u00fcber 100 Jahren erstmalig wieder in Deutschland aufgef\u00fchrt.<\/p>\n","protected":false},"author":7,"featured_media":0,"comment_status":"open","ping_status":"open","sticky":false,"template":"","format":"standard","meta":{"footnotes":""},"categories":[29],"tags":[],"class_list":["post-73936","post","type-post","status-publish","format-standard","hentry","category-kultur"],"publishpress_future_action":{"enabled":false,"date":"2026-05-05 05:02:13","action":"change-status","newStatus":"draft","terms":[],"taxonomy":"category","extraData":[]},"publishpress_future_workflow_manual_trigger":{"enabledWorkflows":[]},"_links":{"self":[{"href":"https:\/\/www.die-stadtzeitung.de\/index.php\/wp-json\/wp\/v2\/posts\/73936","targetHints":{"allow":["GET"]}}],"collection":[{"href":"https:\/\/www.die-stadtzeitung.de\/index.php\/wp-json\/wp\/v2\/posts"}],"about":[{"href":"https:\/\/www.die-stadtzeitung.de\/index.php\/wp-json\/wp\/v2\/types\/post"}],"author":[{"embeddable":true,"href":"https:\/\/www.die-stadtzeitung.de\/index.php\/wp-json\/wp\/v2\/users\/7"}],"replies":[{"embeddable":true,"href":"https:\/\/www.die-stadtzeitung.de\/index.php\/wp-json\/wp\/v2\/comments?post=73936"}],"version-history":[{"count":6,"href":"https:\/\/www.die-stadtzeitung.de\/index.php\/wp-json\/wp\/v2\/posts\/73936\/revisions"}],"predecessor-version":[{"id":73943,"href":"https:\/\/www.die-stadtzeitung.de\/index.php\/wp-json\/wp\/v2\/posts\/73936\/revisions\/73943"}],"wp:attachment":[{"href":"https:\/\/www.die-stadtzeitung.de\/index.php\/wp-json\/wp\/v2\/media?parent=73936"}],"wp:term":[{"taxonomy":"category","embeddable":true,"href":"https:\/\/www.die-stadtzeitung.de\/index.php\/wp-json\/wp\/v2\/categories?post=73936"},{"taxonomy":"post_tag","embeddable":true,"href":"https:\/\/www.die-stadtzeitung.de\/index.php\/wp-json\/wp\/v2\/tags?post=73936"}],"curies":[{"name":"wp","href":"https:\/\/api.w.org\/{rel}","templated":true}]}}