{"id":73752,"date":"2024-03-22T15:09:55","date_gmt":"2024-03-22T14:09:55","guid":{"rendered":"https:\/\/www.die-stadtzeitung.de\/?p=73752"},"modified":"2024-03-30T08:29:01","modified_gmt":"2024-03-30T07:29:01","slug":"simon-garfunkel-story-the-sound-of-silence","status":"publish","type":"post","link":"https:\/\/www.die-stadtzeitung.de\/index.php\/2024\/03\/22\/simon-garfunkel-story-the-sound-of-silence\/","title":{"rendered":"Simon &#038; Garfunkel-Story: &#8222;The Sound Of Silence&#8220;"},"content":{"rendered":"<div id=\"attachment_73755\" class=\"wp-caption alignnone\" style=\"max-width: 1881px;\"><img loading=\"lazy\" decoding=\"async\" class=\"size-full wp-image-73755\" src=\"\/wp-content\/uploads\/2024\/03\/Foto-Simon_Garfunkel\u00a9Rene-EderSW14050261.jpg\" alt=\"\" width=\"1871\" height=\"1217\" \/><span class=\"wp-caption-text\">&#8222;The Simon &amp; Garfunkel-Story&#8220; entf\u00fchrt das Publikum am Samstag (30.03.) in der Historischen Stadthalle musikalisch zu\u00fcck in die 60er Jahre &#8211; \u00a9 Veranstalter<\/span><\/div>\n<p>Als liebevolle Hommage bringt die gefeierte Tribute-Show den charakteristischen Sound von Paul Simon und Art Garfunkel originalgetreu auf die B\u00fchne der Historischen Stadthalle und entf\u00fchrt das Publikum mit Welthits wie \u201eThe Sound Of Silence\u201c, \u201eBridge Over Troubled Water\u201c oder \u201eMrs. Robinson\u201c auf eine fesselnde Zeitreise durch die Karriere der ebenso sympathischen wie tiefsinnigen Folk-Rock-Stars!<\/p>\n<h4>Ein Abend mit den Folk-Rock-Legenden<\/h4>\n<p>Im Zentrum des bewegenden und musikalisch hochklassigen Abends stehen Songs, die bis heute durch ihren unverwechselbaren und poetischen Charakter begeistern. Die beiden Hauptdarsteller haben stimmlich verbl\u00fcffende \u00c4hnlichkeit mit ihren Idolen und interpretieren zusammen mit der neunk\u00f6pfigen Band die Werke mit K\u00f6nnen und gro\u00dfem Respekt.<\/p>\n<p>Die Show f\u00fchrt von den ersten musikalischen Schritten der beiden New Yorker Jungs \u00fcber den unglaublichen Erfolg als eine der bestverkauften Musikgruppen der 1960er Jahre bis hin zur Trennung im Jahr 1970. Den H\u00f6hepunkt bildet die sagenumwobene Wiedervereinigung beim Konzert im Central Park im Jahr 1981 vor mehr als einer halben Million Fans.<\/p>\n<p>Gro\u00dfe Projektionen mit sorgf\u00e4ltig ausgew\u00e4hltem Foto- und Videomaterial transportieren die Stimmungen der Zeit und bringen besondere Momente ihrer Erfolgsgeschichte zur\u00fcck auf die B\u00fchne.<\/p>\n<h4>Eines der erfolgreichsten Duos aller Zeiten<\/h4>\n<p>Die Lieder von Simon &amp; Garfunkel waren der Soundtrack einer bewegenden Zeit: \u201eThe Sound of Silence\u201c galt dem New York Times Magazine als \u201eHymne der jungen Generation\u201c. Kein Wunder, verband dieser wie viele andere ihrer Songs doch Nachdenklichkeit, Harmonie und \u201eperfekt verpackte Melancholie\u201c (Der Spiegel).<\/p>\n<p>Ihr Einfluss auf die Pop-Geschichte ist unbestritten, allein bei den Grammy Awards wurden Paul Simon und Art Garfunkel zehn Mal ausgezeichnet. 1990 wurden Simon &amp; Garfunkel in die Rock and Roll Hall of Fame aufgenommen, 2003 folgte der Grammy Lifetime Achievement Award. Heute verzeichnet das Duo \u00fcber 100 Millionen verkaufter Alben.<\/p>\n<p>\u201eSchon die ersten Zeilen von \u201aThe Sound Of Silence\u02bb oder \u201aThe Boxer\u02bb lassen einem Schauer \u00fcber den R\u00fccken laufen, w\u00e4hrend die mitrei\u00dfende Version von ,Cecilia\u02bb das ganze Publikum zum Mitklatschen bringt,\u201c attestiert der Londoner EXPRESS. W\u00e4hrend der K\u00f6lner Stadt-Anzeiger es auf den Punkt bringt: \u201eEin Abend in perfekter Harmonie!\u201c<\/p>\n<p><strong>Termin:<\/strong><\/p>\n<h4>The Simon &amp; Garfunkel Story<\/h4>\n<p><strong>Die Original Tribute-Show aus dem Londoner West End<br \/>\n<\/strong><\/p>\n<p>Samstag &#8211; 30.03.2024 &#8211; 20:00 Uhr<\/p>\n<p>Historische Stadthalle &#8211; Johannisberg 40 &#8211; 42102 Wuppertal<\/p>\n<p><strong>Tickets<\/strong> unter <a href=\"http:\/\/www.eventim.de\">http:\/\/www.eventim.de<\/a> oder <a href=\"http:\/\/www.wuppertal-live.de\">http:\/\/www.wuppertal-live.de<\/a><\/p>\n<p>&nbsp;<\/p>\n<p><strong>\u00a0<\/strong><\/p>\n<p>&nbsp;<\/p>\n<p>&nbsp;<\/p>\n","protected":false},"excerpt":{"rendered":"<p>&#8222;The Simon &#038; Garfunkel Story&#8220; hat weltweit schon \u00fcber 500.000 Menschen begeistert. Die Deutschlandpremiere im Sommer 2019 im K\u00f6lner Musical Dome wurde ebenfalls von Publikum und Presse gleicherma\u00dfen gefeiert. Am Samstag (30.03.) macht die Show Station in Wuppertal. \u00a0<\/p>\n","protected":false},"author":7,"featured_media":0,"comment_status":"open","ping_status":"open","sticky":false,"template":"","format":"standard","meta":{"footnotes":""},"categories":[29],"tags":[],"class_list":["post-73752","post","type-post","status-publish","format-standard","hentry","category-kultur"],"publishpress_future_action":{"enabled":false,"date":"2026-05-05 04:59:31","action":"change-status","newStatus":"draft","terms":[],"taxonomy":"category","extraData":[]},"publishpress_future_workflow_manual_trigger":{"enabledWorkflows":[]},"_links":{"self":[{"href":"https:\/\/www.die-stadtzeitung.de\/index.php\/wp-json\/wp\/v2\/posts\/73752","targetHints":{"allow":["GET"]}}],"collection":[{"href":"https:\/\/www.die-stadtzeitung.de\/index.php\/wp-json\/wp\/v2\/posts"}],"about":[{"href":"https:\/\/www.die-stadtzeitung.de\/index.php\/wp-json\/wp\/v2\/types\/post"}],"author":[{"embeddable":true,"href":"https:\/\/www.die-stadtzeitung.de\/index.php\/wp-json\/wp\/v2\/users\/7"}],"replies":[{"embeddable":true,"href":"https:\/\/www.die-stadtzeitung.de\/index.php\/wp-json\/wp\/v2\/comments?post=73752"}],"version-history":[{"count":4,"href":"https:\/\/www.die-stadtzeitung.de\/index.php\/wp-json\/wp\/v2\/posts\/73752\/revisions"}],"predecessor-version":[{"id":73757,"href":"https:\/\/www.die-stadtzeitung.de\/index.php\/wp-json\/wp\/v2\/posts\/73752\/revisions\/73757"}],"wp:attachment":[{"href":"https:\/\/www.die-stadtzeitung.de\/index.php\/wp-json\/wp\/v2\/media?parent=73752"}],"wp:term":[{"taxonomy":"category","embeddable":true,"href":"https:\/\/www.die-stadtzeitung.de\/index.php\/wp-json\/wp\/v2\/categories?post=73752"},{"taxonomy":"post_tag","embeddable":true,"href":"https:\/\/www.die-stadtzeitung.de\/index.php\/wp-json\/wp\/v2\/tags?post=73752"}],"curies":[{"name":"wp","href":"https:\/\/api.w.org\/{rel}","templated":true}]}}