{"id":73416,"date":"2024-03-10T16:45:37","date_gmt":"2024-03-10T15:45:37","guid":{"rendered":"https:\/\/www.die-stadtzeitung.de\/?p=73416"},"modified":"2024-03-19T14:56:09","modified_gmt":"2024-03-19T13:56:09","slug":"ihk-kinderbetreuung-noch-in-den-kinderschuhen","status":"publish","type":"post","link":"https:\/\/www.die-stadtzeitung.de\/index.php\/2024\/03\/10\/ihk-kinderbetreuung-noch-in-den-kinderschuhen\/","title":{"rendered":"IHK: Kinderbetreuung noch in den \u201eKinderschuhen\u201c"},"content":{"rendered":"<div id=\"attachment_73418\" class=\"wp-caption alignnone\" style=\"max-width: 2570px;\"><img loading=\"lazy\" decoding=\"async\" class=\"wp-image-73418 size-full\" src=\"\/wp-content\/uploads\/2024\/03\/MI-18-24_Anlage_FotoA-scaled.jpg\" alt=\"\" width=\"2560\" height=\"1550\" \/><span class=\"wp-caption-text\">Diskutierten (v.l.) unter der Leitung von Kerstin von der Linden: Helena Grimm-Knorr (Der Parit\u00e4tische NRW &#8211; Kreisgruppe Wuppertal), Lorenz Bahr (Staatssekret\u00e4r im Ministerium f\u00fcr Kinder, Jugend, Familie), IHK-Pr\u00e4sident Henner Pasch, Stefan K\u00fchn (Stadtdirektor Wuppertal) und Markus G\u00f6tte (Mitglied der Gesch\u00e4ftsleitung Kita Concept) &#8211; \u00a9 Wolf Sondermann<\/span><\/div>\n<p>Mehr als 100 G\u00e4ste aus Politik, Verwaltung, von Freien Tr\u00e4gern und aus Betreuungseinrichtungen waren der Einladung Industrie- und Handelskammer Bergisches Land, um bei Vortr\u00e4gen, einer Diskussion und damit einer L\u00f6sungssuche zuzuh\u00f6ren.<\/p>\n<p>Eine Demonstration von Eltern und Kindern vor dem Knipex-Forum bewies allen G\u00e4sten, um wen es bei der Diskussion eigentlich geht. Henner Pasch, IHK-Pr\u00e4sident und Gesch\u00e4ftsf\u00fchrer bei Fourtexx, schickte deutliche Worte in Richtung der Politik.<\/p>\n<p>Angesprochen war \u00a0in dem Fall Lorenz Bahr (Staatssekret\u00e4r aus dem NRW-Ministerium f\u00fcr Kinder, Jugend, Familie, Gleichstellung, Flucht und Integration). \u201eEs ist f\u00fcr mich unbegreiflich, dass der Staat erst eine Betreuungsgarantie gibt und sich dann erst damit befasst, wie das funktionieren kann\u201c, kritisierte Henner Pasch.<\/p>\n<p>E erkl\u00e4rte, die Unternehmen seien bereit, flexibel zu reagieren und zu investieren \u2013 allerdings m\u00fcssten die b\u00fcrokratischen H\u00fcrden fallen, ebenso wie die Standards, etwa f\u00fcr die Ausstattung der R\u00e4ume und Geb\u00e4ude. Henner Pasch versucht gerade selbst, eine M\u00f6glichkeit zu schaffen, in seiner Firma die Betreuung der Kinder von Mitarbeiterinnen und Mitarbeitern \u00a0anzubieten.<\/p>\n<div id=\"attachment_73419\" class=\"wp-caption alignnone\" style=\"max-width: 610px;\"><img loading=\"lazy\" decoding=\"async\" class=\"wp-image-73419 size-full\" src=\"\/wp-content\/uploads\/2024\/03\/MI-18-24_Anlage_FotoC.jpg\" alt=\"\" width=\"600\" height=\"297\" \/><span class=\"wp-caption-text\">(V.l): Markus G\u00f6tte ( Kita Concept), David Viehweger (WJ Solingen\/ Fourtexx), Michael Wenge (HGF Bergische IHK), Henner Pasch (Pr\u00e4sident Bergische IHK), Marion Gr\u00fcnhage), R\u00fcdiger Theis (Winzig Stiftung), Stefan K\u00fchn (Stadtdirektor Wuppertal), Lorenz Bahr (NRW-Staatssekret\u00e4r), Dagmar Becker (Stadtdirektorin Solingen), Kerstin von der Linden (WDR-Moderatorin), Thomas W\u00e4ngler (Gesch\u00e4ftsf\u00fchrer Bergische IHK).<\/span><\/div>\n<p>Sein Personalleiter und Vorstand der Solinger Wirtschaftsjunioren, David Viehweger, erkl\u00e4rte, dass bereits Bewerber abspringen w\u00fcrden, weil ein Betreuungsplatz in Solingen nicht sicher sei.<\/p>\n<p>Moderiert von WDR-Moderatorin\u00a0 Kerstin von der Linden gab es Vortr\u00e4ge von Marion Gr\u00fcnhage, Gesch\u00e4ftsf\u00fchrerin Diakonie Wuppertal, Kai Wiedemann, Personalleiter Knipex, und Dagmar Becker, Stadtdirektorin von Solingen.<\/p>\n<p>Sie zeigte auf, wie die Stadt versucht, die Kinderbetreuung f\u00fcr alle zu realisieren und wo es Herausforderungen und Probleme gibt: Etwa bei fehlendem Personal und den Kosten \u2013 f\u00fcr den laufenden Betrieb, ebenso wie f\u00fcr Neubauten &#8211; aber auch wenn etwa Nachbarn gegen Neubauten Klage erheben.<\/p>\n<p>R\u00fcdiger Theis (Winzig Stiftung) forderte gerade f\u00fcr den Bereich der Kinder bis 3 Jahre deutlich mehr Personal in der Betreuung \u2013 unter Beifall der Anwesenden Erzieherinnen und Erzieher. Lorenz Bahr, r\u00e4umte ein, dass Personalmangel, hohe Krankenst\u00e4nde und Finanzierung die zentralen Themen seien \u2013 betonte aber, dass Personalgewinnung aus seiner Sicht der entscheidende Faktor ist.<\/p>\n<div id=\"attachment_73421\" class=\"wp-caption alignnone\" style=\"max-width: 610px;\"><img loading=\"lazy\" decoding=\"async\" class=\"wp-image-73421 size-full\" src=\"\/wp-content\/uploads\/2024\/03\/MI-18-24_Anlage_FotoB.jpg\" alt=\"\" width=\"600\" height=\"287\" \/><span class=\"wp-caption-text\">Staatssekret\u00e4r Lorenz Bahr (r.) sprach vor mehr als 100 G\u00e4sten im Forum der Firma Knipex &#8211; \u00a9 Wolf Sondermann<\/span><\/div>\n<p>\u201eWenn wir das Personalproblem nicht stabilisieren, k\u00f6nnen wir das System nicht halten.\u201c Er brachte einen Vorschlag der Bertelsmann-Stiftung ein, der beinhaltet Betreuungs-Kernzeiten f\u00fcr alle zu reduzieren, um mit dem bestehenden Personal eine verl\u00e4sslichere Betreuung sicherzustellen \u2013 erweitere Zeiten sollen dann zus\u00e4tzlich gebucht werden k\u00f6nnen. Lorenz Bahr: \u00a0\u201eWir werden anfangen m\u00fcssen, eintempor\u00e4r anderes System einzuf\u00fchren\u201c.<\/p>\n<p>In einer Diskussionsrunde mit Lorenz Bahr, Markus G\u00f6tte, Mitglied der Gesch\u00e4ftsleitung Kita Concept, und Helena Grimm-Knorr (Fachreferentin Tagesangebote f\u00fcr Kinder, Der Parit\u00e4tische NRW -Kreisgruppe Wuppertal) brachte Sozialdezernent Stefan K\u00fchn (Stadt Wuppertal) die Idee ein, dass Firmen Tagespflegepersonen besch\u00e4ftigen oder mit ihnen kooperieren. Das sei leichter zu realisieren und kosteng\u00fcnstiger als eine voll ausgestattete Kindertagesst\u00e4tte zu bauen oder einzurichten.<\/p>\n<p><strong>Link zur Webseite der IHK Bergisches Land:<\/strong><\/p>\n<p><a href=\"http:\/\/www.ihk.de\/bergische\/\">http:\/\/www.ihk.de\/bergische\/<\/a><\/p>\n","protected":false},"excerpt":{"rendered":"<p>Kinderbetreuung ist gerade an allen Ecken und Enden ein Thema, das\u00a0 vielen Eltern auf den N\u00e4geln brennt. Kinderbetreuung befindet sich noch in den \u201eKinderschuhen\u201c. Das war beim Kinderbetreuungsgipfel der IHK bei der Firma Knipex f\u00f6rmlich greifbar.<\/p>\n","protected":false},"author":7,"featured_media":0,"comment_status":"open","ping_status":"open","sticky":false,"template":"","format":"standard","meta":{"footnotes":""},"categories":[22],"tags":[],"class_list":["post-73416","post","type-post","status-publish","format-standard","hentry","category-wirtschaft"],"publishpress_future_action":{"enabled":false,"date":"2026-05-09 04:14:01","action":"change-status","newStatus":"draft","terms":[],"taxonomy":"category","extraData":[]},"publishpress_future_workflow_manual_trigger":{"enabledWorkflows":[]},"_links":{"self":[{"href":"https:\/\/www.die-stadtzeitung.de\/index.php\/wp-json\/wp\/v2\/posts\/73416","targetHints":{"allow":["GET"]}}],"collection":[{"href":"https:\/\/www.die-stadtzeitung.de\/index.php\/wp-json\/wp\/v2\/posts"}],"about":[{"href":"https:\/\/www.die-stadtzeitung.de\/index.php\/wp-json\/wp\/v2\/types\/post"}],"author":[{"embeddable":true,"href":"https:\/\/www.die-stadtzeitung.de\/index.php\/wp-json\/wp\/v2\/users\/7"}],"replies":[{"embeddable":true,"href":"https:\/\/www.die-stadtzeitung.de\/index.php\/wp-json\/wp\/v2\/comments?post=73416"}],"version-history":[{"count":3,"href":"https:\/\/www.die-stadtzeitung.de\/index.php\/wp-json\/wp\/v2\/posts\/73416\/revisions"}],"predecessor-version":[{"id":73422,"href":"https:\/\/www.die-stadtzeitung.de\/index.php\/wp-json\/wp\/v2\/posts\/73416\/revisions\/73422"}],"wp:attachment":[{"href":"https:\/\/www.die-stadtzeitung.de\/index.php\/wp-json\/wp\/v2\/media?parent=73416"}],"wp:term":[{"taxonomy":"category","embeddable":true,"href":"https:\/\/www.die-stadtzeitung.de\/index.php\/wp-json\/wp\/v2\/categories?post=73416"},{"taxonomy":"post_tag","embeddable":true,"href":"https:\/\/www.die-stadtzeitung.de\/index.php\/wp-json\/wp\/v2\/tags?post=73416"}],"curies":[{"name":"wp","href":"https:\/\/api.w.org\/{rel}","templated":true}]}}