{"id":73212,"date":"2024-03-06T12:18:50","date_gmt":"2024-03-06T11:18:50","guid":{"rendered":"https:\/\/www.die-stadtzeitung.de\/?p=73212"},"modified":"2024-03-06T12:18:50","modified_gmt":"2024-03-06T11:18:50","slug":"zusammenschluss-barmenia-und-gothaer-im-herbst","status":"publish","type":"post","link":"https:\/\/www.die-stadtzeitung.de\/index.php\/2024\/03\/06\/zusammenschluss-barmenia-und-gothaer-im-herbst\/","title":{"rendered":"Zusammenschluss Barmenia und Gothaer im Herbst"},"content":{"rendered":"<div id=\"attachment_73217\" class=\"wp-caption alignnone\" style=\"max-width: 1332px;\"><img loading=\"lazy\" decoding=\"async\" class=\"size-full wp-image-73217\" src=\"\/wp-content\/uploads\/2024\/03\/Bild-29.09.23-um-14.42-1.jpg\" alt=\"\" width=\"1322\" height=\"830\" \/><span class=\"wp-caption-text\">Planen den Zusammenschluss: Dr. Andras Eurich (l. \u2013 Vorstandsvorsitzender Barmenia) und Oliver Schoeller (Vorstandsvorsitzender Gothaer) \u2013 \u00a9 Barmenia \/ Gothaer<\/span><\/div>\n<p>\u201eDie Due Diligence ist weitestgehend abgeschlossen, und die Ergebnisse haben uns in unserem gemeinsamen Vorhaben noch einmal best\u00e4rkt\u201c, erkl\u00e4ren Oliver Schoeller, Vorstandsvorsitzender der Gothaer Finanzholding AG und Barmenia-CEO Andreas Eurich.<\/p>\n<p>Auch f\u00fcr die Struktur des gemeinsamen Unternehmens gebe es mittlerweile konkrete \u00dcberlegungen. An der Spitze des Konzerns sollen k\u00fcnftig zwei Versicherungsvereine stehen, darunter die Barmenia.Gothaer Finanzholding AG, unter der wiederum die verschiedenen Risikotr\u00e4ger angesiedelt sein sollen.<\/p>\n<h4>Lebens- und Krankenversicherer werden zusammengef\u00fchrt<\/h4>\n<p>Die Personenversicherer im k\u00fcnftigen gemeinsamen Konzern sollen in einem mehrstufigen Plan zusammengef\u00fchrt werden. Eurich erl\u00e4utert: \u201eIm ersten Schritt sollen noch in diesem Jahr die beiden Lebensversicherer zusammengef\u00fchrt werden. Konkret hei\u00dft das, dass die gesamten Best\u00e4nde der Barmenia Lebensversicherung a.G. auf die Gothaer Lebensversicherung AG \u00fcbertragen werden sollen.\u201c<\/p>\n<div id=\"attachment_51971\" class=\"wp-caption alignnone\" style=\"max-width: 2570px;\"><img loading=\"lazy\" decoding=\"async\" class=\"size-full wp-image-51971\" src=\"\/wp-content\/uploads\/2022\/05\/Barmenia_Hauptverwaltungen_Luftaufnahme_Frontansicht-scaled.jpg\" alt=\"\" width=\"2560\" height=\"1440\" \/><span class=\"wp-caption-text\">Die Barmenia-Hauptverwaltung &#8211; \u00a9 Barmenia<\/span><\/div>\n<p>Sobald dieser Schritt vollzogen sei, solle die Barmenia Lebensversicherung a.G. auf die Barmenia Versicherungen a.G. verschmolzen werden. Dadurch g\u00e4be es dann oberhalb der Holding auch nur noch einen Versicherungsverein auf Seiten der Barmenia statt wie bisher zwei. All das stehe nat\u00fcrlich noch unter dem Vorbehalt der Zustimmung der relevanten Gremien und Beh\u00f6rden.<\/p>\n<p>Im n\u00e4chsten Schritt soll dann die Gothaer Krankenversicherung AG auf die Barmenia Krankenversicherung AG verschmolzen werden. Der Startschuss f\u00fcr diesen Prozess soll nach dem Closing fallen und dann in enger Abstimmung mit der BaFin durchgef\u00fchrt werden.<\/p>\n<h4>Zusammenschluss im Herbst 2024<\/h4>\n<p>\u201eDie Erfahrung aus anderen Fusionen zeigt, dass wir hier \u00fcber einen Zeitraum von etwa drei Jahren bis zur tats\u00e4chlichen Verschmelzung reden. F\u00fcr unsere Vertriebspartnerinnen und -partner \u00e4ndert sich erst einmal nichts, sie k\u00f6nnen die Produkte der Gothaer Kranken also weiter anbieten\u201c, erkl\u00e4rt Schoeller. Auch f\u00fcr die Kundinnen und Kunden habe das keine direkten Auswirkungen. Ihr Versicherungsschutz bleibe unver\u00e4ndert bestehen. Aus der Zusammenf\u00fchrung entsteht einer der f\u00fchrenden Versicherer in der privaten Krankenversicherung.<\/p>\n<p>Nach aktueller Planung soll der Zusammenschluss noch in diesem Jahr, voraussichtlich Ende des dritten oder Anfang des vierten Quartals, vollzogen werden. Auch hier gilt der Vorbehalt, dass die Aufsichtsr\u00e4te, Mitgliedervertretungen und Hauptversammlungen beider H\u00e4user sowie die BaFin und das Kartellamt zustimmen.<\/p>\n<h4>Gemeinsam will man st\u00e4rker und besser sein<\/h4>\n<p>Den Leitgedanken f\u00fcr den Zusammenschluss beschreibt Eurich so: \u201eWir wollen gemeinsam st\u00e4rker und besser werden. Besser f\u00fcr unsere Kundinnen und Kunden, f\u00fcr unsere Vertriebspartnerinnen und Vertriebspartner und vor allem auch f\u00fcr unsere Mitarbeitenden.\u201c<\/p>\n<p>Schoeller erg\u00e4nzt: \u201eBeide Unternehmen erg\u00e4nzen sich perfekt. Die Barmenia hat ihre besondere St\u00e4rke in der Krankenversicherung, die Gothaer ist sehr stark im Bereich Komposit. Die Gothaer w\u00e4chst insbesondere im Firmenkundenbereich \u00fcber alle Sparten, die Barmenia zeigt eine sehr dynamische Entwicklung im Privatkundengesch\u00e4ft.\u201c<\/p>\n<p>Mit dem Zusammenschluss werde man die Wettbewerbs- und Marktposition deutlich ausbauen und unter die Top 10 in der deutschen Versicherungsbranche aufr\u00fccken. \u201eUnseren Vertriebspartnerinnen und -partnern k\u00f6nnen wir k\u00fcnftig ein sehr ausgewogenes Produktportfolio anbieten und werden unsere Resilienz und unsere Risikotragf\u00e4higkeit weiter st\u00e4rken. Zudem steigern wir mit dem Zusammenschluss unsere Investitionskraft. Gemeinsam schaffen wir hier etwas gro\u00dfes Neues\u201c, sind sich die beiden Vorstandsvorsitzenden einig.<\/p>\n<p>&nbsp;<\/p>\n","protected":false},"excerpt":{"rendered":"<p>Die Vorbereitungen f\u00fcr den angek\u00fcndigten Zusammenschluss der Barmenia und der Gothaer Versicherungen verlaufen nach Angaben beider Unternehmen planm\u00e4\u00dfig. Darauf haben sich die beiden CEO&#8217;s Oliver Schoeller (Gothaer) und Andreas Eurich (Barmenia) geeinigt<\/p>\n","protected":false},"author":7,"featured_media":0,"comment_status":"open","ping_status":"open","sticky":false,"template":"","format":"standard","meta":{"footnotes":""},"categories":[22],"tags":[],"class_list":["post-73212","post","type-post","status-publish","format-standard","hentry","category-wirtschaft"],"publishpress_future_action":{"enabled":false,"date":"2026-05-09 05:01:07","action":"change-status","newStatus":"draft","terms":[],"taxonomy":"category","extraData":[]},"publishpress_future_workflow_manual_trigger":{"enabledWorkflows":[]},"_links":{"self":[{"href":"https:\/\/www.die-stadtzeitung.de\/index.php\/wp-json\/wp\/v2\/posts\/73212","targetHints":{"allow":["GET"]}}],"collection":[{"href":"https:\/\/www.die-stadtzeitung.de\/index.php\/wp-json\/wp\/v2\/posts"}],"about":[{"href":"https:\/\/www.die-stadtzeitung.de\/index.php\/wp-json\/wp\/v2\/types\/post"}],"author":[{"embeddable":true,"href":"https:\/\/www.die-stadtzeitung.de\/index.php\/wp-json\/wp\/v2\/users\/7"}],"replies":[{"embeddable":true,"href":"https:\/\/www.die-stadtzeitung.de\/index.php\/wp-json\/wp\/v2\/comments?post=73212"}],"version-history":[{"count":4,"href":"https:\/\/www.die-stadtzeitung.de\/index.php\/wp-json\/wp\/v2\/posts\/73212\/revisions"}],"predecessor-version":[{"id":73218,"href":"https:\/\/www.die-stadtzeitung.de\/index.php\/wp-json\/wp\/v2\/posts\/73212\/revisions\/73218"}],"wp:attachment":[{"href":"https:\/\/www.die-stadtzeitung.de\/index.php\/wp-json\/wp\/v2\/media?parent=73212"}],"wp:term":[{"taxonomy":"category","embeddable":true,"href":"https:\/\/www.die-stadtzeitung.de\/index.php\/wp-json\/wp\/v2\/categories?post=73212"},{"taxonomy":"post_tag","embeddable":true,"href":"https:\/\/www.die-stadtzeitung.de\/index.php\/wp-json\/wp\/v2\/tags?post=73212"}],"curies":[{"name":"wp","href":"https:\/\/api.w.org\/{rel}","templated":true}]}}