{"id":73167,"date":"2024-03-01T18:31:13","date_gmt":"2024-03-01T17:31:13","guid":{"rendered":"https:\/\/www.die-stadtzeitung.de\/?p=73167"},"modified":"2024-03-09T11:58:26","modified_gmt":"2024-03-09T10:58:26","slug":"charles-petersohn-flagge-zeigen-fuer-frauenrechte","status":"publish","type":"post","link":"https:\/\/www.die-stadtzeitung.de\/index.php\/2024\/03\/01\/charles-petersohn-flagge-zeigen-fuer-frauenrechte\/","title":{"rendered":"Charles Petersohn: Flagge zeigen f\u00fcr Frauenrechte"},"content":{"rendered":"<div id=\"attachment_43782\" class=\"wp-caption alignnone\" style=\"max-width: 2570px;\"><img loading=\"lazy\" decoding=\"async\" class=\"size-full wp-image-43782\" src=\"\/wp-content\/uploads\/2021\/11\/charles.petersohn-osswald-fotografie-2-scaled.jpg\" alt=\"\" width=\"2560\" height=\"1801\" \/><span class=\"wp-caption-text\">Der Musiker &amp; Komponist und DJ Charles Petersohn &#8211; \u00a9 Bettina Osswald<\/span><\/div>\n<p>&#8222;Am Freitag (08.11.) ist Weltfrauentag. Gef\u00fchlt wird in Wuppertal die ganze Stadt auf den Beinen sein, um die Rechte und Interessen der Frauen in unserer Stadt und dar\u00fcber hinaus zu empowern<\/p>\n<p>Unter dem Dach der Stadt Wuppertal hat sich f\u00fcr den 08. M\u00e4rz ein starkes Aktions-B\u00fcndnis gebildet, um von 11 bis 16 Uhr mit verschiedenen Aktionen an diesem Einen von insgesamt 365 Frauentagen im Jahr k\u00e4mpferisch und k\u00fcnstlerisch zu nutzen. Alle Infos zu den Aktionen im unten stehenden Link.<\/p>\n<p><strong><a href=\"https:\/\/www.wuppertal.de\/microsite\/gleichstellung\/gleichstellungsstelle\/internationaler-frauentag-2024.php\">Flagge zeigen f\u00fcr feministische Rechte<\/a>\u00a0<\/strong><\/p>\n<p>Auch das AZ ist am 8. M\u00e4rz aktiv. Unter dem Motto &#8222;Heraus zum FLINTA* Kampftag 2024. Um 17 Uhr treffen sich die Aktivist*innen und Unterst\u00fctzer*innen des Autonomen Zentrum am Laurentiusplatz zur Kampf\u2013Tanz\u2013Demo. Siehe Link.<\/p>\n<p><strong><a href=\"https:\/\/az-wuppertal.de\">FLINTA*<\/a><\/strong><\/p>\n<p>Bei uns, im Internationalen Begegnungszentrum der Caritas in der H\u00fcnefeldstra\u00dfe 54a in 42285 Wtal, findet um 19 Uhr ein Quizabend statt. Das Quiz ist in verschiedene Kategorien aufgeteilt, die jeweils einem bestimmten Thema gewidmet sind \u2013 zum Beispiel \u201eFrauen im Sport\u201c, \u201eFrauen der Wissenschaft\u201c oder \u201eFrauen und Kunst\u201c. Es wird in Teams gespielt. Am Ende gibt es einen Preis, ein kleines Frauen-Power Paket. Wer noch teilnehmen m\u00f6chte, alle sind eingeladen, am Quiz teilzunehmen.<\/p>\n<div id=\"attachment_73172\" class=\"wp-caption alignnone\" style=\"max-width: 560px;\"><img loading=\"lazy\" decoding=\"async\" class=\"wp-image-73172 size-full\" src=\"\/wp-content\/uploads\/2024\/03\/Weltfrauentag-2024-Quizabend-IBZ.png\" alt=\"\" width=\"550\" height=\"550\" \/><span class=\"wp-caption-text\">\u00a9 Caritas wsg<\/span><\/div>\n<p>Anmelden bei auriane.devilette@caritas-wsg.de<\/p>\n<p><strong><a href=\"https:\/\/www.caritas-wsg.de\/a-event\/Quizabend-zum-Frauentag\/\">Quizabend im IBZ<\/a><\/strong><\/p>\n<p>Das Finale des Wuppertaler Wetfrauentages findet im LOCH statt. In der OFFEN:BAR legt die K\u00f6lner DJ <strong><a href=\"https:\/\/www.instagram.com\/cmone__\/\">C:mone<\/a> <\/strong>zusammen mit\u00a0<strong><a href=\"https:\/\/www.mixcloud.com\/INGWERUNDFRED\/we-are-organisized\/\">Miss Ingwer Rogers<\/a> <\/strong>auf. Das wird musikalisch ein spannendes Aufeinandertreffen. C:mone zelebriert Jazz, Fusion, Afro, Disco und Co. Ihre Sets sind ein Hybrid aus Listening- und Dancemusic.<\/p>\n<p>Ingwer Rogers wiederum liebt Housemusic aller Couleur. Ich verrate nicht zuviel, wenn ich Euch verrate, dass sie ihre Playlists intensiv auf diesen speziellen Abend, dieses Aufeinandertreffen zweier musikalischer Welten, vorbereitet. C:mone habe ich vor mehreren Monaten im King Georg in K\u00f6ln erlebt und freue mich \u00a0auf die Beiden Misses ganz besonders.<\/p>\n<p><strong><a href=\"https:\/\/loch-wuppertal.de\/programm\/kalender\/c-mone-miss-ingwer-rogers-1884\">OFFEN:BAR<\/a><\/strong><\/p>\n<p>Last not least m\u00f6chte ich Euch mitteilen, dass der DGB Wuppertal f\u00fcr den 8. M\u00e4rz das Theater am Engelsgarten gebucht hat, um ein St\u00fcck \u00fcber Sophie Scholl zu pr\u00e4sentieren. W\u00e4hrend man anfangs hoffte, f\u00fcr das St\u00fcck (152 Pl\u00e4tze) wenigsten 30 bis 50 Personen zu gewinnen, so gibt es Stand heute mehr als 300 Anfragen.<\/p>\n<p>Das ist toll, zeigt einerseits wie bedeutsam Sophie Scholl bis heute ist, zeigt aber auch, dass derzeit immer \u00f6fter immer mehr Menschen den Einladungen zu Veranstaltungen der Vielfalt, der Demokratie, der Frauen- und FLINTA-Rechte, des Friedens, der Chancengleichheit, Anti-Diskriminierung und -Rassismus und des Klimas und mehr, in gro\u00dfer Zahl beteiligt sind. Das l\u00e4sst hoffen, dass sich Demokratinnen und Demokratinnen sowie Menschenfreundinnen und Mneschenfreunde nach viel zu langer Zeit der Stille aufmachen, um unser aller Interessen aktiv zu verteidigen, zu empowern, zu leben!&#8220;<strong><br \/>\n<\/strong><\/p>\n<p><strong>Euer Charles Petersohn<\/strong><\/p>\n<p>&nbsp;<\/p>\n<p><strong>Link zur Webseite der Caritas wsg:<\/strong><\/p>\n<p><a href=\"http:\/\/www.caritas-wsg.de\">http:\/\/www.caritas-wsg.de<\/a><\/p>\n","protected":false},"excerpt":{"rendered":"<p>Charles Petersohn, Musiker, Komponist, DJ, Moderator, l\u00e4sst seine Fans in seiner Kolumne regelm\u00e4ssig an seiner k\u00fcnstlerischen und musikalischen Gef\u00fchlswelt teilhaben. Und er macht auch auf Veranstaltungen aufmerksam, bei denen er oder seine Musik-Kolleginnen und -Kollegen f\u00fcr das coole Feeling und den Groove sorgen. <\/p>\n","protected":false},"author":7,"featured_media":0,"comment_status":"open","ping_status":"open","sticky":false,"template":"","format":"standard","meta":{"footnotes":""},"categories":[29],"tags":[],"class_list":["post-73167","post","type-post","status-publish","format-standard","hentry","category-kultur"],"publishpress_future_action":{"enabled":false,"date":"2026-05-08 19:27:01","action":"change-status","newStatus":"draft","terms":[],"taxonomy":"category","extraData":[]},"publishpress_future_workflow_manual_trigger":{"enabledWorkflows":[]},"_links":{"self":[{"href":"https:\/\/www.die-stadtzeitung.de\/index.php\/wp-json\/wp\/v2\/posts\/73167","targetHints":{"allow":["GET"]}}],"collection":[{"href":"https:\/\/www.die-stadtzeitung.de\/index.php\/wp-json\/wp\/v2\/posts"}],"about":[{"href":"https:\/\/www.die-stadtzeitung.de\/index.php\/wp-json\/wp\/v2\/types\/post"}],"author":[{"embeddable":true,"href":"https:\/\/www.die-stadtzeitung.de\/index.php\/wp-json\/wp\/v2\/users\/7"}],"replies":[{"embeddable":true,"href":"https:\/\/www.die-stadtzeitung.de\/index.php\/wp-json\/wp\/v2\/comments?post=73167"}],"version-history":[{"count":7,"href":"https:\/\/www.die-stadtzeitung.de\/index.php\/wp-json\/wp\/v2\/posts\/73167\/revisions"}],"predecessor-version":[{"id":73175,"href":"https:\/\/www.die-stadtzeitung.de\/index.php\/wp-json\/wp\/v2\/posts\/73167\/revisions\/73175"}],"wp:attachment":[{"href":"https:\/\/www.die-stadtzeitung.de\/index.php\/wp-json\/wp\/v2\/media?parent=73167"}],"wp:term":[{"taxonomy":"category","embeddable":true,"href":"https:\/\/www.die-stadtzeitung.de\/index.php\/wp-json\/wp\/v2\/categories?post=73167"},{"taxonomy":"post_tag","embeddable":true,"href":"https:\/\/www.die-stadtzeitung.de\/index.php\/wp-json\/wp\/v2\/tags?post=73167"}],"curies":[{"name":"wp","href":"https:\/\/api.w.org\/{rel}","templated":true}]}}