{"id":73080,"date":"2024-03-01T19:04:54","date_gmt":"2024-03-01T18:04:54","guid":{"rendered":"https:\/\/www.die-stadtzeitung.de\/?p=73080"},"modified":"2024-03-06T09:26:33","modified_gmt":"2024-03-06T08:26:33","slug":"wsv-rueckt-spitzenreiter-aachen-auf-die-pelle","status":"publish","type":"post","link":"https:\/\/www.die-stadtzeitung.de\/index.php\/2024\/03\/01\/wsv-rueckt-spitzenreiter-aachen-auf-die-pelle\/","title":{"rendered":"WSV r\u00fcckt Spitzenreiter Aachen auf die Pelle"},"content":{"rendered":"<div id=\"attachment_73083\" class=\"wp-caption alignnone\" style=\"max-width: 2570px;\"><img loading=\"lazy\" decoding=\"async\" class=\"wp-image-73083 size-full\" src=\"\/wp-content\/uploads\/2024\/03\/Classen-03-03-2024-219-scaled.jpg\" alt=\"\" width=\"2560\" height=\"1707\" \/><span class=\"wp-caption-text\">Haben gut lachen: die drei WSV-Torsch\u00fctzen Kevin Hagemann, Demming und Terrazzino &#8211; \u00ae Jochen Classen<\/span><\/div>\n<p>Mit Wut im Bauch nach der 1:3-Niederlage gegen Wegberg-Beeck startete der WSV in die Partie. Die erste Chance geh\u00f6rte dennoch dem SCP. Nach einem schnell vorgetragenen Konter war pl\u00f6tzlich Flotho auf und davon, WSV-Keeper Paul \u00a0Grave verhinderte das fr\u00fche 0:1 jedoch per Fu\u00dfabwehr.<\/p>\n<p>Auf der Gegenseite ging Wuppertal mit seiner ersten Torchance in F\u00fchrung. Einen weiten Einwurf von der rechten Seite lenkte Dams unhaltbar ins lange Eck (16.). Die F\u00fchrung war allerdings nur von kurzer Dauer.<\/p>\n<p>Ein kapitaler Torwartfehler f\u00fchrte in der 22. Minute zum 1:1. Eine Bogenlampe von der rechten Seite wurde l\u00e4nger und l\u00e4nger. Torwart Grave rechnete wohl damit, dass der Ball ins Toraus fliegen w\u00fcrde, \u00fcbersah dabei allerdings Flotho. Dieser k\u00f6pfte den Ball von der Grundlinie zur\u00fcck \u00a0in den R\u00fcckraum. Dort stand Jascha Brandt, Bruder von Nationalspieler Julian Brandt, und traf locker zum 1:1-Ausgleich (22.).<\/p>\n<div id=\"attachment_73084\" class=\"wp-caption alignnone\" style=\"max-width: 560px;\"><img loading=\"lazy\" decoding=\"async\" class=\"wp-image-73084 size-full\" src=\"\/wp-content\/uploads\/2024\/03\/Classen-03-03-2024-177.jpg\" alt=\"\" width=\"550\" height=\"539\" \/><span class=\"wp-caption-text\">WSV-Trainer Ersan Parlatan holt sich die gelbe Karte ab &#8211; \u00a9 Jochen Classen<\/span><\/div>\n<p>Doch nur vier Minuten erzielte der WSV das 2:1. Dams verl\u00e4ngerte eine Ecke von der linken Seite auf den zweiten Pfosten, wo Terrazzino stand und zum 2:1 vollendete (26.). Das war auch der Halbzeitstand.<\/p>\n<p>Nach der Pause \u00fcbernahm zun\u00e4chst Paderborn das Kommando, ohne daraus jedoch Kapital zu schlagen. Ein schneller Gegensto\u00df Wuppertals brachte dann in der 61. Minute schlie\u00dflich die Vorentscheidung. Eine traumhafte Flanke von der rechten Seite landete punktgenau am zweiten Pfosten bei Kevin Hagemann, der trotz seiner 1,70 Meter K\u00f6rpergr\u00f6\u00dfe keine M\u00fche hatte, die Kugel ins Paderborner Tor zum 3:1 zu k\u00f6pfen<\/p>\n<p>Eigentlich die Vorentscheidung. Doch dann machte WSV-Trainer Paul Grave das Spiel noch einmal spannend. Nach einem vermeintlich harmlosen weiten Ball kam der Schlussmann unn\u00f6tig aus seinem Kasten heraus und traf mit seiner Faustabwehr den heranst\u00fcrmenden SCP-Angreifer &#8211; Der Schiedsrichter hatte keine Wahl: Elfmeter.<\/p>\n<div id=\"attachment_73085\" class=\"wp-caption alignnone\" style=\"max-width: 560px;\"><img loading=\"lazy\" decoding=\"async\" class=\"wp-image-73085 size-full\" src=\"\/wp-content\/uploads\/2024\/03\/Classen-03-03-2024-121.jpg\" alt=\"\" width=\"550\" height=\"442\" \/><span class=\"wp-caption-text\">Kevin Hagemann erzielt per Kopf das 3:1 &#8211; \u00a9 Jochen Classen<\/span><\/div>\n<p>Pululu verk\u00fcrzte auf 2:3. In der Schlussphase machte der SCP noch einmal m\u00e4chtig Druck, letztlich aber ohne Erfolg. Doch der WSV schaukelte den knappen Vorsprung \u00fcber die Zeit.<\/p>\n<h4>Wuppertaler SV \u2013 SC Pad<strong>erborn II 3:2 (2:1)<\/strong><\/h4>\n<p><strong>Aufstellung des Wuppertaler SV:<\/strong><\/p>\n<p>Grave &#8211; Hanke (79. Itter) \u2013 Dams \u2013 Schweers \u2013 G\u00f6ckan \u2013 Ercan \u2013 Hagemann (89. Altuntas) \u2013 Demming (46. Tunga) \u2013 Bulut (79. Saric) \u2013 Benschop \u2013 Terrazzino (74. Korzuschek)<\/p>\n<p><strong>Tore:<\/strong> 1:0 Dams (15.) \u2013 1:1 Brandt (22.) \u2013 2:1 Terrazzino (26.) \u2013 3:1 Hagemann (60.) \u2013 3:2 Pululu ( 80. \u2013 EF)<\/p>\n","protected":false},"excerpt":{"rendered":"<p>Der Wuppertaler SV bleibt in der Erfolgsspur. Der WSV setzte sich im Stadion am Zoo mit 3:2 (2:1) gegen \u00a0SC Paderborn II durch. Mit 43 Punkten liegt der bergische Traditionsverein jetzt auf Platz vier der Tabelle der Regionalliga West. hinter Alemannia Aachen (51 Punkte), 1. FC Bocholt (48), SC Fortuna K\u00f6ln (44).<\/p>\n","protected":false},"author":7,"featured_media":0,"comment_status":"open","ping_status":"open","sticky":false,"template":"","format":"standard","meta":{"footnotes":""},"categories":[20],"tags":[],"class_list":["post-73080","post","type-post","status-publish","format-standard","hentry","category-sport"],"publishpress_future_action":{"enabled":false,"date":"2026-05-08 19:26:45","action":"change-status","newStatus":"draft","terms":[],"taxonomy":"category","extraData":[]},"publishpress_future_workflow_manual_trigger":{"enabledWorkflows":[]},"_links":{"self":[{"href":"https:\/\/www.die-stadtzeitung.de\/index.php\/wp-json\/wp\/v2\/posts\/73080","targetHints":{"allow":["GET"]}}],"collection":[{"href":"https:\/\/www.die-stadtzeitung.de\/index.php\/wp-json\/wp\/v2\/posts"}],"about":[{"href":"https:\/\/www.die-stadtzeitung.de\/index.php\/wp-json\/wp\/v2\/types\/post"}],"author":[{"embeddable":true,"href":"https:\/\/www.die-stadtzeitung.de\/index.php\/wp-json\/wp\/v2\/users\/7"}],"replies":[{"embeddable":true,"href":"https:\/\/www.die-stadtzeitung.de\/index.php\/wp-json\/wp\/v2\/comments?post=73080"}],"version-history":[{"count":4,"href":"https:\/\/www.die-stadtzeitung.de\/index.php\/wp-json\/wp\/v2\/posts\/73080\/revisions"}],"predecessor-version":[{"id":73087,"href":"https:\/\/www.die-stadtzeitung.de\/index.php\/wp-json\/wp\/v2\/posts\/73080\/revisions\/73087"}],"wp:attachment":[{"href":"https:\/\/www.die-stadtzeitung.de\/index.php\/wp-json\/wp\/v2\/media?parent=73080"}],"wp:term":[{"taxonomy":"category","embeddable":true,"href":"https:\/\/www.die-stadtzeitung.de\/index.php\/wp-json\/wp\/v2\/categories?post=73080"},{"taxonomy":"post_tag","embeddable":true,"href":"https:\/\/www.die-stadtzeitung.de\/index.php\/wp-json\/wp\/v2\/tags?post=73080"}],"curies":[{"name":"wp","href":"https:\/\/api.w.org\/{rel}","templated":true}]}}