{"id":73055,"date":"2024-04-17T09:51:08","date_gmt":"2024-04-17T07:51:08","guid":{"rendered":"https:\/\/www.die-stadtzeitung.de\/?p=73055"},"modified":"2024-04-21T10:51:50","modified_gmt":"2024-04-21T08:51:50","slug":"geburtstags-ausstellung-von-sir-anthony-caro","status":"publish","type":"post","link":"https:\/\/www.die-stadtzeitung.de\/index.php\/2024\/04\/17\/geburtstags-ausstellung-von-sir-anthony-caro\/","title":{"rendered":"Geburtstags-Ausstellung von Sir Anthony Caro"},"content":{"rendered":"<div id=\"attachment_50988\" class=\"wp-caption alignnone\" style=\"max-width: 2570px;\"><img loading=\"lazy\" decoding=\"async\" class=\"size-full wp-image-50988\" src=\"\/wp-content\/uploads\/2022\/03\/IMG_7463_a-3-scaled.jpg\" alt=\"\" width=\"2560\" height=\"1893\" \/><span class=\"wp-caption-text\">Der weltber\u00fchmte Bildhauer Tony Cragg &#8211; \u00a9 Ralf Silberkuhl<\/span><\/div>\n<p>Seit Beginn der 1960er-Jahre arbeitete der britische Bildhauer Anthony Caro (1924-2013) mehr als ein halbes Jahrhundert lang an der Erweiterung der Vorstellung von Skulptur. Beeinflusst durch k\u00fcnstlerische und theoretische Impulse aus den USA \u00fcberwand der ehemalige Assistent Henry Moores die seine eigene Ausbildung noch pr\u00e4genden figurativen Anspr\u00fcche und widmete sich konsequent der Erforschung neuer Gestaltungsmittel und -methoden.<\/p>\n<p>Bezeichnend f\u00fcr sein Werk sind dabei abstrakte Zusammenstellungen teils gro\u00dffl\u00e4chiger Stahlbleche geworden, die sich mal zu massiven, tonnenschwereren Gebilden schlie\u00dfen, mal zu filigranen Konstrukten arrangieren.<\/p>\n<p>Die h\u00e4ufig verwendeten Schrottteile aus Metall erg\u00e4nzte Caro auch um weitere Materialien wie Holz oder Acrylglas und lie\u00df diese metallisch gl\u00e4nzend in Erscheinung treten oder lackierte ihre Oberfl\u00e4chen in farbigen Kontrasten.<\/p>\n<h4>Werke aus f\u00fcnf Jahrzehnten<\/h4>\n<p>Wenige Tage bevor Anthony Caro 100 Jahre alt geworden w\u00e4re, er\u00f6ffnet der Skulpturenpark Waldfrieden die dem Bildhauer gewidmete Ausstellung Sculptures. In zwei Ausstellungshallen werden dabei Werke aus f\u00fcnf Jahrzehnten gezeigt.<\/p>\n<div id=\"attachment_73060\" class=\"wp-caption alignnone\" style=\"max-width: 660px;\"><img loading=\"lazy\" decoding=\"async\" class=\"wp-image-73060 size-full\" src=\"\/wp-content\/uploads\/2024\/03\/c99d2a496c36fab7291d5b5795db4a60.jpg\" alt=\"\" width=\"650\" height=\"490\" \/><span class=\"wp-caption-text\">Ein Werk von Sir Anthony Caro &#8211; \u00a9 Stadt Wuppertal<\/span><\/div>\n<p>Zus\u00e4tzlich zu den Arbeiten im Innenraum werden einzelne Werke im Au\u00dfenbereich pr\u00e4sentiert, wie etwa das \u00fcber acht Meter lange \u201eDouble Tent\u201c (1987-1993) aus Edelstahl. Die Pr\u00e4sentation in den Pavillons erlaubt auch die Thematisierung der architektonischen Fragestellungen einiger\u00a0Arbeiten Caros, wie etwa im Falle der Arbeit \u201eChild\u2019s Tower Room\u201c (1983-1984) aus japanischer Eiche.<\/p>\n<h4>\u00dcber Anthony Caro<\/h4>\n<p>Sir Anthony Caro (1924-2013) gilt als bedeutender britischer Bildhauer des 20. Jahrhunderts. Nach anf\u00e4nglichem Ingenieursstudium studierte er Bildhauerei am Regent Street Polytechnic, London, und Royal Academy Schools, London. Von 1951-1953 war er Assistent von Henry Moore.<\/p>\n<p>Beeinflusst durch den US-amerikanischen Kunstkritiker Clement Greenberg und K\u00fcnstler wie David Smith entwickelte Anthony Caro ab 1960 sein eigenst\u00e4ndiges Werk. Zwischen 1953 und 1981 lehrte er an der St. Martin\u2019s School of Art, London. 1966 vertrat er neben anderen K\u00fcnstlern Gro\u00dfbritannien auf der Biennale von Venedig.<\/p>\n<div id=\"attachment_73059\" class=\"wp-caption alignnone\" style=\"max-width: 660px;\"><img loading=\"lazy\" decoding=\"async\" class=\"wp-image-73059 size-full\" src=\"\/wp-content\/uploads\/2024\/03\/923d9f1603506816a6d70f77c3cb3ef7.jpg\" alt=\"\" width=\"650\" height=\"434\" \/><span class=\"wp-caption-text\">Auch dieses Werk von Sir Anthony Caro ist jetzt im Skupturenpark &#8222;Waldfrieden&#8220; zu sehen &#8211; \u00a9 Stadt Wuppertal<\/span><\/div>\n<p>Gro\u00dfe Retrospektiven wurden ihm u.a. 1975 im Museum of Modern Art, NY, 1995 im Museum of Contemporary Art, Tokyo, sowie 2005 in der Tate Britain, London, gewidmet. Seit 2020 wird sein Nachlass vom Anthony Caro Centre, London, verwaltet.<\/p>\n<p><strong>Link zur Webseite des Skupturenparks &#8222;Waldfrieden&#8220;:<\/strong><\/p>\n<p><a href=\"http:\/\/www.skulpturenpark-waldfrieden.de\">http:\/\/www.skulpturenpark-waldfrieden.de<\/a><\/p>\n<p>Skulpturenpark &#8222;Waldfrieden &#8211; Hirschstr. 12 &#8211; 42285 Wuppertal<\/p>\n","protected":false},"excerpt":{"rendered":"<p>Spannende Ausstellung im Skulpturenpark \u201eWaldfrieden\u201c. Wuppertals weltber\u00fchmter Bildhauer Tony Cragg pr\u00e4sentiert in seinem au\u00dfergew\u00f6hnlichen Freiluft-Museum bis zum 14. Juli eine umfangreiche Werksausstellung seines britischen Bildhauer-Kollegen Sir Anthony Caro, der im Februar diesen Jahres 100 Jahre alt geworden w\u00e4re<\/p>\n","protected":false},"author":7,"featured_media":0,"comment_status":"open","ping_status":"open","sticky":false,"template":"","format":"standard","meta":{"footnotes":""},"categories":[29],"tags":[],"class_list":["post-73055","post","type-post","status-publish","format-standard","hentry","category-kultur"],"publishpress_future_action":{"enabled":false,"date":"2026-05-05 04:59:31","action":"change-status","newStatus":"draft","terms":[],"taxonomy":"category","extraData":[]},"publishpress_future_workflow_manual_trigger":{"enabledWorkflows":[]},"_links":{"self":[{"href":"https:\/\/www.die-stadtzeitung.de\/index.php\/wp-json\/wp\/v2\/posts\/73055","targetHints":{"allow":["GET"]}}],"collection":[{"href":"https:\/\/www.die-stadtzeitung.de\/index.php\/wp-json\/wp\/v2\/posts"}],"about":[{"href":"https:\/\/www.die-stadtzeitung.de\/index.php\/wp-json\/wp\/v2\/types\/post"}],"author":[{"embeddable":true,"href":"https:\/\/www.die-stadtzeitung.de\/index.php\/wp-json\/wp\/v2\/users\/7"}],"replies":[{"embeddable":true,"href":"https:\/\/www.die-stadtzeitung.de\/index.php\/wp-json\/wp\/v2\/comments?post=73055"}],"version-history":[{"count":6,"href":"https:\/\/www.die-stadtzeitung.de\/index.php\/wp-json\/wp\/v2\/posts\/73055\/revisions"}],"predecessor-version":[{"id":73063,"href":"https:\/\/www.die-stadtzeitung.de\/index.php\/wp-json\/wp\/v2\/posts\/73055\/revisions\/73063"}],"wp:attachment":[{"href":"https:\/\/www.die-stadtzeitung.de\/index.php\/wp-json\/wp\/v2\/media?parent=73055"}],"wp:term":[{"taxonomy":"category","embeddable":true,"href":"https:\/\/www.die-stadtzeitung.de\/index.php\/wp-json\/wp\/v2\/categories?post=73055"},{"taxonomy":"post_tag","embeddable":true,"href":"https:\/\/www.die-stadtzeitung.de\/index.php\/wp-json\/wp\/v2\/tags?post=73055"}],"curies":[{"name":"wp","href":"https:\/\/api.w.org\/{rel}","templated":true}]}}