{"id":73043,"date":"2024-03-01T17:16:11","date_gmt":"2024-03-01T16:16:11","guid":{"rendered":"https:\/\/www.die-stadtzeitung.de\/?p=73043"},"modified":"2024-03-02T09:19:40","modified_gmt":"2024-03-02T08:19:40","slug":"mit-helm-oder-ohne-immobilienexperte-hans-uwe-flunkert","status":"publish","type":"post","link":"https:\/\/www.die-stadtzeitung.de\/index.php\/2024\/03\/01\/mit-helm-oder-ohne-immobilienexperte-hans-uwe-flunkert\/","title":{"rendered":"Mit Helm oder ohne: Immobilienexperte Hans-Uwe Flunkert"},"content":{"rendered":"<div id=\"attachment_73046\" class=\"wp-caption alignnone\" style=\"max-width: 2570px;\"><img loading=\"lazy\" decoding=\"async\" class=\"wp-image-73046 size-full\" src=\"\/wp-content\/uploads\/2024\/03\/20231009_185834-scaled.jpg\" alt=\"\" width=\"2560\" height=\"1920\" \/><span class=\"wp-caption-text\">Heinz Uwe Flunkert geniesst das Leben &#8211; \u00a9 privat<\/span><\/div>\n<p>Manche Protagonisten\u00a0kennt man gut, andere weniger. Ob bekannt oder weniger bekannt: Wer ihre Portraits liest, m\u00f6chte vermutlich die eine oder den anderen pers\u00f6nlich kennenlernen. Bisher hat Matthias Dohmen an gleicher Stelle Dorothea Brandt, Klaus Burandt, Christine Flunkert, Heidemarie Koch, Josa Oehme, Erika Schneider, Ingrid Schuh, Klaus Schumann und Michael Walter vorgestellt.<\/p>\n<p>Uwe Flunkert besch\u00e4ftigt sich mit h\u00f6herer Mathematik genau so hingebungsvoll wie mit dem Anbringen einer Wohnzimmerlampe, er malt so gern wie er Motorrad f\u00e4hrt, ein geselliger Typ, der sich aber auch mit einem Buch besch\u00e4ftigt, das \u201e<em>G\u00f6del, Escher, Bach \u2013 ein Endloses Geflochtenes\u00a0Band\u201c <\/em>hei\u00dft und, von\u00a0<a href=\"https:\/\/de.wikipedia.org\/wiki\/Douglas_R._Hofstadter\">Douglas R.\u00a0Hofstadter<\/a>\u00a0geschrieben, urspr\u00fcnglich 1979, in deutscher \u00dcbersetzung dann 1985 erschien.<\/p>\n<p>Das Buch entstand ab 1974 und fokussierte sich zun\u00e4chst auf den\u00a0\u201e<a href=\"https:\/\/de.wikipedia.org\/wiki\/G%C3%B6delscher_Unvollst%C3%A4ndigkeitssatz\">Unvollst\u00e4ndigkeitssatz<\/a>\u201c\u00a0von\u00a0<a href=\"https:\/\/de.wikipedia.org\/wiki\/Kurt_G%C3%B6del\">Kurt G\u00f6del<\/a>, einem \u00f6sterreichischen und sp\u00e4ter US-amerikanischen <a href=\"https:\/\/de.wikipedia.org\/wiki\/Mathematik\">Mathematiker<\/a> und <a href=\"https:\/\/de.wikipedia.org\/wiki\/Philosoph\">Philosoph<\/a>en, der als einer der bedeutendsten <a href=\"https:\/\/de.wikipedia.org\/wiki\/Logik\">Logiker<\/a> des 20.\u00a0Jahrhunderts in die Geschichtsb\u00fccher einging. Sp\u00e4ter f\u00fcgte Hofstadter Dialoge und Bez\u00fcge zu\u00a0<a href=\"https:\/\/de.wikipedia.org\/wiki\/M._C._Escher\">M.\u00a0C.\u00a0Escher<\/a>\u00a0und\u00a0<a href=\"https:\/\/de.wikipedia.org\/wiki\/Johann_Sebastian_Bach\">Johann Sebastian Bach<\/a>\u00a0hinzu, \u201esodass die Verspieltheit zu einer Art zweitem \u2013\u00a0aber \u00e4u\u00dferst wichtigem\u00a0\u2013 Teil des Buches wurde\u201c.\u00a0Hofstadter geht es nicht um die Beziehungen zwischen\u00a0<a href=\"https:\/\/de.wikipedia.org\/wiki\/Mathematik\">Mathematik<\/a>,\u00a0<a href=\"https:\/\/de.wikipedia.org\/wiki\/Kunst\">Kunst<\/a>\u00a0und\u00a0<a href=\"https:\/\/de.wikipedia.org\/wiki\/Musik\">Musik<\/a> und darum, wie\u00a0<a href=\"https:\/\/de.wikipedia.org\/wiki\/Kognition\">Kognition<\/a>\u00a0und menschliche\u00a0<a href=\"https:\/\/de.wikipedia.org\/wiki\/Intelligenz\">Intelligenz<\/a>\u00a0entstehen. So \u00e4hnlich steht es jedenfalls auf wikipedia.<\/p>\n<div id=\"attachment_73047\" class=\"wp-caption alignnone\" style=\"max-width: 610px;\"><img loading=\"lazy\" decoding=\"async\" class=\"wp-image-73047 size-full\" src=\"\/wp-content\/uploads\/2024\/03\/20231231_171423.jpg\" alt=\"\" width=\"600\" height=\"547\" \/><span class=\"wp-caption-text\">Hans-Uwe Flunkert: Auch das Tr\u00e4umen ist manchmal ganz sch\u00f6n &#8211; \u00a9 privat<\/span><\/div>\n<p>Wuppertal kennt Dr.-Ing. Hans-Uwe Flunkert als langj\u00e4hrigen Chef des Geb\u00e4udemanagements Wuppertal (GMW), der Akzente setzte und vor allem dem Nachwuchs gro\u00dfe Bedeutung zuma\u00df. Beim Thema ist er geblieben, insofern er seit dem Jahr 2005 f\u00fcr das Deutsches Volksheimst\u00e4ttenwerk e. V. als Dozent t\u00e4tig war und seit vier Jahren Vorlesungen und Seminare an der privaten Fresenius-Hochschule in D\u00fcsseldorf h\u00e4lt.<\/p>\n<p>\u00dcber Immobilienverwaltung, Immobilienwerterhaltung und Stadtentwicklung, deren Geschichte und Mechanismen. Ein in diesem Zusammenhang entstandenes Forschungsprojekt befasste sich mit einem der ersten Kaufh\u00e4user \u00fcberhaupt, und zwar dem Elberfelder Kaufhof.<\/p>\n<h4>Leidenschaftlicher Fan von Fortuna D\u00fcsseldorf<\/h4>\n<p>Die Abschlussarbeit wurde denn auch an Oberb\u00fcrgermeister Uwe Schneidewind \u00fcberreicht. Wie ehedem die Kaufpal\u00e4ste dem inhabergef\u00fchrten Einzelhandel auf den Pelz r\u00fcckten, so tun das heute die Internetfirmen mit den Kaufhof &amp; Co.<\/p>\n<p>Geboren wurde er am 17. Juni 1955, ging nach dem Besuch der Volks- beziehungsweise Hauptschule in eine Elektrikerlehre, studierte an der FH D\u00fcsseldorf, leistete Zivildienst an der Uniklinik der Landeshauptstadt und ging als Ingenieur in ein Ratinger Unternehmen. Dem schlossen sich ein Studium und die Promotion an der Uni Bochum an.<\/p>\n<div id=\"attachment_73051\" class=\"wp-caption alignnone\" style=\"max-width: 610px;\"><img loading=\"lazy\" decoding=\"async\" class=\"wp-image-73051 size-full\" src=\"\/wp-content\/uploads\/2024\/03\/20240118_104945-2.jpg\" alt=\"\" width=\"600\" height=\"673\" \/><span class=\"wp-caption-text\">Hans-Uwe Flunkert ist leidenschaftlicher Motorrad und Fortuna D\u00fcsseldorf-Fan &#8211; \u00a9 privat<\/span><\/div>\n<p>Beruflich ging er dann als Leiter des Bautechnischen Dezernats der Uniklinik von 1993 bis 1998 nah K\u00f6ln und von 1998 bis 2021 zum GMW. Von 2008 bis 2021 war er weit \u00fcber das Rheinland hinaus gesch\u00e4tzt als Vorsitzender des Verbandes kommunaler Immobilien- und Geb\u00e4udewirtschaftsunternehmen und von 2016 an f\u00fcr f\u00fcnf Jahre als Vorsitzender der Fachgruppe \u201eKommunaler Hochbau\u201c des Deutschen St\u00e4dtetages.<\/p>\n<p>Er ist ein treuer Fan von Fortuna D\u00fcsseldorf und verpasst ungern ein Heimspiel der momentan in der 2. Liga kickenden Mannschaft. Auch politisch macht er sich seine Gedanken. Wir m\u00fcssen zur\u00fcckfinden zum Miteinandersprechen, lautet sein Credo, stattdessen werde Hass verbreitet. Mit dem Spruch \u201eDas darf man ja nicht sagen\u201c darf man ihm nicht kommen.<\/p>\n<p><strong>Dr. Matthias Dohmen<\/strong><\/p>\n<p>&nbsp;<\/p>\n<p><img loading=\"lazy\" decoding=\"async\" class=\"alignnone size-full wp-image-68210\" src=\"\/wp-content\/uploads\/2023\/09\/media_83058163.jpeg\" alt=\"\" width=\"284\" height=\"426\" \/><\/p>\n<h4>&#8222;M\u00e4nner im Tal&#8220;<\/h4>\n<p><strong>Dr. Matthias Dohmen\u00a0<\/strong><\/p>\n<p class=\"\">Portr\u00e4ts<\/p>\n<p class=\"\">Weilerswist &#8211; Ralf Liebe &#8211; 2018<\/p>\n<p class=\"\">116 Seiten \u00a0&#8211; 14,00 \u20ac<\/p>\n<p class=\"\">ISBN 978-3-944566-83-2<\/p>\n<p>&nbsp;<\/p>\n<p>&nbsp;<\/p>\n<p>&nbsp;<\/p>\n<p>&nbsp;<\/p>\n<p>&nbsp;<\/p>\n<p>&nbsp;<\/p>\n","protected":false},"excerpt":{"rendered":"<p>\u201eUPDATE\u201c hei\u00dft unsere Serie, in der Dr. Matthias Dohmen, Journalist, Dozent und Historiker, Pers\u00f6nlichkeiten aus dem Bergischen Land vorstellt. Mit alten und neuen Texten. Mit Fotos und Dokumenten. Menschen, die ihm etwas bedeuten. Diesmal steht Hans-Uwe Flunkert im Fokus.<\/p>\n","protected":false},"author":7,"featured_media":0,"comment_status":"open","ping_status":"open","sticky":false,"template":"","format":"standard","meta":{"footnotes":""},"categories":[24],"tags":[],"class_list":["post-73043","post","type-post","status-publish","format-standard","hentry","category-wuppertal"],"publishpress_future_action":{"enabled":false,"date":"2026-05-05 08:58:00","action":"change-status","newStatus":"draft","terms":[],"taxonomy":"category","extraData":[]},"publishpress_future_workflow_manual_trigger":{"enabledWorkflows":[]},"_links":{"self":[{"href":"https:\/\/www.die-stadtzeitung.de\/index.php\/wp-json\/wp\/v2\/posts\/73043","targetHints":{"allow":["GET"]}}],"collection":[{"href":"https:\/\/www.die-stadtzeitung.de\/index.php\/wp-json\/wp\/v2\/posts"}],"about":[{"href":"https:\/\/www.die-stadtzeitung.de\/index.php\/wp-json\/wp\/v2\/types\/post"}],"author":[{"embeddable":true,"href":"https:\/\/www.die-stadtzeitung.de\/index.php\/wp-json\/wp\/v2\/users\/7"}],"replies":[{"embeddable":true,"href":"https:\/\/www.die-stadtzeitung.de\/index.php\/wp-json\/wp\/v2\/comments?post=73043"}],"version-history":[{"count":5,"href":"https:\/\/www.die-stadtzeitung.de\/index.php\/wp-json\/wp\/v2\/posts\/73043\/revisions"}],"predecessor-version":[{"id":73053,"href":"https:\/\/www.die-stadtzeitung.de\/index.php\/wp-json\/wp\/v2\/posts\/73043\/revisions\/73053"}],"wp:attachment":[{"href":"https:\/\/www.die-stadtzeitung.de\/index.php\/wp-json\/wp\/v2\/media?parent=73043"}],"wp:term":[{"taxonomy":"category","embeddable":true,"href":"https:\/\/www.die-stadtzeitung.de\/index.php\/wp-json\/wp\/v2\/categories?post=73043"},{"taxonomy":"post_tag","embeddable":true,"href":"https:\/\/www.die-stadtzeitung.de\/index.php\/wp-json\/wp\/v2\/tags?post=73043"}],"curies":[{"name":"wp","href":"https:\/\/api.w.org\/{rel}","templated":true}]}}