{"id":72865,"date":"2024-02-19T16:39:57","date_gmt":"2024-02-19T15:39:57","guid":{"rendered":"https:\/\/www.die-stadtzeitung.de\/?p=72865"},"modified":"2024-02-28T10:23:30","modified_gmt":"2024-02-28T09:23:30","slug":"eva-platz-wir-neuer-vorstand-der-wirtschaftsfoerderung","status":"publish","type":"post","link":"https:\/\/www.die-stadtzeitung.de\/index.php\/2024\/02\/19\/eva-platz-wir-neuer-vorstand-der-wirtschaftsfoerderung\/","title":{"rendered":"Eva Platz wir neuer Vorstand der Wirtschaftsf\u00f6rderung"},"content":{"rendered":"<header class=\"SP-ArticleHeader\">\n<div class=\"SP-Intro\">\n<div class=\"SP-Grid__wrapper\">\n<div class=\"SP-Grid\">\n<div class=\"SP-Intro__inner\">\n<div id=\"attachment_72869\" class=\"wp-caption alignnone\" style=\"max-width: 1014px;\"><img loading=\"lazy\" decoding=\"async\" class=\"size-full wp-image-72869\" src=\"\/wp-content\/uploads\/2024\/02\/47ffb979cee67211236b8e25bde02a9d.jpg\" alt=\"\" width=\"1004\" height=\"730\" \/><span class=\"wp-caption-text\">Oberb\u00fcrgermeister Dr. Uwe Schneidewind mit Eva Platz (M.) und Wirtschaftsdezernetin Sandra Zeh auf dem Rathaus-Balkon &#8211; \u00a9 Stefanie von Stein \/ Stadt Wuppertal<\/span><\/div>\n<\/div>\n<\/div>\n<\/div>\n<\/div>\n<\/header>\n<div class=\"SP-Grid__wrapper\">\n<div class=\"SP-Grid\">\n<article id=\"SP-Content\" class=\"SP-Content\">\n<div class=\"SP-Section\">\n<div>\n<figure id=\"i2f23ef7-00a9-43b7-c0cd-889582c6b17f\" class=\"SP-Asset SP-FixedSize SP-Asset--verysmall SP-Asset--right\" data-sp-figure-zoom=\"{&quot;legend&quot;:null,&quot;description&quot;:&quot;Foto: Stefanie vom Stein&quot;,&quot;copyright&quot;:&quot;Stefanie vom Stein, Stadt Wuppertal&quot;,&quot;copyrightDetails&quot;:null,&quot;src&quot;:&quot;\\\/presse\\\/meldungen\\\/meldungen-2024\\\/februar\\\/vorstellung-eva-platz-wifoe.php.media\\\/505656\\\/WEB_2024_Wirtschaftsfoerderung-Frau_Eva_Platz.jpg.scaled\\\/6515a3ef6909afe5b6448ab7761c4862.jpg&quot;,&quot;w&quot;:1280,&quot;h&quot;:1920}\" data-sp-figure-zoom-bootstrapped=\"sp-7\">\n<div class=\" SP-isLazyloaded\" data-noscript=\"\"><picture><source srcset=\"\/presse\/meldungen\/meldungen-2024\/februar\/vorstellung-eva-platz-wifoe.php.media\/505656\/WEB_2024_Wirtschaftsfoerderung-Frau_Eva_Platz.jpg.scaled\/e4d08f6df5d2315d2097cc34e5b23b2c.jpg\" media=\"(min-width: 100em)\" \/><source srcset=\"\/presse\/meldungen\/meldungen-2024\/februar\/vorstellung-eva-platz-wifoe.php.media\/505656\/WEB_2024_Wirtschaftsfoerderung-Frau_Eva_Platz.jpg.scaled\/1ba825262ddd306b16d9776d419d8c9c.jpg\" media=\"(min-width: 60em)\" \/><source srcset=\"\/presse\/meldungen\/meldungen-2024\/februar\/vorstellung-eva-platz-wifoe.php.media\/505656\/WEB_2024_Wirtschaftsfoerderung-Frau_Eva_Platz.jpg.scaled\/f80d5dc30a6adab87689370ecdf866f3.jpg\" media=\"(min-width: 50em)\" \/><source srcset=\"\/presse\/meldungen\/meldungen-2024\/februar\/vorstellung-eva-platz-wifoe.php.media\/505656\/WEB_2024_Wirtschaftsfoerderung-Frau_Eva_Platz.jpg.scaled\/c707c02b16b9cce2c295755678b4c4fc.jpg\" media=\"(min-width: 36em)\" \/><source srcset=\"\/presse\/meldungen\/meldungen-2024\/februar\/vorstellung-eva-platz-wifoe.php.media\/505656\/WEB_2024_Wirtschaftsfoerderung-Frau_Eva_Platz.jpg.scaled\/06abf550581c3d3d81d409dee05bca09.jpg\" \/><\/picture><\/div><figcaption class=\"SP-Asset__caption\"><\/figcaption><\/figure>\n<div class=\"SP-Text\">\n<div class=\"SP-Paragraph\" data-sp-table=\"\" data-sp-table-bootstrapped=\"sp-9\">\n<p>NRW.Global Business ist die Au\u00dfenwirtschaftsf\u00f6rderungsgesellschaft des Landes Nordrhein-Westfalen. Aktuell verantwortet Eva Platz nach verschiedenen Stationen in der internationalen Ansiedlung und Markterschlie\u00dfung dort den Bereich der internationalen Messeauftritte f\u00fcr NRW-Unternehmen, insbesondere f\u00fcr kleine und mittelst\u00e4ndische Unternehmen und Startups.<\/p>\n<p>Durch ihre bisherige T\u00e4tigkeit ist sie nicht nur bestens mit dem Wirtschaftsstandort NRW, sondern auch mit vielen Wuppertaler Unternehmen vertraut, die sie in den letzten Jahren bei deren Internationalisierungsstrategie begleitet hat.<\/p>\n<\/div>\n<\/div>\n<section class=\"SP-Text\">\n<h4 id=\"internationale-erfahrungen-und-netzwerke-in-nrw\" class=\"SP-Headline--paragraph\"><strong>Internationale Erfahrungen und Netzwerke in NRW<\/strong><\/h4>\n<div class=\"SP-Paragraph\" data-sp-table=\"\" data-sp-table-bootstrapped=\"sp-10\">\n<p>\u201eIch freue mich, meine Erfahrungen der letzten Jahre nun mit ganzer Kraft in Wuppertal einzubringen und meine guten Netzwerke zu nutzen\u201c, erkl\u00e4rte Eva Platz bei ihrer offiziellen Vorstellung am Dienstag, 20. Februar. \u201eDer Perspektivwechsel von der Landesebene zur konkreten Arbeit vor Ort mit all den kommunalen Akteuren reizt mich sehr. Ich habe den Standort Wuppertal mit seinen gro\u00dfartigen, oft familiengef\u00fchrten Unternehmen immer schon als besonders innovativ und beweglich wahrgenommen. Dies und das kompetente Team der Wirtschaftsf\u00f6rderung sind die besten Voraussetzungen, um Chancen f\u00fcr Wuppertal zu nutzen und Potenziale auszusch\u00f6pfen\u201c, so Eva Platz zu ihrer Entscheidung f\u00fcr Wuppertal.<\/p>\n<div id=\"attachment_72871\" class=\"wp-caption alignnone\" style=\"max-width: 600px;\"><img loading=\"lazy\" decoding=\"async\" class=\" wp-image-72871\" src=\"\/wp-content\/uploads\/2024\/02\/eadaa87ebd87120e1fe23c4769ae753c.webp\" alt=\"\" width=\"590\" height=\"393\" \/><span class=\"wp-caption-text\">OB Dr. Uwe Schneidewind mit Eva Platz bei der Pressekonferenz &#8211; \u00a9 Stefanie Von Stein \/ Stadt Wuppertal<\/span><\/div>\n<\/div>\n<\/section>\n<figure id=\"f00b980e-e933-4b64-ee02-0a10c14c4ca8\" class=\"SP-Asset SP-FixedSize SP-Asset--medium SP-Asset--left\" data-sp-figure-zoom=\"{&quot;legend&quot;:null,&quot;description&quot;:&quot;Foto: Stefanie vom Stein&quot;,&quot;copyright&quot;:&quot;Stefanie vom Stein, Stadt Wuppertal&quot;,&quot;copyrightDetails&quot;:null,&quot;src&quot;:&quot;\\\/presse\\\/meldungen\\\/meldungen-2024\\\/februar\\\/vorstellung-eva-platz-wifoe.php.media\\\/505657\\\/WEB_2024_Wirtschaftsfoerderung-Frau_Eva_Platz-3047.jpg.scaled\\\/eadaa87ebd87120e1fe23c4769ae753c.jpg&quot;,&quot;w&quot;:1920,&quot;h&quot;:1280}\" data-sp-figure-zoom-bootstrapped=\"sp-8\">\n<div class=\" SP-isLazyloaded\" data-noscript=\"\"><picture><source srcset=\"\/presse\/meldungen\/meldungen-2024\/februar\/vorstellung-eva-platz-wifoe.php.media\/505657\/WEB_2024_Wirtschaftsfoerderung-Frau_Eva_Platz-3047.jpg.scaled\/f56b73961ab5767d623a16912c7112f5.jpg\" media=\"(min-width: 100em)\" \/><source srcset=\"\/presse\/meldungen\/meldungen-2024\/februar\/vorstellung-eva-platz-wifoe.php.media\/505657\/WEB_2024_Wirtschaftsfoerderung-Frau_Eva_Platz-3047.jpg.scaled\/ad7ef7f56ce61ee86176e725adf6343f.jpg\" media=\"(min-width: 60em)\" \/><source srcset=\"\/presse\/meldungen\/meldungen-2024\/februar\/vorstellung-eva-platz-wifoe.php.media\/505657\/WEB_2024_Wirtschaftsfoerderung-Frau_Eva_Platz-3047.jpg.scaled\/77a5b3abb8a6905cb1be12be673f8f4c.jpg\" media=\"(min-width: 50em)\" \/><source srcset=\"\/presse\/meldungen\/meldungen-2024\/februar\/vorstellung-eva-platz-wifoe.php.media\/505657\/WEB_2024_Wirtschaftsfoerderung-Frau_Eva_Platz-3047.jpg.scaled\/f1ffc32aeb925cafa02e5d7b54949b80.jpg\" media=\"(min-width: 36em)\" \/><source srcset=\"\/presse\/meldungen\/meldungen-2024\/februar\/vorstellung-eva-platz-wifoe.php.media\/505657\/WEB_2024_Wirtschaftsfoerderung-Frau_Eva_Platz-3047.jpg.scaled\/2d3869571131d0ca2d10b094ae76176c.jpg\" \/><\/picture><\/div><figcaption class=\"SP-Asset__caption\"><\/figcaption><\/figure>\n<section class=\"SP-Text\">\n<h4 id=\"wichtiger-schritt-zur-staerkung-des-wirtschaftsstandortes\" class=\"SP-Headline--paragraph\">Wichtiger Schritt zur St\u00e4rkung des Wirtschaftsstandortes<\/h4>\n<div class=\"SP-Paragraph\" data-sp-table=\"\" data-sp-table-bootstrapped=\"sp-11\">\n<p>\u201eDie internationalen und NRW-weiten Erfahrungen von Eva Platz sind ein gro\u00dfes Pfund, von dem wir hier in Wuppertal unmittelbar profitieren k\u00f6nnen. Die Besetzung der Vorstandsposition der Wirtschaftsf\u00f6rderung Wuppertal mit Frau Platz ist ein wichtiger Schritt, um die vor uns liegenden Aufgaben zur St\u00e4rkung und Attraktivierung unseres Wirtschaftsstandortes jetzt z\u00fcgig weiterzuf\u00fchren. Ich freue mich daher, diese Herausforderungen und Chancen gemeinsam mit Frau Platz und den Akteurinnen und Akteuren der Wirtschaft zu gestalten.\u201c, betonte Sandra Zeh als Wirtschaftsdezernentin der Stadt.<\/p>\n<\/div>\n<\/section>\n<div class=\"SP-Text\">\n<div class=\"SP-Paragraph\" data-sp-table=\"\" data-sp-table-bootstrapped=\"sp-12\">\n<p>\u201eIch bin sehr froh, dass es im laufenden Prozess der Neuausrichtung und konzeptionellen Weiterentwicklung unserer Wirtschaftsf\u00f6rderung gelungen ist, eine Pers\u00f6nlichkeit f\u00fcr die Leitung zu gewinnen, die genau die passenden Kompetenzen und einen starken strategischen Fokus mitbringt\u201c, betont Oberb\u00fcrgermeister Uwe Schneidewind.<\/p>\n<p>Eva Platz ist 1971 geboren und lebt zurzeit in Essen. Sie ist verheiratet und hat drei Kinder.<\/p>\n<\/div>\n<\/div>\n<\/div>\n<\/div>\n<\/article>\n<\/div>\n<\/div>\n","protected":false},"excerpt":{"rendered":"<p>Die Wirtschaftsf\u00f6rderung Wuppertal hat einen neuen Vorstand! Das Rennen machte die Volkswirtin Eva Platz. Die geb\u00fcrtige Bonnerin hat nach dem Studium in Bonn und M\u00fcnster zuletzt in verschiedenen F\u00fchrungspositionen von NRW.Global Business gearbeitet.<\/p>\n","protected":false},"author":7,"featured_media":0,"comment_status":"open","ping_status":"open","sticky":false,"template":"","format":"standard","meta":{"footnotes":""},"categories":[22],"tags":[],"class_list":["post-72865","post","type-post","status-publish","format-standard","hentry","category-wirtschaft"],"publishpress_future_action":{"enabled":false,"date":"2026-05-07 00:51:33","action":"change-status","newStatus":"draft","terms":[],"taxonomy":"category","extraData":[]},"publishpress_future_workflow_manual_trigger":{"enabledWorkflows":[]},"_links":{"self":[{"href":"https:\/\/www.die-stadtzeitung.de\/index.php\/wp-json\/wp\/v2\/posts\/72865","targetHints":{"allow":["GET"]}}],"collection":[{"href":"https:\/\/www.die-stadtzeitung.de\/index.php\/wp-json\/wp\/v2\/posts"}],"about":[{"href":"https:\/\/www.die-stadtzeitung.de\/index.php\/wp-json\/wp\/v2\/types\/post"}],"author":[{"embeddable":true,"href":"https:\/\/www.die-stadtzeitung.de\/index.php\/wp-json\/wp\/v2\/users\/7"}],"replies":[{"embeddable":true,"href":"https:\/\/www.die-stadtzeitung.de\/index.php\/wp-json\/wp\/v2\/comments?post=72865"}],"version-history":[{"count":6,"href":"https:\/\/www.die-stadtzeitung.de\/index.php\/wp-json\/wp\/v2\/posts\/72865\/revisions"}],"predecessor-version":[{"id":72929,"href":"https:\/\/www.die-stadtzeitung.de\/index.php\/wp-json\/wp\/v2\/posts\/72865\/revisions\/72929"}],"wp:attachment":[{"href":"https:\/\/www.die-stadtzeitung.de\/index.php\/wp-json\/wp\/v2\/media?parent=72865"}],"wp:term":[{"taxonomy":"category","embeddable":true,"href":"https:\/\/www.die-stadtzeitung.de\/index.php\/wp-json\/wp\/v2\/categories?post=72865"},{"taxonomy":"post_tag","embeddable":true,"href":"https:\/\/www.die-stadtzeitung.de\/index.php\/wp-json\/wp\/v2\/tags?post=72865"}],"curies":[{"name":"wp","href":"https:\/\/api.w.org\/{rel}","templated":true}]}}