{"id":72858,"date":"2024-02-19T14:58:20","date_gmt":"2024-02-19T13:58:20","guid":{"rendered":"https:\/\/www.die-stadtzeitung.de\/?p=72858"},"modified":"2024-02-25T09:56:04","modified_gmt":"2024-02-25T08:56:04","slug":"bhc-gegen-hannover-mit-heimvorteil-zum-befreiungsschlag","status":"publish","type":"post","link":"https:\/\/www.die-stadtzeitung.de\/index.php\/2024\/02\/19\/bhc-gegen-hannover-mit-heimvorteil-zum-befreiungsschlag\/","title":{"rendered":"BHC: Gegen Hannover mit Heimvorteil zum Befreiungsschlag?"},"content":{"rendered":"<div id=\"attachment_71776\" class=\"wp-caption alignnone\" style=\"max-width: 1284px;\"><img loading=\"lazy\" decoding=\"async\" class=\"wp-image-71776 size-full\" src=\"\/wp-content\/uploads\/2024\/01\/20240115AntoniDoniecki.jpg\" alt=\"\" width=\"1274\" height=\"874\" \/><span class=\"wp-caption-text\">BHC-Cheftrainer Jamal Naji (l.) mit Winterneuzugang Antoni Doniecki, der gegen Hannover-Burgdorf sein erstes Bundesligaspiel bestreiten wird &#8211; \u00a9 BHC06<\/span><\/div>\n<p>Ein Sieg ist das Ziel, wenn die Niedersachsen auch gerade eine der spannendsten Mannschaften Liga sind. So hat die TSV auf am vorigen Wochenende den SC Magdeburg geschlagen und damit eine bemerkenswerte Serie gestoppt. Der amtierende Champions-League-Sieger hatte wettbewerbs\u00fcbergreifend 30 Spiele in Folge nicht verloren.<\/p>\n<p>\u201eHannover hat sich auch von R\u00fcckst\u00e4nden nicht beirren lassen\u201c, sagt BHC-Trainer Jamal Naji. \u201eSie haben die Ruhe bewahrt, immer dran geglaubt und es am Ende \u00fcberzeugend gemacht.\u201c Per Kempa-Trick fiel das entscheidende Tor zum 28:27.<\/p>\n<p>\u201eMir imponiert es, wie sich Hannover unter Christian Prokop entwickelt hat\u201c, meint Naji. \u201eSie spielen eine sehr spannende, sehr aktive Abwehr, die aus der 6:0-Variante heraus mit unterschiedlichem System agiert &#8211; jeweils in Abh\u00e4ngigkeit der Auftakthandlungen des Gegners.\u201c<\/p>\n<p>Dazu sei die erste Welle extrem stark. \u201eWir m\u00fcssen sehr gut in den R\u00fcckzug kommen. Das ist klar\u201c, sagt der Coach, der Hannover im dritten Jahr unter Prokop noch stabiler findet als zuvor. Ein Geheimnis des Erfolgs sei die Kaderbreite. \u201eSie k\u00f6nnen viel wechseln, haben dabei kaum Qualit\u00e4tsunterschiede, aber immer frische Beine auf dem Feld\u201c, betont der Coach.<\/p>\n<h4>Wie haben die G\u00e4ste Niederlage gegen Rhein-Neckar-L\u00f6wen verkraftet?<\/h4>\n<p>Umso bitterer d\u00fcrfte aus Hannoveraner Sicht die j\u00fcngste Niederlage in der European League bei den Rhein-<br \/>\nNeckar L\u00f6wen gewesen sein. Die Gastgeber gewannen 27:26.\u00a0 \u201eAllerdings hatte David Sp\u00e4th im Tor der Rhein-Neckar L\u00f6wen 14 Paraden mehr als Hannover. Das ist nat\u00fcrlich ein Faktor.\u201c<\/p>\n<p>Ob die Niedersachsen mit dem Schwung des Sieges \u00fcber Magdeburg oder dem Frust der Niederlage zwei Tage sp\u00e4ter anreisen? Letztlich z\u00e4hlen f\u00fcr den BHC vor allem zwei Punkte, die im Vergleich zu den ersten beiden Pflichtspielen des Jahres gegen Kiel und Melsungen im Heimspiel gegen Hannover nat\u00fcrlich etwas wahrscheinlicher sind.<\/p>\n<p>\u201eIch hoffe, es ist richtig was los in der Halle. Das hilft uns sehr\u201c, sagt Naji. 7:3-Punkte hat der BHC in dieser Saison bisher in der Unihalle geholt. Au\u00dferdem ist der 37-J\u00e4hrige vom Aufschwung \u00fcberzeugt: \u201eWir haben bei der MT Melsungen 55 Minuten einen gut aufgebauten Positionsangriff gespielt. In der Abwehr hatten wir Defizite in der<br \/>\nH\u00f6he gegen Kristopans, und Balenciaga hat uns auch Probleme gemacht. Am Schluss hat ein ausgeruhter Jonsson unseren sehr m\u00fcden Innenblock auseinandergenommen.\u201c<\/p>\n<div id=\"attachment_72176\" class=\"wp-caption alignnone\" style=\"max-width: 510px;\"><img loading=\"lazy\" decoding=\"async\" class=\"wp-image-72176 size-full\" src=\"\/wp-content\/uploads\/2024\/01\/Frederik-Ladefoged-classen-2-scaled-1.jpg\" alt=\"\" width=\"500\" height=\"323\" \/><span class=\"wp-caption-text\">Der BHC hofft auf Tore von Kreisl\u00e4ufer Fredrik Ladefoged (M.) &#8211; \u00a9 Jochen Classen<\/span><\/div>\n<p>Das Positive sei, dass man erneut gegen ein Topteam mitgehalten habe. \u201eDas wollen wir mitnehmen.\u201c Und die Chance, dass die L\u00f6wen in der Endphase noch etwas mehr Kraft haben, ist gro\u00df. Antoni Doniecki hat am Montag nach \u00fcberstandenem B\u00e4nderriss das Training aufgenommen. Der Winter-Neuzugang wird am Samstag also das erste Bundesligaspiel seiner Karriere bestreiten.<\/p>\n<p>\u201eEr ist ein Entlastungsspieler, der uns in jeder Halbzeit ein paar Minuten geben kann\u201c, freut sich der Trainer, der auf seine anderen drei verletzten Handballer allerdings noch etwas l\u00e4nger verzichten muss. Elias Scholtes (Fu\u00dfverletzung), Tom Kare Nikolaisen (R\u00fccken-OP) und Aron Seesing (Schulter-OP) befinden sich noch in der Reha.<\/p>\n<p>Tickets f\u00fcr die Unihalle sind noch auf www.bhctickets.de sowie an der am Spieltag ab 17:30 Uhr ge\u00f6ffneten Abendkasse verf\u00fcgbar. Das gilt nur f\u00fcr das Spiel gegen die TSV Hannover-Burgdorf. Das Derby gegen den VfL Gummersbach zwei Wochen sp\u00e4ter ist bereits ausverkauft.<\/p>\n","protected":false},"excerpt":{"rendered":"<p>Der Bergische HC ben\u00f6tigt im Kampf um den Klassenerhalt in der LIQUI MOLY HBL dringend ein paar Punkte. Nach zwei bis auf die Schlussphasen guten Auftritten gegen den THW Kiel und die MT Melsungen kommt am Samstagabend (24.02.) um 19 Uhr die TSV Hannover-Burgdorf in die Unihalle nach Wuppertal.<\/p>\n","protected":false},"author":7,"featured_media":0,"comment_status":"open","ping_status":"open","sticky":false,"template":"","format":"standard","meta":{"footnotes":""},"categories":[20],"tags":[],"class_list":["post-72858","post","type-post","status-publish","format-standard","hentry","category-sport"],"publishpress_future_action":{"enabled":false,"date":"2026-05-05 05:04:20","action":"change-status","newStatus":"draft","terms":[],"taxonomy":"category","extraData":[]},"publishpress_future_workflow_manual_trigger":{"enabledWorkflows":[]},"_links":{"self":[{"href":"https:\/\/www.die-stadtzeitung.de\/index.php\/wp-json\/wp\/v2\/posts\/72858","targetHints":{"allow":["GET"]}}],"collection":[{"href":"https:\/\/www.die-stadtzeitung.de\/index.php\/wp-json\/wp\/v2\/posts"}],"about":[{"href":"https:\/\/www.die-stadtzeitung.de\/index.php\/wp-json\/wp\/v2\/types\/post"}],"author":[{"embeddable":true,"href":"https:\/\/www.die-stadtzeitung.de\/index.php\/wp-json\/wp\/v2\/users\/7"}],"replies":[{"embeddable":true,"href":"https:\/\/www.die-stadtzeitung.de\/index.php\/wp-json\/wp\/v2\/comments?post=72858"}],"version-history":[{"count":5,"href":"https:\/\/www.die-stadtzeitung.de\/index.php\/wp-json\/wp\/v2\/posts\/72858\/revisions"}],"predecessor-version":[{"id":72864,"href":"https:\/\/www.die-stadtzeitung.de\/index.php\/wp-json\/wp\/v2\/posts\/72858\/revisions\/72864"}],"wp:attachment":[{"href":"https:\/\/www.die-stadtzeitung.de\/index.php\/wp-json\/wp\/v2\/media?parent=72858"}],"wp:term":[{"taxonomy":"category","embeddable":true,"href":"https:\/\/www.die-stadtzeitung.de\/index.php\/wp-json\/wp\/v2\/categories?post=72858"},{"taxonomy":"post_tag","embeddable":true,"href":"https:\/\/www.die-stadtzeitung.de\/index.php\/wp-json\/wp\/v2\/tags?post=72858"}],"curies":[{"name":"wp","href":"https:\/\/api.w.org\/{rel}","templated":true}]}}