{"id":72736,"date":"2024-02-19T13:19:11","date_gmt":"2024-02-19T12:19:11","guid":{"rendered":"https:\/\/www.die-stadtzeitung.de\/?p=72736"},"modified":"2024-02-19T13:19:11","modified_gmt":"2024-02-19T12:19:11","slug":"lampenfieber-im-theater-kammerspielchen","status":"publish","type":"post","link":"https:\/\/www.die-stadtzeitung.de\/index.php\/2024\/02\/19\/lampenfieber-im-theater-kammerspielchen\/","title":{"rendered":"&#8222;Lampenfieber&#8220; im Theater &#8222;Kammerspielchen&#8220;"},"content":{"rendered":"<div id=\"attachment_72741\" class=\"wp-caption alignnone\" style=\"max-width: 1034px;\"><img loading=\"lazy\" decoding=\"async\" class=\"wp-image-72741 size-full\" src=\"\/wp-content\/uploads\/2024\/02\/Lampenfieber-2-1024x8981-1.jpg\" alt=\"\" width=\"1024\" height=\"835\" \/><span class=\"wp-caption-text\">Markus Veith feiert mit seinem Ein-Mann-St\u00fcck &#8222;Lampenfieber &#8211; Jetzt mal in echt&#8220; gro\u00dfe Erfolge &#8211; \u00a9 Markus Veith \/ Christian Turk<\/span><\/div>\n<p>Der Inhalt: Der Schauspieler hat sein Abendwerk getan. Nun sitzt er gemeinsam mit seinem Publikum in der K\u00fcnstlergarderobe und plaudert aus dem N\u00e4hk\u00f6rbchen. Er erz\u00e4hlt von den Splittern aus den Brettern, die f\u00fcr ihn die Welt bedeuten und vom skurril-ver\u00fcckten Theater-Volk.<\/p>\n<p>Er redet \u00fcber Texth\u00e4nger, Pannen und Pleiten, \u00fcber Schein und Sein. Und er spricht \u00fcber die Heldinnen und Helden seines Berufstandes, \u00fcber Heinz R\u00fchmann, Marily Monroe, Gerd Fr\u00f6be, Zarah Leander oder Peter Ustinov.<\/p>\n<p>Anekdotenreich und humorvoll, mit Liebe, Respekt und Bissigkeit zerlegt Markus Veith das Show-Business, das f\u00fcr in\u00a0 das &#8222;like no Business&#8220; (also eher kein Gesch\u00e4ft) ist.<\/p>\n<p><img loading=\"lazy\" decoding=\"async\" class=\"alignnone size-full wp-image-72743\" src=\"\/wp-content\/uploads\/2024\/02\/Lampenfieber-fuer-Webseite-1.jpg\" alt=\"\" width=\"200\" height=\"207\" \/><\/p>\n<p><strong>Termin:<\/strong><\/p>\n<h4>&#8222;Lampenfieber &#8211; Jetzt mal in echt!&#8220;<\/h4>\n<p>Ein Kabarett-Theaterst\u00fcck von und mit Markus Veith<\/p>\n<p>Regie: Tony Glaser &#8211; Illustration: Christian Turk &#8211; Gestaltung: Marc Suski<\/p>\n<p><strong>Sonntag &#8211; 25.02.2024 &#8211; 17:00 Uhr<\/strong><\/p>\n<p>Theater Kammerspielchen in der Kom\u00f6die am Karlsplatz &#8211; Friedrichstr. 39 &#8211; 42105 Wuppertal<\/p>\n<p>Tickets unter: Telefon 0174-9072995 &#8211; <a href=\"http:\/\/www.kammerspielchen.com\">http:\/\/www.kammerspielchen.com<\/a><\/p>\n<p>&nbsp;<\/p>\n<p>&nbsp;<\/p>\n","protected":false},"excerpt":{"rendered":"<p>Das St\u00fcck &#8222;Lampenfieber &#8211; Jetzt mal in echt!&#8220; steht am Sonntag (25.02.) auf dem Spielplan des Theaters &#8222;Kammerspielchen&#8220; in der Kom\u00f6die am Karlsplatz. Der Schauspieler Markus Veith steht- oder besser gesagt &#8211; sitzt in dem Ein-Mann-St\u00fcck auf der B\u00fchne. Der Text des witzigen, unterhaltsamen Kabarett-Theaterst\u00fccks stammt aus seiner Feder.<\/p>\n","protected":false},"author":7,"featured_media":0,"comment_status":"open","ping_status":"open","sticky":false,"template":"","format":"standard","meta":{"footnotes":""},"categories":[29],"tags":[],"class_list":["post-72736","post","type-post","status-publish","format-standard","hentry","category-kultur"],"publishpress_future_action":{"enabled":false,"date":"2026-05-09 12:11:12","action":"change-status","newStatus":"draft","terms":[],"taxonomy":"category","extraData":[]},"publishpress_future_workflow_manual_trigger":{"enabledWorkflows":[]},"_links":{"self":[{"href":"https:\/\/www.die-stadtzeitung.de\/index.php\/wp-json\/wp\/v2\/posts\/72736","targetHints":{"allow":["GET"]}}],"collection":[{"href":"https:\/\/www.die-stadtzeitung.de\/index.php\/wp-json\/wp\/v2\/posts"}],"about":[{"href":"https:\/\/www.die-stadtzeitung.de\/index.php\/wp-json\/wp\/v2\/types\/post"}],"author":[{"embeddable":true,"href":"https:\/\/www.die-stadtzeitung.de\/index.php\/wp-json\/wp\/v2\/users\/7"}],"replies":[{"embeddable":true,"href":"https:\/\/www.die-stadtzeitung.de\/index.php\/wp-json\/wp\/v2\/comments?post=72736"}],"version-history":[{"count":6,"href":"https:\/\/www.die-stadtzeitung.de\/index.php\/wp-json\/wp\/v2\/posts\/72736\/revisions"}],"predecessor-version":[{"id":72745,"href":"https:\/\/www.die-stadtzeitung.de\/index.php\/wp-json\/wp\/v2\/posts\/72736\/revisions\/72745"}],"wp:attachment":[{"href":"https:\/\/www.die-stadtzeitung.de\/index.php\/wp-json\/wp\/v2\/media?parent=72736"}],"wp:term":[{"taxonomy":"category","embeddable":true,"href":"https:\/\/www.die-stadtzeitung.de\/index.php\/wp-json\/wp\/v2\/categories?post=72736"},{"taxonomy":"post_tag","embeddable":true,"href":"https:\/\/www.die-stadtzeitung.de\/index.php\/wp-json\/wp\/v2\/tags?post=72736"}],"curies":[{"name":"wp","href":"https:\/\/api.w.org\/{rel}","templated":true}]}}