{"id":72654,"date":"2024-02-16T10:18:35","date_gmt":"2024-02-16T09:18:35","guid":{"rendered":"https:\/\/www.die-stadtzeitung.de\/?p=72654"},"modified":"2024-03-04T12:00:40","modified_gmt":"2024-03-04T11:00:40","slug":"tanz-kompanie-rosas-gastspiel-im-opernhaus","status":"publish","type":"post","link":"https:\/\/www.die-stadtzeitung.de\/index.php\/2024\/02\/16\/tanz-kompanie-rosas-gastspiel-im-opernhaus\/","title":{"rendered":"Tanz-Kompanie &#8222;Rosas&#8220;: Gastspiel im Opernhaus"},"content":{"rendered":"<div id=\"attachment_72656\" class=\"wp-caption alignnone\" style=\"max-width: 2570px;\"><img loading=\"lazy\" decoding=\"async\" class=\"wp-image-72656 size-full\" src=\"\/wp-content\/uploads\/2024\/02\/Rosas_EXITABOVE_Run_AnneVanAerschot_15-scaled.jpg\" alt=\"\" width=\"2560\" height=\"1703\" \/><span class=\"wp-caption-text\">Tanz-Kompanie &#8222;Rosas&#8220; &#8211; die Szene &#8222;Run&#8220; aus &#8222;EXIT ABOVE&#8220; &#8211; \u00a9 Anne Van Aerschot<\/span><\/div>\n<p>Anne Teresa de Keersmaeker ist dem Tanztheater Wuppertal Pina Bausch und seinem k\u00fcnstlerischen Leiter Boris Charmatz seit vielen Jahren verbunden. Sie war zu allen Internationalen Tanzfestivals von Pina Bausch in Wuppertal mit Gastspielen eingeladen (1998, 2001,2004 und 2008).<\/p>\n<p>Zusammen mit Boris Charmatz tanzte sie in ihrer Choreografie \u201ePartita 2\u201c (2013) sowie in gro\u00df angelegten\u00a0Projekten und choreographischen Happenings von Boris Charmatz wie \u201eFous de Danse\u201c\u00a0 (2016, 2017) und \u201eLa Ronde &#8211; Grand Palais\u201c (2021). Bereits seit einigen Jahren ist Anne Teresa de Keersmaeker Beiratsmitglied der Pina Bausch Foundation.<\/p>\n<p>Zur Vorbereitung der internationalen Produktion und Kooperation im Pina Bausch Zentrums werden in den n\u00e4chsten Jahren spannende internationale k\u00fcnstlerische Tanz-Handschriften nach Wuppertal eingeladen.<\/p>\n<p>In\u00a0\u201eEXIT ABOVE\u201c geht Anne Teresa De Keersmaeker zur\u00fcck bis zu den Anf\u00e4ngen des Tanzes, zu den Urspr\u00fcngen des westlichen Pop. Seit ihren ersten Choreografien gilt \u201eMy walking is my dancing\u201c.<\/p>\n<div id=\"attachment_72657\" class=\"wp-caption alignnone\" style=\"max-width: 610px;\"><img loading=\"lazy\" decoding=\"async\" class=\"wp-image-72657 size-full\" src=\"\/wp-content\/uploads\/2024\/02\/Rosas_EXITABOVE_Run_PhotoAnneVanAerschot_setMichelFrancois_24.jpg\" alt=\"\" width=\"600\" height=\"399\" \/><span class=\"wp-caption-text\">Michel Francois in &#8222;EXIT ABOVE&#8220; &#8211; \u00a9 Anne van Aerschot<\/span><\/div>\n<p>Musikalisch steht das St\u00fcck f\u00fcr eine R\u00fcckkehr zu den Anf\u00e4ngen des Pop und des Blues. Ausgangspunkt dieser Choreografie von Teresa De Keersmaeker ist der Song \u201eWalking Blues\u201c des legend\u00e4ren Bluesmusikers Robert Johnson.<\/p>\n<p>Die musikalische Reise f\u00fchrt zur\u00fcck zu Franz Schubert, dem bekanntesten Singer-Songwriter des 19. Jahrhunderts, mit seinem Lied \u201eDer Wanderer\u201c.\u00a0 Meskerem Mees, die faszinierende junge fl\u00e4mische Singer-Songwriterin \u00e4thiopischer Herkunft, komponiert eine Reihe von Bearbeitungen und Variationen rund um die \u201eWalking Songs\u201c.<\/p>\n<p>Sie arbeitet zusammen\u00a0 mit\u00a0 Jean-Marie Aerts, Soundarchitekt des von Arno gebildeten TC Matic, der bekannten belgischen Band der 80er Jahre, und dem T\u00e4nzer und Gitarristen Carlos Garbin.<\/p>\n<p>\u201eEXIT ABOVE\u201c erforscht die Spannung zwischen \u201egemeinsamen Gehen\u201c und \u201eAusscheren\u201c, zwischen dem einsamen romantisierten \u201eWandern\u201c und dem politischen Potenzial einer Gruppe von Menschen, die gemeinsam gehen oder marschieren.<\/p>\n<p>Das Gehen l\u00e4sst vor allem den Gedanken und Tr\u00e4umen freien Lauf, die zeigen, wie sehr unsere innere Welt eine Landschaft f\u00fcr sich ist, eine Landschaft, die man sich oft nur zu Fu\u00df erschlie\u00dfen kann. \u201eEXIT ABOVE\u201c \u2013 ein Regieanweisung aus Shakespears Sturm &#8211; ist auch ein St\u00fcck \u00fcber die Bedrohung unserer Realit\u00e4t, den Wendepunkt, vor dem wir stehen. Anne Teresa de Keersmaeker arbeitet mit ganz jungen T\u00e4nzerinnen und T\u00e4nzern an diesem Zukunftsthema.<\/p>\n<div id=\"attachment_72658\" class=\"wp-caption alignnone\" style=\"max-width: 610px;\"><img loading=\"lazy\" decoding=\"async\" class=\"wp-image-72658 size-full\" src=\"\/wp-content\/uploads\/2024\/02\/Rosas_EXITABOVE_Run_AnneVanAerschot_9.jpg\" alt=\"\" width=\"600\" height=\"399\" \/><span class=\"wp-caption-text\">&#8222;EXIT ABOVE&#8220; &#8211; \u00a9 Anne van Aerschot<\/span><\/div>\n<p>Das Gastspiel von Rosas mit <strong>\u201eEXIT ABOVE after the tempest \/ nach dem Sturm\u201c<\/strong> ist ein Beitrag zur Vorbereitung des Pina Bausch Zentrums und wird im Rahmen der Vorlaufphase aus Mitteln der Beauftragten der Bundesregierung fu\u0308r Kultur und Medien, des Ministeriums fu\u0308r Kultur und Wissenschaft des Landes Nordrhein-Westfalen sowie der Stadt Wuppertal gef\u00f6rdert. Ein Projekt von Tanztheater Wuppertal Pina Bausch + Terrain Boris Charmatz, Pina Bausch Zentrum und Pina Bausch Foundation.<\/p>\n<p><strong>Termine:<\/strong><\/p>\n<h4>\u201eEXIT ABOVE &#8211; after the tempest \/ nach dem Sturm\u201c<\/h4>\n<p>Anne Teresa De Keersmaeker &#8211; Meskerem Mees &#8211; Jean-Marie Aerts &#8211; Carlos Garbin &#8211; Rosas<\/p>\n<p><strong>19. April und 20. April 2024 &#8211; 19:30 Uhr<\/strong><\/p>\n<p>Opernhaus Wuppertal &#8211; Kurt-Drees Str. 4 &#8211; 42283 Wuppertal<\/p>\n<p>Vorverkaufsbeginn Freitag 16.02.2024 ab 10:00 Uhr<\/p>\n<p>Dauer: 90 Min.<\/p>\n<div id=\"attachment_72659\" class=\"wp-caption alignnone\" style=\"max-width: 610px;\"><img loading=\"lazy\" decoding=\"async\" class=\"wp-image-72659 size-full\" src=\"\/wp-content\/uploads\/2024\/02\/Rosas_EXITABOVE_Run_AnneVanAerschot_8.jpg\" alt=\"\" width=\"600\" height=\"366\" \/><span class=\"wp-caption-text\">&#8222;EXIT ABOVE&#8220; &#8211; \u00a9 Anne van Aerschot<\/span><\/div>\n<p><strong>Choreografie:<\/strong> Anne Teresa de Keersmaeker<\/p>\n<p><strong>Getanzt von:<\/strong> Abigail Aleksander, Jean Pierre Bur\u00e9, Lav Crncevic, Jos\u00e9 Paulo dos Santos, Rafa Galdino, Carlos Garbin, Nina Godderis, Solal Mariotte, Meskerem Mees, Mariana Miranda, Ariadna Naverrete Valverde, Jakob Storer<\/p>\n<p><strong>Kreiert<\/strong> mit Abigail Aleksander, Jean Pierre Bur\u00e9, Lav Crn\u010devi\u0107, Jos\u00e9 Paulo dos Santos, Rafa Galdino, Carlos Garbin, Nina Godderis, Solal Mariotte, Meskerem Mees, Mariana Miranda, Ariadna Navarrete Valverde, Cintia Seb\u0151k, Jacob Storer<\/p>\n<p><strong>Musikkompositionen <\/strong>Meskerem Mees, Jean-Marie Aerts, Carlos Garbin <strong>Musik gespielt von\u00a0 <\/strong>Meskerem Mees, Carlos Garbin <strong>B\u00fchnenbild<\/strong> Michel Fran\u00e7ois <strong>Licht Design <\/strong>Max Adams <strong>Kost\u00fcme<\/strong> Aouatif Boulaich <strong>Texte und Gedichte <\/strong>Meskerem Mees, Wannes Gyselinck Opening Text Walter Benjamin \u00dcber den Begriff der Geschichte, Th\u00e8se IX<strong> Dramaturgie <\/strong>Wannes Gyselinck <strong>Probenleitung <\/strong>\u00a0Bo\u0161tjan Anton\u010di\u010d, Cynthia Loemij, Clinton Stringer <strong>K\u00fcnstlerische Koordination und Planung<\/strong> Anne Van Aerschot <strong>Assistentin der K\u00fcnstlerischen Leiterin <\/strong>Martine Lange <strong>Tour Manager<\/strong> Jolijn Talpe <strong>Technischer Leiter\u00a0<\/strong>Thomas Verachtert <strong>Techniker\u00a0<\/strong>Jonathan Maes, Arno Truyens <strong>Ton <\/strong>Alex Fostier <strong>Kost\u00fcm-Koordinatorin <\/strong>\u00a0Alexandra Verschueren assistiert von Els Van Buggenhout <strong>Garderobe<\/strong> Els Van Buggenhout <strong>N\u00e4harbeiten <\/strong>Chiara Mazzarolo, Martha Verleyen <strong>Produktion <\/strong>Rosas <strong>Koproduktion<\/strong> Concertgebouw Brugge, De Munt (Br\u00fcssel), Internationaal Theater Amsterdam, Le th\u00e9\u00e2tre Garonne (Toulouse), GIE FONDOC OCCITANIE (Le Parvis Tarbes, Sc\u00e8ne nationale ALBI Tarn, La Crat\u00e8re Al\u00e8s, Sc\u00e9ne nationale Grand Narbonne, Th\u00e9\u00e2tre Garonne)<\/p>\n<p><strong>Welturauff\u00fchrung: <\/strong>Mai 2023 am Th\u00e9\u00e2tre National Wallonie-Bruxelles Br\u00fcssel pr\u00e4sentiert von Th\u00e9\u00e2tre National Wallonie-Bruxelles, De Munt, Kaaitheater und Kunstenfestivaldesarts<\/p>\n<p>&nbsp;<\/p>\n<p>&nbsp;<\/p>\n","protected":false},"excerpt":{"rendered":"<p>Tolle Nachrichten f\u00fcr alle Liebhaberinnen und Liebhaber des Tanztheaters. Die belgische Kompanie Rosas unter der k\u00fcnstlerischen Leitung der Choreografin Anne Teresa de Keersmaeker gibt im Rahmen der Vorlaufphase zum Pina Bausch Zentrum im April 2024 mit ihrer neuen Kreation \u201eEXIT ABOVE after the tempest \/ nach dem Sturm\u201c in der Wuppertaler Oper ein Gastspiel. \u00a0<\/p>\n","protected":false},"author":7,"featured_media":0,"comment_status":"open","ping_status":"open","sticky":false,"template":"","format":"standard","meta":{"footnotes":""},"categories":[29],"tags":[],"class_list":["post-72654","post","type-post","status-publish","format-standard","hentry","category-kultur"],"publishpress_future_action":{"enabled":false,"date":"2026-05-08 09:05:26","action":"change-status","newStatus":"draft","terms":[],"taxonomy":"category","extraData":[]},"publishpress_future_workflow_manual_trigger":{"enabledWorkflows":[]},"_links":{"self":[{"href":"https:\/\/www.die-stadtzeitung.de\/index.php\/wp-json\/wp\/v2\/posts\/72654","targetHints":{"allow":["GET"]}}],"collection":[{"href":"https:\/\/www.die-stadtzeitung.de\/index.php\/wp-json\/wp\/v2\/posts"}],"about":[{"href":"https:\/\/www.die-stadtzeitung.de\/index.php\/wp-json\/wp\/v2\/types\/post"}],"author":[{"embeddable":true,"href":"https:\/\/www.die-stadtzeitung.de\/index.php\/wp-json\/wp\/v2\/users\/7"}],"replies":[{"embeddable":true,"href":"https:\/\/www.die-stadtzeitung.de\/index.php\/wp-json\/wp\/v2\/comments?post=72654"}],"version-history":[{"count":4,"href":"https:\/\/www.die-stadtzeitung.de\/index.php\/wp-json\/wp\/v2\/posts\/72654\/revisions"}],"predecessor-version":[{"id":72662,"href":"https:\/\/www.die-stadtzeitung.de\/index.php\/wp-json\/wp\/v2\/posts\/72654\/revisions\/72662"}],"wp:attachment":[{"href":"https:\/\/www.die-stadtzeitung.de\/index.php\/wp-json\/wp\/v2\/media?parent=72654"}],"wp:term":[{"taxonomy":"category","embeddable":true,"href":"https:\/\/www.die-stadtzeitung.de\/index.php\/wp-json\/wp\/v2\/categories?post=72654"},{"taxonomy":"post_tag","embeddable":true,"href":"https:\/\/www.die-stadtzeitung.de\/index.php\/wp-json\/wp\/v2\/tags?post=72654"}],"curies":[{"name":"wp","href":"https:\/\/api.w.org\/{rel}","templated":true}]}}