{"id":72639,"date":"2024-02-15T13:08:19","date_gmt":"2024-02-15T12:08:19","guid":{"rendered":"https:\/\/www.die-stadtzeitung.de\/?p=72639"},"modified":"2024-02-15T13:09:59","modified_gmt":"2024-02-15T12:09:59","slug":"justizminister-limbach-besucht-verein-bewaehrungshilfe","status":"publish","type":"post","link":"https:\/\/www.die-stadtzeitung.de\/index.php\/2024\/02\/15\/justizminister-limbach-besucht-verein-bewaehrungshilfe\/","title":{"rendered":"Justizminister Limbach besucht Verein \u201eBew\u00e4hrungshilfe\u201c"},"content":{"rendered":"<div id=\"attachment_72641\" class=\"wp-caption alignnone\" style=\"max-width: 2570px;\"><img loading=\"lazy\" decoding=\"async\" class=\"size-full wp-image-72641\" src=\"\/wp-content\/uploads\/2024\/02\/1_202402-13_grn-in-verantwortung-in-wuppertal-gemeinsam-demokratie-verteidigen_53527823175_o-scaled.jpg\" alt=\"\" width=\"2560\" height=\"1803\" \/><span class=\"wp-caption-text\">NRW-Justizminister Benjamin Limbach und Yazg\u00fcl\u00fc Zeybek, Landesvorsitzende der Gr\u00fcnen in Nordrhein-Westfalen &#8211;\u00a0 \u00a9 Roland Lang \/ Die Gr\u00fcnen NRW<\/span><\/div>\n<p>Der Verein unterst\u00fctzt straff\u00e4llig gewordene Menschen w\u00e4hrend ihrer Bew\u00e4hrungszeit, bei ihrer R\u00fcckkehr in die Gesellschaft. Daf\u00fcr bietet der \u201eVerein f\u00fcr Bew\u00e4hrungshilfe Wuppertal\u201c. Wohnraum, Anti-Gewalt-Training und au\u00dfergerichtliche T\u00e4ter-Opfer-Ausgleichsgespr\u00e4che an.<\/p>\n<p>Minister Benjamin Limbach und Yazg\u00fcl\u00fc Zeybek kamen anschlie\u00dfend \u00a0im Kultur- und Kommunikations-Zentrum \u201edie b\u00f6rse\u201c auch mit \u201enormalen\u201c B\u00fcrgerinnen und B\u00fcrgern ins Gespr\u00e4ch und beantworteten Fragen aus dem Publikum.<\/p>\n<p>Ina Besche-Krastl, Landtagsabgeordnete f\u00fcr den Kreis Mettmann, er\u00f6ffnetegemeinsam mit Inan \u00d6zer, Vorsitzender der Wuppertaler Gr\u00fcnen, die Podiumsdiskussion zum Thema \u201eGemeinsam Demokratie verteidigen\u201c.<\/p>\n<p>Vor ungef\u00e4hr 100 B\u00fcrgerinnen und B\u00fcrgern schilderte Justizminister Benjamin Limbach seine Eindr\u00fccke von dem Besuch bei dem Wuppertaler \u201eVerein f\u00fcr Bew\u00e4hrungshilfe\u201c: \u201eDie Aufgabe der Gesellschaft h\u00f6rt nicht auf, wenn jemand aus dem Gef\u00e4ngnis entlassen wird. Dann geht die Arbeit erst los.\u201c<\/p>\n<h4>Verein &#8222;Bew\u00e4hrungshilfe&#8220; ist seit 70 Jahren aktiv<\/h4>\n<p>Und die gr\u00fcne Landesvorsitzende Yazg\u00fcl\u00fc Zeybek erg\u00e4nzte: \u201eDieser Verein leistet seit fast 70 Jahren einen gro\u00dfartigen Beitrag. Die angebotenen Sozialkurse vermitteln Erfahrungen jenseits des kriminellen Umfelds und geben den jungen Menschen wichtige Werkzeuge an die Hand, damit sie ihren Platz in der Gesellschaft wiederfinden.\u201c<\/p>\n<p>Auf Fragen zur aktuellen Protestbewegungen f\u00fcr Demokratie und gegen die AfD erkl\u00e4rte Benjamin Limbach: \u201eZu den Demonstrationen in Nordrhein-Westfalen haben breite gesellschaftliche und politische B\u00fcndnisse aufgerufen, in der Politik \u00fcber die Parteigrenzen hinweg. Das macht die Demonstrationen besonders stark.\u201c<\/p>\n<p>Und Yazg\u00fcl\u00fc Zeybek erg\u00e4nzte: \u201eDas waren die Sportvereine, das waren die Unternehmen. Die haben gesagt: Die AfD ist wirtschaftsfeindlich, sie ist demokratiefeindlich.\u201c<\/p>\n<p>Angesprochen auf die Arbeit der Gr\u00fcnen in der Landesregierung erkl\u00e4rte die Landesvorsitzende: \u201eWir Gr\u00fcne erleben eine Eintrittswelle. Mehr als 600 Antr\u00e4ge f\u00fcr eine Parteimitgliedschaft wurden in den letzten Wochen bei den GR\u00dcNEN in Nordrhein-Westfalen gestellt. Das nehmen wir ernst. Bei uns k\u00f6nnen die Menschen sehen, dass sie mitentscheiden k\u00f6nnen. Und es ist gut, dass gerade auch andere demokratischen Parteien wachsen. Denn wir brauchen alle.\u201c<\/p>\n<p>Am Ende richtete der Minister f\u00fcr Justiz Benjamin Limbach seine Worte direkt an das Publikum: \u201eEs wird Sie alle brauchen. Weimar ist nicht nur an Fehlern in der Verfassung und einer autokratischen Verwaltung gescheitert sondern auch am Wahlverhalten der B\u00fcrgerinnen und B\u00fcrger. Es kann bei der EU-Wahl keine Nichtw\u00e4hler geben. Sie haben eine Verantwortung bei Ihren Kindern und Ihren Enkeln.\u201c<\/p>\n<p>Nach dem Podiumsgespr\u00e4ch bestand noch die M\u00f6glichkeit f\u00fcr ein pers\u00f6nliches Gespr\u00e4ch mit Benjamin Limbach und Yazg\u00fcl\u00fc Zeybek.<\/p>\n<p>&nbsp;<\/p>\n","protected":false},"excerpt":{"rendered":"<p>NRW-Justizminister Benjamin Limbach (B\u00fcndnis 90\/Die Gr\u00fcnen) war am Dienstag zusammen mit Yazg\u00fcl\u00fc Zeybek, Landesvorsitzende der Gr\u00fcnen in Nordrhein-Westfalen, zu Besuch in Wuppertal. Gemeinsam besuchten sie den \u201eVerein f\u00fcr Bew\u00e4hrungshilfe Wuppertal\u201c.<\/p>\n","protected":false},"author":7,"featured_media":0,"comment_status":"open","ping_status":"open","sticky":false,"template":"","format":"standard","meta":{"footnotes":""},"categories":[26],"tags":[],"class_list":["post-72639","post","type-post","status-publish","format-standard","hentry","category-politik"],"publishpress_future_action":{"enabled":false,"date":"2026-05-05 05:04:20","action":"change-status","newStatus":"draft","terms":[],"taxonomy":"category","extraData":[]},"publishpress_future_workflow_manual_trigger":{"enabledWorkflows":[]},"_links":{"self":[{"href":"https:\/\/www.die-stadtzeitung.de\/index.php\/wp-json\/wp\/v2\/posts\/72639","targetHints":{"allow":["GET"]}}],"collection":[{"href":"https:\/\/www.die-stadtzeitung.de\/index.php\/wp-json\/wp\/v2\/posts"}],"about":[{"href":"https:\/\/www.die-stadtzeitung.de\/index.php\/wp-json\/wp\/v2\/types\/post"}],"author":[{"embeddable":true,"href":"https:\/\/www.die-stadtzeitung.de\/index.php\/wp-json\/wp\/v2\/users\/7"}],"replies":[{"embeddable":true,"href":"https:\/\/www.die-stadtzeitung.de\/index.php\/wp-json\/wp\/v2\/comments?post=72639"}],"version-history":[{"count":5,"href":"https:\/\/www.die-stadtzeitung.de\/index.php\/wp-json\/wp\/v2\/posts\/72639\/revisions"}],"predecessor-version":[{"id":72645,"href":"https:\/\/www.die-stadtzeitung.de\/index.php\/wp-json\/wp\/v2\/posts\/72639\/revisions\/72645"}],"wp:attachment":[{"href":"https:\/\/www.die-stadtzeitung.de\/index.php\/wp-json\/wp\/v2\/media?parent=72639"}],"wp:term":[{"taxonomy":"category","embeddable":true,"href":"https:\/\/www.die-stadtzeitung.de\/index.php\/wp-json\/wp\/v2\/categories?post=72639"},{"taxonomy":"post_tag","embeddable":true,"href":"https:\/\/www.die-stadtzeitung.de\/index.php\/wp-json\/wp\/v2\/tags?post=72639"}],"curies":[{"name":"wp","href":"https:\/\/api.w.org\/{rel}","templated":true}]}}