{"id":72613,"date":"2024-02-12T10:13:23","date_gmt":"2024-02-12T09:13:23","guid":{"rendered":"https:\/\/www.die-stadtzeitung.de\/?p=72613"},"modified":"2024-02-15T10:16:07","modified_gmt":"2024-02-15T09:16:07","slug":"lore-duwe-das-prinzenpaar-als-ueberraschungsgaeste","status":"publish","type":"post","link":"https:\/\/www.die-stadtzeitung.de\/index.php\/2024\/02\/12\/lore-duwe-das-prinzenpaar-als-ueberraschungsgaeste\/","title":{"rendered":"Lore Duwe: Das Prinzenpaar als \u00dcberraschungsg\u00e4ste"},"content":{"rendered":"<div id=\"attachment_71957\" class=\"wp-caption alignnone\" style=\"max-width: 778px;\"><img loading=\"lazy\" decoding=\"async\" class=\"size-full wp-image-71957\" src=\"\/wp-content\/uploads\/2024\/01\/PHOTO-2024-01-19-19-21-26.jpg\" alt=\"\" width=\"768\" height=\"615\" \/><span class=\"wp-caption-text\">Lore Duwe hoch dekoriert mit dem CCW-Verdienstorden am Band &#8211; \u00a9 pivat<\/span><\/div>\n<p>Mal unter uns! Das \u201eCaf\u00e9 Luise\u201c erstrahlte bei meiner Veranstaltung \u201eLore Duwe &#8211; Viermal ein Viertel im Viertel\u201c in den Karnevalsfarben Rot und Wei\u00df. Nordhild Neumann, 1.Vorsitzende der Prinzengarde Wuppertals, hatte mir beim Neujahrsempfang des CCW versprochen, dass die Tanzgarde bei meinem Event vorbeischauen w\u00fcrde und \u00a0nebenbei noch eine \u00dcberraschung angek\u00fcndigt. Doch was sollte das f\u00fcr eine \u00dcberraschung sein?<\/p>\n<p>Doch urpl\u00f6tzlich tauchte das aktuelle Prinzenpaar samt Gefolge im nahezu ausverkauften \u201eCaf\u00e9 Luise\u201c auf. Das war wirklich eine gelungene \u00dcberraschung. Nordhild Neumann \u00fcbernahm das Mikrofon und brachte die Besucher mit witzigen Spr\u00fcchen zum Lachen. \u00a0Als Dankesch\u00f6n hagelte es f\u00fcr Nordhild Neumann, ihre Co-Trainerin und Tanzgarde f\u00f6rmlich Zugabe-Rufe.<\/p>\n<p>.Ein war ein Traum, den Kindern beim Tanzen zuzuschauen. Sie mussten sich hinter den Erwachsenen nicht verstecken. Nachdem das Prinzenpaar mich mit dem Prinzenorden ausgezeichnet hatte, bewies es eindrucksvoll, dass es nicht nur das Narrenvolk regieren, sondern auch richtig gut singen kann. \u201eEinen so sch\u00f6nen Karnevals-Abend haben wir schon lange\u00a0nicht mehr erlebt\u201c, schw\u00e4rmten die Besucher.<\/p>\n<div id=\"attachment_72618\" class=\"wp-caption alignnone\" style=\"max-width: 410px;\"><img loading=\"lazy\" decoding=\"async\" class=\"wp-image-72618 size-full\" src=\"\/wp-content\/uploads\/2024\/02\/PHOTO-2024-02-14-12-17-52.jpg\" alt=\"\" width=\"400\" height=\"301\" \/><span class=\"wp-caption-text\">Lore Duwe (l.) Wolfgang Eichler und Ulla Krah &#8211; \u00a9 privat<\/span><\/div>\n<p>Bei meiner Veranstaltungsreihe \u201eViermal ein Viertel im Viertel\u201c sind Zufalls-K\u00fcnstler fester Programm-Bestandteil. So durften die G\u00e4ste auch noch Ulla Krah als Claire Waldoff, Denis aus Cronenberg mit Gesang am Piano \u00a0und die bekannte Wuppertalerin G\u00e4nse-Liesel live erleben.<\/p>\n<p>Mit dem Karnevals-Klassiker &#8222;Denn wenn dat Tr\u00f6mmelche jeht&#8220; verabschiedete Pianist Wolfgang Eichler das Prinzenpaar und die Tanzgarde standesgem\u00e4\u00df. \u201eOh, wie schade&#8220;,\u00a0 trauerte das Publikum.<\/p>\n<p>Ich m\u00f6chte allen \u00dcberraschungsg\u00e4sten und allen Besuchern ein herzliches Dankesch\u00f6n aussprechen, f\u00fcr den tollen Rahmen, den sie meiner Karnevals-Veranstaltung verliehen haben.<\/p>\n<p>Ich sage &#8222;Wuppdika&#8220; &#8211; auch wenn am Aschermittwoch wieder alles vorbei ist&#8230;<\/p>\n<p><strong>Ihre Lore Duwe \/ Euer L\u00f6rken<\/strong><\/p>\n<p>&nbsp;<\/p>\n","protected":false},"excerpt":{"rendered":"<p>In ihrer Kolumne \u201eMal unter uns\u2026!\u201c kommentiert die beliebte Wuppertaler Schauspielerin, T\u00e4nzerin, S\u00e4ngerin und Autorin Lore Duwe das Stadtgeschehen damals wie heute aus ihrem ganz pers\u00f6nlichen Blickwinkel.<\/p>\n","protected":false},"author":7,"featured_media":0,"comment_status":"open","ping_status":"open","sticky":false,"template":"","format":"standard","meta":{"footnotes":""},"categories":[24],"tags":[],"class_list":["post-72613","post","type-post","status-publish","format-standard","hentry","category-wuppertal"],"publishpress_future_action":{"enabled":false,"date":"2026-05-05 05:04:20","action":"change-status","newStatus":"draft","terms":[],"taxonomy":"category","extraData":[]},"publishpress_future_workflow_manual_trigger":{"enabledWorkflows":[]},"_links":{"self":[{"href":"https:\/\/www.die-stadtzeitung.de\/index.php\/wp-json\/wp\/v2\/posts\/72613","targetHints":{"allow":["GET"]}}],"collection":[{"href":"https:\/\/www.die-stadtzeitung.de\/index.php\/wp-json\/wp\/v2\/posts"}],"about":[{"href":"https:\/\/www.die-stadtzeitung.de\/index.php\/wp-json\/wp\/v2\/types\/post"}],"author":[{"embeddable":true,"href":"https:\/\/www.die-stadtzeitung.de\/index.php\/wp-json\/wp\/v2\/users\/7"}],"replies":[{"embeddable":true,"href":"https:\/\/www.die-stadtzeitung.de\/index.php\/wp-json\/wp\/v2\/comments?post=72613"}],"version-history":[{"count":4,"href":"https:\/\/www.die-stadtzeitung.de\/index.php\/wp-json\/wp\/v2\/posts\/72613\/revisions"}],"predecessor-version":[{"id":72620,"href":"https:\/\/www.die-stadtzeitung.de\/index.php\/wp-json\/wp\/v2\/posts\/72613\/revisions\/72620"}],"wp:attachment":[{"href":"https:\/\/www.die-stadtzeitung.de\/index.php\/wp-json\/wp\/v2\/media?parent=72613"}],"wp:term":[{"taxonomy":"category","embeddable":true,"href":"https:\/\/www.die-stadtzeitung.de\/index.php\/wp-json\/wp\/v2\/categories?post=72613"},{"taxonomy":"post_tag","embeddable":true,"href":"https:\/\/www.die-stadtzeitung.de\/index.php\/wp-json\/wp\/v2\/tags?post=72613"}],"curies":[{"name":"wp","href":"https:\/\/api.w.org\/{rel}","templated":true}]}}