{"id":72566,"date":"2024-02-12T05:54:08","date_gmt":"2024-02-12T04:54:08","guid":{"rendered":"https:\/\/www.die-stadtzeitung.de\/?p=72566"},"modified":"2024-02-14T05:54:28","modified_gmt":"2024-02-14T04:54:28","slug":"wj-jahresempfang-kaemmerer-bunte-blickt-in-die-zukunft","status":"publish","type":"post","link":"https:\/\/www.die-stadtzeitung.de\/index.php\/2024\/02\/12\/wj-jahresempfang-kaemmerer-bunte-blickt-in-die-zukunft\/","title":{"rendered":"WJ-Jahresempfang: K\u00e4mmerer Bunte blickt in die Zukunft"},"content":{"rendered":"<div id=\"attachment_72569\" class=\"wp-caption alignnone\" style=\"max-width: 2570px;\"><img loading=\"lazy\" decoding=\"async\" class=\"size-full wp-image-72569\" src=\"\/wp-content\/uploads\/2024\/02\/Thorsten-Bunte_2-1-scaled.jpg\" alt=\"\" width=\"2560\" height=\"1954\" \/><span class=\"wp-caption-text\">Stadtk\u00e4mmerer Thorsten Bunte hielt einen spannenden Vortrag beim Neujahrsempfang der Wirtschaft Junioren &#8211; \u00a9 WJ<\/span><\/div>\n<p>Daf\u00fcr w\u00e4hlte der Verwaltungsmann kein Beamtendeutsch, sondern schilderte die Fakten in launigen Worten. Thorsten Bunte erl\u00e4uterte dabei auch seine Ideen, wie er mit den gro\u00dfen Herausforderungen umgehen will. Au\u00dferdem richtete er in seinem interessanten Vortrag den Blick auf die Zukunftsperspektiven der Bergischen Metropole. .<\/p>\n<p>Zuvor hatten Wuppertals Oberb\u00fcrgermeister Prof. Dr. Uwe Schneidewind sowie Patrick Wei\u00df als Landesvorsitzender 2024 der Wirtschaftsjunioren Nordrhein-Westfalen in ihren Gru\u00dfworten das Engagement der jungen Unternehmerinnen, Unternehmer und F\u00fchrungskr\u00e4fte gelobt.<\/p>\n<p>Sie w\u00fcrdigten auch den wertvollen ehrenamtlichen Einsatz f\u00fcr die Stadt und die gesamte Region. Uwe Schneidewind betonte \u00fcberdies die Bedeutung der WJ-Arbeit f\u00fcr das wirtschaftliche sowie das gesellschaftliche Leben in Wuppertal und ermutigte dazu, weiter als starke Stimme der jungen Wirtschaft f\u00fcr positive Ver\u00e4nderungen einzutreten.<\/p>\n<div id=\"attachment_61328\" class=\"wp-caption alignnone\" style=\"max-width: 929px;\"><img loading=\"lazy\" decoding=\"async\" class=\"size-full wp-image-61328\" src=\"\/wp-content\/uploads\/2023\/02\/6bd634c58de4733b26884f6e70bd1e9b-2.jpeg\" alt=\"\" width=\"919\" height=\"637\" \/><span class=\"wp-caption-text\">Oberb\u00fcrgermeister Dr. Uwe Schneidewind &#8211; \u00a9 Stadt Wuppertal<\/span><\/div>\n<p>Kreissprecher Sebastian Kremer dankte in seiner Ansprache den Mitgliedern und Sponsoren f\u00fcr ihre fortw\u00e4hrende Unterst\u00fctzung, gerade in wirtschaftlich schwierigeren Zeiten. Er blickte kurz zur\u00fcck auf die Aktivit\u00e4ten und Erfolgedes Vereins im vergangenen Jahr und gab einen Ausblick auf die Planungenund Veranstaltungen in 2024.<\/p>\n<p>Ein besonderer H\u00f6hepunkt werde dabei das 20. Jubil\u00e4um des Bergischen Unternehmerkongress sein. Neben vielen Mitgliedern, F\u00f6rdermitgliedern und Interessenten des Vereins freuten sich die Wirtschaftsjunioren \u00fcber die Teilnahme zahlreicher namhafter Ehreng\u00e4ste.<\/p>\n<p>So waren u.a. die Bundestagsabgeordneten Anja Liebert, J\u00fcrgen Hardt und Helge Lindh, der Landtagsabgeordnete Hans-J\u00f6rg Herhausen, IHK-Pr\u00e4sident Henner Pasch und IHK-Hauptgesch\u00e4ftsf\u00fchrer Michael Wenge, Uni-Rektorin Prof. Dr. Birgitta Wolff sowie einige Fraktionsvorsitzende aus dem Wuppertaler Stadtrat und mehrere Sponsoren-Vertreter der Einladung gefolgt.<\/p>\n<p>Das rege Interesse unterstrich die Bedeutung dieser Veranstaltung f\u00fcr die regionale Wirtschaft und brachte das \u201eRossini\u201c an seine Kapazit\u00e4tsgrenze.<\/p>\n<p><strong>Link zur Webseite der Wirtschafts Junioren Wuppertal:<\/strong><\/p>\n<p><a href=\"http:\/\/www.wj-wuppertal.de\">http:\/\/www.wj-wuppertal.de<\/a><\/p>\n","protected":false},"excerpt":{"rendered":"<p>Stadtk\u00e4mmerer Thorsten Bunte lie\u00df sich beim Neujahrsempfang der Wirtschaftsjuroren Wuppertal (WJ) im Stadthallen-Restaurant \u201eRossini\u201c in die Karten schauen und gew\u00e4hrte den rund 100 G\u00e4sten einen Einblick in die finanzielle Situation der Stadt Wuppertal.<\/p>\n","protected":false},"author":7,"featured_media":0,"comment_status":"open","ping_status":"open","sticky":false,"template":"","format":"standard","meta":{"footnotes":""},"categories":[22],"tags":[],"class_list":["post-72566","post","type-post","status-publish","format-standard","hentry","category-wirtschaft"],"publishpress_future_action":{"enabled":false,"date":"2026-05-07 10:22:11","action":"change-status","newStatus":"draft","terms":[],"taxonomy":"category","extraData":[]},"publishpress_future_workflow_manual_trigger":{"enabledWorkflows":[]},"_links":{"self":[{"href":"https:\/\/www.die-stadtzeitung.de\/index.php\/wp-json\/wp\/v2\/posts\/72566","targetHints":{"allow":["GET"]}}],"collection":[{"href":"https:\/\/www.die-stadtzeitung.de\/index.php\/wp-json\/wp\/v2\/posts"}],"about":[{"href":"https:\/\/www.die-stadtzeitung.de\/index.php\/wp-json\/wp\/v2\/types\/post"}],"author":[{"embeddable":true,"href":"https:\/\/www.die-stadtzeitung.de\/index.php\/wp-json\/wp\/v2\/users\/7"}],"replies":[{"embeddable":true,"href":"https:\/\/www.die-stadtzeitung.de\/index.php\/wp-json\/wp\/v2\/comments?post=72566"}],"version-history":[{"count":6,"href":"https:\/\/www.die-stadtzeitung.de\/index.php\/wp-json\/wp\/v2\/posts\/72566\/revisions"}],"predecessor-version":[{"id":72575,"href":"https:\/\/www.die-stadtzeitung.de\/index.php\/wp-json\/wp\/v2\/posts\/72566\/revisions\/72575"}],"wp:attachment":[{"href":"https:\/\/www.die-stadtzeitung.de\/index.php\/wp-json\/wp\/v2\/media?parent=72566"}],"wp:term":[{"taxonomy":"category","embeddable":true,"href":"https:\/\/www.die-stadtzeitung.de\/index.php\/wp-json\/wp\/v2\/categories?post=72566"},{"taxonomy":"post_tag","embeddable":true,"href":"https:\/\/www.die-stadtzeitung.de\/index.php\/wp-json\/wp\/v2\/tags?post=72566"}],"curies":[{"name":"wp","href":"https:\/\/api.w.org\/{rel}","templated":true}]}}