{"id":72302,"date":"2024-02-01T11:22:59","date_gmt":"2024-02-01T10:22:59","guid":{"rendered":"https:\/\/www.die-stadtzeitung.de\/?p=72302"},"modified":"2024-02-09T18:07:43","modified_gmt":"2024-02-09T17:07:43","slug":"brenda-boykin-friends-liefern-den-uptowen-groove","status":"publish","type":"post","link":"https:\/\/www.die-stadtzeitung.de\/index.php\/2024\/02\/01\/brenda-boykin-friends-liefern-den-uptowen-groove\/","title":{"rendered":"Brenda Boykin &#038; Friends liefern den &#8222;Uptowen Groove&#8220;"},"content":{"rendered":"<div id=\"attachment_72305\" class=\"wp-caption alignnone\" style=\"max-width: 2570px;\"><img loading=\"lazy\" decoding=\"async\" class=\"wp-image-72305 size-full\" src=\"\/wp-content\/uploads\/2024\/02\/Brenda_3-scaled.jpg\" alt=\"\" width=\"2560\" height=\"1920\" \/><span class=\"wp-caption-text\">Kraftvoll und empathisch: Die S\u00e4ngerin Brenda Boykin &#8211; \u00a9 Brit vom Stein<\/span><\/div>\n<p>Brenda Boykin &amp; Friends pr\u00e4sentieren am Mittwoch (07.02.) in der Musik-Reihe \u201eUptown Groove\u201c Altbekanntes und neue Songs. Eigene Kompositionen und grandiose Soli dominieren diesen Abend!<\/p>\n<p>Die Erfahrungen in den letzten Jahren haben gezeigt, wie viel unterschiedliche \u00dcberraschungsprogramme Brenda ihrer Fangemeinde schenken kann &#8211; sowohl was die begleitenden Musiker betrifft, als auch die vorgetragenen St\u00fccke.<\/p>\n<p>Brenda Boykin besitzt eine gro\u00dfe Stimme mit einzigartigem Timbre: \u201eUnverwechselbar, gef\u00fchlsintensiv und vermittelt Ehrlichkeit&#8220;, wurde die S\u00e4ngerin vor einigen Jahren im Magazin \u00a0&#8222;my heimat&#8220; nach einem Konzert mit Rod Mason geadelt.<\/p>\n<p><strong>Termin:<\/strong><\/p>\n<h4>Brenda Boykin &amp; Friends<\/h4>\n<p>der Reihe \u201eUptoEin Konzert wn Groove\u201c<\/p>\n<p><strong>Mittwoch &#8211; 07.02.2024 &#8211; 19.30 Uhr<\/strong><\/p>\n<div id=\"attachment_72306\" class=\"wp-caption alignnone\" style=\"max-width: 610px;\"><img loading=\"lazy\" decoding=\"async\" class=\"wp-image-72306 size-full\" src=\"\/wp-content\/uploads\/2024\/02\/Salsa-Faerberei-019.jpg\" alt=\"\" width=\"600\" height=\"370\" \/><span class=\"wp-caption-text\">Der emotionale, lateinamerikanische Tanz Salsa hat Tradition in der F\u00c4RBEREI &#8211; \u00a9 Stefan Fries<\/span><\/div>\n<p>Am Freitag (10.02.) weht in der F\u00c4RBEREI bei der monatlichen \u201eSalsa Caribe\u00f1a Party\u201c wieder einmal karibisches Flair: &#8222;DJ QuBa&#8220; spielt ab 20 Uhr die beste Salsa &amp; Bachatamusik aus Kuba, Puerto Rico, Dominikanische Republik, Kolumbien, Panama und Venezuela.<\/p>\n<p>Um 19 Uhr Einsteigerworkshop mit Daniel Schwarz: Erste Schritte der Salsa und Bachata lernen\/ vertiefen.<br \/>\nDieser Workshop ist im Party-Eintritt bereits enthalten.<\/p>\n<p><strong>Termin:<\/strong><\/p>\n<h4>\u201eSalsa Caribe\u00f1a\u201c<\/h4>\n<p>Party &#8211; die monatliche Salsa Caribe\u00f1a-Reihe in der F\u00e4rberei!<\/p>\n<p><strong>Freitag &#8211; 10.02.2024 \u2013 19:00 Uhr<\/strong><\/p>\n<p>Tickets gibt es bei <a href=\"http:\/\/www.wuppertal-live.de\">www.wuppertal-live.de<\/a> oder \u00a0an der Abendkasse<\/p>\n<p>F\u00c4RBEREI e.V.<br \/>\nZentrum f\u00fcr Integration und Inklusion<br \/>\nPeter-Hansen-Platz 1\u00a0&#8211; 42275 Wuppertal<\/p>\n<p><strong>Link zur Webseite der F\u00c4RBEREI:<\/strong><\/p>\n<p><a href=\"http:\/\/www.faerberei-wuppertal.de\">http:\/\/www.faerberei-wuppertal.de<\/a><\/p>\n<p>&nbsp;<\/p>\n","protected":false},"excerpt":{"rendered":"<p>Die &#8222;F\u00c4RBEREI e.V. &#8211; Zentrum f\u00fcr Integration und Inklusion&#8220; schm\u00fcckt die Wuppertaler Kulturlandschaft in dieser Woche mit zwei echten Highlights f\u00fcr Musik- und Tanz-Fans .<\/p>\n","protected":false},"author":7,"featured_media":0,"comment_status":"open","ping_status":"open","sticky":false,"template":"","format":"standard","meta":{"footnotes":""},"categories":[29],"tags":[],"class_list":["post-72302","post","type-post","status-publish","format-standard","hentry","category-kultur"],"publishpress_future_action":{"enabled":false,"date":"2026-05-07 04:08:20","action":"change-status","newStatus":"draft","terms":[],"taxonomy":"category","extraData":[]},"publishpress_future_workflow_manual_trigger":{"enabledWorkflows":[]},"_links":{"self":[{"href":"https:\/\/www.die-stadtzeitung.de\/index.php\/wp-json\/wp\/v2\/posts\/72302","targetHints":{"allow":["GET"]}}],"collection":[{"href":"https:\/\/www.die-stadtzeitung.de\/index.php\/wp-json\/wp\/v2\/posts"}],"about":[{"href":"https:\/\/www.die-stadtzeitung.de\/index.php\/wp-json\/wp\/v2\/types\/post"}],"author":[{"embeddable":true,"href":"https:\/\/www.die-stadtzeitung.de\/index.php\/wp-json\/wp\/v2\/users\/7"}],"replies":[{"embeddable":true,"href":"https:\/\/www.die-stadtzeitung.de\/index.php\/wp-json\/wp\/v2\/comments?post=72302"}],"version-history":[{"count":3,"href":"https:\/\/www.die-stadtzeitung.de\/index.php\/wp-json\/wp\/v2\/posts\/72302\/revisions"}],"predecessor-version":[{"id":72307,"href":"https:\/\/www.die-stadtzeitung.de\/index.php\/wp-json\/wp\/v2\/posts\/72302\/revisions\/72307"}],"wp:attachment":[{"href":"https:\/\/www.die-stadtzeitung.de\/index.php\/wp-json\/wp\/v2\/media?parent=72302"}],"wp:term":[{"taxonomy":"category","embeddable":true,"href":"https:\/\/www.die-stadtzeitung.de\/index.php\/wp-json\/wp\/v2\/categories?post=72302"},{"taxonomy":"post_tag","embeddable":true,"href":"https:\/\/www.die-stadtzeitung.de\/index.php\/wp-json\/wp\/v2\/tags?post=72302"}],"curies":[{"name":"wp","href":"https:\/\/api.w.org\/{rel}","templated":true}]}}