{"id":72224,"date":"2024-02-01T10:09:49","date_gmt":"2024-02-01T09:09:49","guid":{"rendered":"https:\/\/www.die-stadtzeitung.de\/?p=72224"},"modified":"2024-02-01T10:09:53","modified_gmt":"2024-02-01T09:09:53","slug":"sebastian-kremer-neuer-vorstand-der-wirtschaftsjunioren","status":"publish","type":"post","link":"https:\/\/www.die-stadtzeitung.de\/index.php\/2024\/02\/01\/sebastian-kremer-neuer-vorstand-der-wirtschaftsjunioren\/","title":{"rendered":"Sebastian Kremer neuer Vorstand der Wirtschaftsjunioren"},"content":{"rendered":"<div id=\"attachment_72226\" class=\"wp-caption alignnone\" style=\"max-width: 2570px;\"><img loading=\"lazy\" decoding=\"async\" class=\"size-full wp-image-72226\" src=\"\/wp-content\/uploads\/2024\/02\/Vorstand-2024_2-scaled.jpg\" alt=\"\" width=\"2560\" height=\"1678\" \/><span class=\"wp-caption-text\">(V.l.) Sebastian Kremer, Oliver Kaufhold, Thuvaragan Nesapalan und Gottfried Engendahl &#8211; \u00a9 WJ<\/span><\/div>\n<p>Gottfried Engendahl, Gesellschafter und Prokurist der Deepwood GmbH, steht ihm in diesem Jahr als Stv. Vorsitzender zur Seite. Thuvaragan Nesapalan, Partner der Gothaer Bezirksdirektion rmb3, wird nach dem Vorsitz im Jahr 2023 nun das Amt des Immediate Past President f\u00fcr das laufende Jahr \u00fcbernehmen.<\/p>\n<p>Unterst\u00fctzt wird der Vorstand durch Gesch\u00e4ftsf\u00fchrer Oliver Kaufhold, Referent in der Hauptgesch\u00e4ftsf\u00fchrung der Bergischen IHK.<\/p>\n<p>\u201eIch freue mich auf die Herausforderungen und Aufgaben, die das Amt des WJ-Vorsitzenden innehat\u201c, sagte Sebastian Kremer nach seiner Wahl. Auf der Agenda f\u00fcr dieses Jahr stehe unter anderem die St\u00e4rkung der internen und externen Kommunikation.<\/p>\n<p>\u201eDadurch m\u00f6chten wir der jungen Wirtschaft in unserer Stadt wieder deutlich mehr Geh\u00f6r verschaffen\u201c, erkl\u00e4rte Kremer. Eines der Highlights des Jahres werde sicherlich der Bergische Unternehmerkongress, der in diesem Jahr mit der 20. Auflage ein kleines Jubil\u00e4um feiern k\u00f6nne.<\/p>\n<p>\u201eF\u00fcr mich war das Amt des Kreissprechers der Wirtschaftsjunioren Wuppertal ein Jahr voller wunderbarer Begegnungen, unz\u00e4hliger interessanter Termine und durchweg gelungener Veranstaltungen\u201c, zog Thuvaragan Nesapalan als scheidender WJ-Vorsitzender Bilanz.<\/p>\n<p>\u201eIch danke allen Sponsoren, Mitgliedern und F\u00f6rdermitgliedern f\u00fcr ihr Engagement, etwa im Rahmen der WJ-Bewerbertrainings an vielen Wuppertaler Schulen und an der Junior Uni, bei unserem 19. Bergischen Unternehmerkongress mit Wolfgang Grupp in der vollbesetzen Glashalle der Stadtsparkasse Wuppertal oder bei unserem 12. Bergischen Unternehmerabend bei der Barmenia zum Thema \u201eFachkr\u00e4ftemangel \u2013 Wie kann die bergische Wirtschaft vom Wissenschaftsstandort Wuppertal profitieren\u201c, so Thuvaragan Nesapalan.<\/p>\n","protected":false},"excerpt":{"rendered":"<p>Im Rahmen ihrer Mitgliederversammlung am 25. Januar 2024 haben die Die Wirtschaftsjunioren Wuppertal e.V. (WJ) haben im Rahmen iher Mitgliederversammlung einen neuen Vorstand gew\u00e4hlt. Sebastian Kremer, Head of Aftermarket Procurement bei der Thyssenkrupp Bilstein GmbH, ist neuer Vorstandsvorsitzender und Kreissprecher.<\/p>\n","protected":false},"author":7,"featured_media":0,"comment_status":"open","ping_status":"open","sticky":false,"template":"","format":"standard","meta":{"footnotes":""},"categories":[22],"tags":[],"class_list":["post-72224","post","type-post","status-publish","format-standard","hentry","category-wirtschaft"],"publishpress_future_action":{"enabled":false,"date":"2026-05-07 04:10:04","action":"change-status","newStatus":"draft","terms":[],"taxonomy":"category","extraData":[]},"publishpress_future_workflow_manual_trigger":{"enabledWorkflows":[]},"_links":{"self":[{"href":"https:\/\/www.die-stadtzeitung.de\/index.php\/wp-json\/wp\/v2\/posts\/72224","targetHints":{"allow":["GET"]}}],"collection":[{"href":"https:\/\/www.die-stadtzeitung.de\/index.php\/wp-json\/wp\/v2\/posts"}],"about":[{"href":"https:\/\/www.die-stadtzeitung.de\/index.php\/wp-json\/wp\/v2\/types\/post"}],"author":[{"embeddable":true,"href":"https:\/\/www.die-stadtzeitung.de\/index.php\/wp-json\/wp\/v2\/users\/7"}],"replies":[{"embeddable":true,"href":"https:\/\/www.die-stadtzeitung.de\/index.php\/wp-json\/wp\/v2\/comments?post=72224"}],"version-history":[{"count":2,"href":"https:\/\/www.die-stadtzeitung.de\/index.php\/wp-json\/wp\/v2\/posts\/72224\/revisions"}],"predecessor-version":[{"id":72227,"href":"https:\/\/www.die-stadtzeitung.de\/index.php\/wp-json\/wp\/v2\/posts\/72224\/revisions\/72227"}],"wp:attachment":[{"href":"https:\/\/www.die-stadtzeitung.de\/index.php\/wp-json\/wp\/v2\/media?parent=72224"}],"wp:term":[{"taxonomy":"category","embeddable":true,"href":"https:\/\/www.die-stadtzeitung.de\/index.php\/wp-json\/wp\/v2\/categories?post=72224"},{"taxonomy":"post_tag","embeddable":true,"href":"https:\/\/www.die-stadtzeitung.de\/index.php\/wp-json\/wp\/v2\/tags?post=72224"}],"curies":[{"name":"wp","href":"https:\/\/api.w.org\/{rel}","templated":true}]}}