{"id":72095,"date":"2024-01-27T13:23:28","date_gmt":"2024-01-27T12:23:28","guid":{"rendered":"https:\/\/www.die-stadtzeitung.de\/?p=72095"},"modified":"2024-01-27T13:23:28","modified_gmt":"2024-01-27T12:23:28","slug":"johannes-rau-zentrum-mit-architekturpreis-ausgezeichnet","status":"publish","type":"post","link":"https:\/\/www.die-stadtzeitung.de\/index.php\/2024\/01\/27\/johannes-rau-zentrum-mit-architekturpreis-ausgezeichnet\/","title":{"rendered":"Johannes-Rau-Zentrum mit Architekturpreis ausgezeichnet"},"content":{"rendered":"<div id=\"attachment_72099\" class=\"wp-caption alignnone\" style=\"max-width: 1510px;\"><img loading=\"lazy\" decoding=\"async\" class=\"wp-image-72099 size-full\" src=\"\/wp-content\/uploads\/2024\/01\/Johannes-Rau-Zentrum_Aussen_2.jpg\" alt=\"\" width=\"1500\" height=\"1009\" \/><span class=\"wp-caption-text\">Das Johannes-Rau-Zentrum bietet neben einer Bibliothek auch einen repr\u00e4sentativen Rahmen f\u00fcr Veranstaltungen und Lesungen Veranstaltungen und Lesungen. \u00a9 BLB NRW \/ Felix H\u00fcsch-Waligura<\/span><\/div>\n<p>In einer kleinen Feierstunde am Campus Haspel der Bergischen Universit\u00e4t Wuppertal (BUW) nahmen die Niederlassung D\u00fcsseldorf des Bau- und Liegenschaftsbetriebs des Landes Nordrhein-Westfalen (BLB NRW) als Bauherr und das Architekturb\u00fcro \u201ehks architekten\u201c die Auszeichnung gemeinsam entgegen.<\/p>\n<p>Auch die Universit\u00e4t, die das Zentrum im Sommer 2022 \u00fcbernommen hat, freute sich \u00fcber die besondere W\u00fcrdigung des Geb\u00e4udes. Das aufs Wesentliche reduzierte schlichte Bauwerk ist durch drei sich nach au\u00dfen schiebende h\u00f6lzerne Kuben gepr\u00e4gt.<\/p>\n<p>Die Anordnung der h\u00f6lzernen Lamellen assoziiert schon von Weitem B\u00fccherregale. Im Inneren beherbergen genau diese Kuben die Regale f\u00fcr die pers\u00f6nliche Sammlung von Johannes Rau, der nicht nur von<br \/>\n1999 bis 2004 Bundespr\u00e4sident und zuvor Ministerpr\u00e4sident des Landes Nordrhein- Westfalens war, sondern auch gelernter Verlagsbuchh\u00e4ndler und ein begeisterter B\u00fcchersammler.<\/p>\n<p>Die Privatbibliothek von Johannes Rau bildet das Kernst\u00fcck des Zentrums, in dem Gesellschaft, Politik und Wissenschaft miteinander ins Gespr\u00e4ch kommen. Das Zentrum bietet au\u00dferdem einen repr\u00e4sentativen Rahmen f\u00fcr Veranstaltungen und Lesungen.<\/p>\n<div id=\"attachment_72101\" class=\"wp-caption alignnone\" style=\"max-width: 660px;\"><img loading=\"lazy\" decoding=\"async\" class=\"size-full wp-image-72101\" src=\"\/wp-content\/uploads\/2024\/01\/Johannes-Rau-Zentrum_Innen.jpg\" alt=\"\" width=\"650\" height=\"433\" \/><span class=\"wp-caption-text\">Die private B\u00fcchersammlung von Johannes Rau bildet das Kernst\u00fcck des Geb\u00e4udes, das dier Erinerung an einen gro\u00dfen Deutschen und gro\u00dfen Wuppertaler lebendig halten soll &#8211; \u00a9 BLB NRW \/ Felix H\u00fcsch-Waligura<\/span><\/div>\n<p>\u201eBeim Johannes-Rau-Zentrum gelingt die pr\u00e4zise Setzung zwischen den bestehenden Geb\u00e4uden und es erg\u00e4nzt das Ensemble aus Alt und Neu. Das Bauwerk besticht durch seine reduzierte Kubatur in Verbindung mit sorgf\u00e4ltig herausgearbeiteten Details\u201c, erl\u00e4utert Christof Gemeiner, Vorsitzender der Jury und erster Vorsitzender des BDA Bergisch-Land, die Entscheidung pro Johannes-Rau-Zentrum.<\/p>\n<p>Alle drei Jahre zeichnet der BDA Wuppertal hochwertige Werke der Architektur und des St\u00e4dtebaus der Region aus. Laut eigener Darstellung ist es die zentrale Zielsetzung des BDA, die Qualit\u00e4t des Planens und des Bauens in Verantwortung gegen\u00fcber der Gesellschaft und der Umwelt zu heben und zu f\u00f6rdern.<\/p>\n<p>Die \u201eAuszeichnung guter Bauten\u201c soll dazu beitragen, \u00f6ffentliches Bewusstsein f\u00fcr Qualit\u00e4t im Planen und Bauen zu schaffen und daf\u00fcr Ma\u00dfst\u00e4be in der zeitgen\u00f6ssischen Architektur zu setzen.<\/p>\n<p>In diesem Jahr nahmen insgesamt 18 Bauten am Wettbewerb teil. Unter ihnen vergab die Jury drei Auszeichnungen und vier Anerkennungen. Mit der Auszeichnung beim \u201eArchitekturpreis Wuppertal\u201c ist das Johannes-Rau-Zentrum nun f\u00fcr den Architekturpreis NRW des BDA nominiert, der voraussichtlich im Herbst 2024 vergeben wird.<\/p>\n<div id=\"attachment_72103\" class=\"wp-caption alignnone\" style=\"max-width: 660px;\"><img loading=\"lazy\" decoding=\"async\" class=\"size-full wp-image-72103\" src=\"\/wp-content\/uploads\/2024\/01\/Johannes-Rau-Zentrum_Aussen_1.jpg\" alt=\"\" width=\"650\" height=\"433\" \/><span class=\"wp-caption-text\">Das aufs Wesentliche reduzierte schlichte Bauwerk ist durch drei sich nach au\u00dfen schiebende h\u00f6lzerne<br \/>Kuben gepr\u00e4gt. Die Anordnung der h\u00f6lzernen Lamellen assoziiert schon von Weitem B\u00fccherregale &#8211; <br \/>&#8211; \u00a9 BLB NRW \/ Felix H\u00fcsch-Waligura<\/span><\/div>\n<h4>\u00dcber den Bau- und Liegenschaftsbetrieb NRW (BLB NRW)<\/h4>\n<p>Der BLB NRW ist Eigent\u00fcmer und Vermieter fast aller Immobilien des Landes Nordrhein-Westfalen. Mit rund 4.000 Geb\u00e4uden, einer Mietfl\u00e4che von etwa 10,3 Millionen Quadratmetern und j\u00e4hrlichen Mieterl\u00f6sen von rund 1,5 Milliarden Euro verantwortet der BLB NRW eines der gr\u00f6\u00dften<br \/>\nImmobilienportfolios Europas.<\/p>\n<p>Seine Dienstleistungen umfassen unter anderem die Bereiche Entwicklung und Planung, Bau und Modernisierung sowie Bewirtschaftung und Verkauf von technisch und architektonisch hoch komplexen Immobilien.<\/p>\n<p>Dar\u00fcber hinaus plant und realisiert der BLB NRW im Rahmen des Bundesbaus die zivilen und milit\u00e4rischen Bauma\u00dfnahmen der Bundesrepublik Deutschland in Nordrhein-Westfalen. Der BLB NRW besch\u00e4ftigt mehr als 2.800 Mitarbeiterinnen und Mitarbeiter an acht Standorten.<\/p>\n<p>Weitere Informationen unter <a href=\"http:\/\/www.blb.nrw.de\">http:\/\/www.blb.nrw.de<\/a><\/p>\n","protected":false},"excerpt":{"rendered":"<p>Das Johannes-Rau-Zentrum der Bergischen Universit\u00e4t Wuppertal (BUW) erhielt die begehrte Auszeichnungen \u201eArchitekturpreises Wuppertal 2023\u201c. Ausgelobt wurde der Preis vom Bund Deutscher Architektinnen und Architekten (BDA) Wuppertal.<\/p>\n","protected":false},"author":7,"featured_media":0,"comment_status":"open","ping_status":"open","sticky":false,"template":"","format":"standard","meta":{"footnotes":""},"categories":[24],"tags":[],"class_list":["post-72095","post","type-post","status-publish","format-standard","hentry","category-wuppertal"],"publishpress_future_action":{"enabled":false,"date":"2026-05-08 09:08:51","action":"change-status","newStatus":"draft","terms":[],"taxonomy":"category","extraData":[]},"publishpress_future_workflow_manual_trigger":{"enabledWorkflows":[]},"_links":{"self":[{"href":"https:\/\/www.die-stadtzeitung.de\/index.php\/wp-json\/wp\/v2\/posts\/72095","targetHints":{"allow":["GET"]}}],"collection":[{"href":"https:\/\/www.die-stadtzeitung.de\/index.php\/wp-json\/wp\/v2\/posts"}],"about":[{"href":"https:\/\/www.die-stadtzeitung.de\/index.php\/wp-json\/wp\/v2\/types\/post"}],"author":[{"embeddable":true,"href":"https:\/\/www.die-stadtzeitung.de\/index.php\/wp-json\/wp\/v2\/users\/7"}],"replies":[{"embeddable":true,"href":"https:\/\/www.die-stadtzeitung.de\/index.php\/wp-json\/wp\/v2\/comments?post=72095"}],"version-history":[{"count":9,"href":"https:\/\/www.die-stadtzeitung.de\/index.php\/wp-json\/wp\/v2\/posts\/72095\/revisions"}],"predecessor-version":[{"id":72107,"href":"https:\/\/www.die-stadtzeitung.de\/index.php\/wp-json\/wp\/v2\/posts\/72095\/revisions\/72107"}],"wp:attachment":[{"href":"https:\/\/www.die-stadtzeitung.de\/index.php\/wp-json\/wp\/v2\/media?parent=72095"}],"wp:term":[{"taxonomy":"category","embeddable":true,"href":"https:\/\/www.die-stadtzeitung.de\/index.php\/wp-json\/wp\/v2\/categories?post=72095"},{"taxonomy":"post_tag","embeddable":true,"href":"https:\/\/www.die-stadtzeitung.de\/index.php\/wp-json\/wp\/v2\/tags?post=72095"}],"curies":[{"name":"wp","href":"https:\/\/api.w.org\/{rel}","templated":true}]}}